{"id":34275,"date":"2019-07-01T17:26:09","date_gmt":"2019-07-01T20:26:09","guid":{"rendered":"http:\/\/www.riogrande.rs.gov.br\/smed\/?p=34275"},"modified":"2019-07-01T17:26:09","modified_gmt":"2019-07-01T20:26:09","slug":"emef-sylvia-centeno-xavier-recebe-a-exposicao-fotografica-por-tras-daquele-rosto","status":"publish","type":"post","link":"https:\/\/www.riogrande.rs.gov.br\/smed\/?p=34275","title":{"rendered":"EMEF Sylvia Centeno Xavier recebe a exposi\u00e7\u00e3o fotogr\u00e1fica \u201cPor tr\u00e1s daquele rosto\u201d"},"content":{"rendered":"\n\t\t<style type=\"text\/css\">\n\t\t\t#gallery-1 {\n\t\t\t\tmargin: auto;\n\t\t\t}\n\t\t\t#gallery-1 .gallery-item {\n\t\t\t\tfloat: left;\n\t\t\t\tmargin-top: 10px;\n\t\t\t\ttext-align: center;\n\t\t\t\twidth: 33%;\n\t\t\t}\n\t\t\t#gallery-1 img {\n\t\t\t\tborder: 2px solid #cfcfcf;\n\t\t\t}\n\t\t\t#gallery-1 .gallery-caption {\n\t\t\t\tmargin-left: 0;\n\t\t\t}\n\t\t\t\/* see gallery_shortcode() in wp-includes\/media.php *\/\n\t\t<\/style>\n\t\t<div id='gallery-1' class='gallery galleryid-34275 gallery-columns-3 gallery-size-thumbnail'><dl class='gallery-item'>\n\t\t\t<dt class='gallery-icon landscape'>\n\t\t\t\t<a href='https:\/\/www.riogrande.rs.gov.br\/smed\/wp-content\/uploads\/2019\/07\/20190701-ped-sylvia-image1.jpg' rel=\"lightbox[34275]\"><img loading=\"lazy\" decoding=\"async\" width=\"150\" height=\"150\" src=\"https:\/\/www.riogrande.rs.gov.br\/smed\/wp-content\/uploads\/2019\/07\/20190701-ped-sylvia-image1-150x150.jpg\" class=\"attachment-thumbnail size-thumbnail\" alt=\"\" aria-describedby=\"gallery-1-34276\" \/><\/a>\n\t\t\t<\/dt>\n\t\t\t\t<dd class='wp-caption-text gallery-caption' id='gallery-1-34276'>\n\t\t\t\tDivulga\u00e7\u00e3o\n\t\t\t\t<\/dd><\/dl><dl class='gallery-item'>\n\t\t\t<dt class='gallery-icon landscape'>\n\t\t\t\t<a href='https:\/\/www.riogrande.rs.gov.br\/smed\/wp-content\/uploads\/2019\/07\/20190701-ped-sylvia-image2.jpg' rel=\"lightbox[34275]\"><img loading=\"lazy\" decoding=\"async\" width=\"150\" height=\"150\" src=\"https:\/\/www.riogrande.rs.gov.br\/smed\/wp-content\/uploads\/2019\/07\/20190701-ped-sylvia-image2-150x150.jpg\" class=\"attachment-thumbnail size-thumbnail\" alt=\"\" aria-describedby=\"gallery-1-34277\" \/><\/a>\n\t\t\t<\/dt>\n\t\t\t\t<dd class='wp-caption-text gallery-caption' id='gallery-1-34277'>\n\t\t\t\tDivulga\u00e7\u00e3o\n\t\t\t\t<\/dd><\/dl><dl class='gallery-item'>\n\t\t\t<dt class='gallery-icon landscape'>\n\t\t\t\t<a href='https:\/\/www.riogrande.rs.gov.br\/smed\/wp-content\/uploads\/2019\/07\/20190701-ped-sylvia-image3.jpg' rel=\"lightbox[34275]\"><img loading=\"lazy\" decoding=\"async\" width=\"150\" height=\"150\" src=\"https:\/\/www.riogrande.rs.gov.br\/smed\/wp-content\/uploads\/2019\/07\/20190701-ped-sylvia-image3-150x150.jpg\" class=\"attachment-thumbnail size-thumbnail\" alt=\"\" aria-describedby=\"gallery-1-34278\" \/><\/a>\n\t\t\t<\/dt>\n\t\t\t\t<dd class='wp-caption-text gallery-caption' id='gallery-1-34278'>\n\t\t\t\tDivulga\u00e7\u00e3o\n\t\t\t\t<\/dd><\/dl><br style=\"clear: both\" \/>\n\t\t<\/div>\n\n<p style=\"text-align: justify;\">A <strong>Escola Municipal de Ensino Fundamental<\/strong> <b>Sylvia Centeno Xavier<\/b>, localizada na Ilha dos Marinheiros, est\u00e1 recebendo a exposi\u00e7\u00e3o art\u00edstica do Projeto \u201c<b>Por tr\u00e1s daquele rosto<\/b>\u201d, mostra fotogr\u00e1fica que enfoca narrativas de mulheres com intuito de prevenir casos de viol\u00eancia dom\u00e9stica, al\u00e9m de resgatar e promover a autoestima feminina.<\/p>\n<p style=\"text-align: justify;\"><!--more--><\/p>\n<p style=\"text-align: justify;\">Em uma iniciativa das disciplinas de Hist\u00f3ria e Portugu\u00eas, os(as) alunos(as) do 8\u00b0 e do 9\u00b0 ano est\u00e3o participando de uma atividade de releitura dessa linda exposi\u00e7\u00e3o, a convite da Secretaria de Munic\u00edpio da Educa\u00e7\u00e3o de Rio Grande (SMEd). Neste trabalho, os(as) estudantes ir\u00e3o entrevistar mulheres da comunidade local e fotograf\u00e1-las, a fim de contar um pouco da trajet\u00f3ria de vida de cada uma, a partir da narrativa oral e, dessa forma, homenage\u00e1-las.<\/p>\n<p>&nbsp;<\/p>\n<p style=\"text-align: right;\"><em>SMEd<\/em><br \/>\n<em>Roberton Reis<\/em><br \/>\n<em>Com informa\u00e7\u00f5es da EMEF Sylvia Centeno Xavier<\/em><\/p>\n","protected":false},"excerpt":{"rendered":"<p>A Escola Municipal de Ensino Fundamental Sylvia Centeno Xavier, localizada na Ilha dos Marinheiros, est\u00e1 recebendo a exposi\u00e7\u00e3o art\u00edstica do Projeto \u201cPor tr\u00e1s daquele rosto\u201d, mostra fotogr\u00e1fica que enfoca narrativas de mulheres com intuito de prevenir casos de viol\u00eancia dom\u00e9stica, al\u00e9m de resgatar e promover a autoestima feminina.<\/p>\n","protected":false},"author":7,"featured_media":0,"comment_status":"closed","ping_status":"closed","sticky":false,"template":"","format":"standard","meta":{"footnotes":""},"categories":[1,13],"tags":[],"class_list":["post-34275","post","type-post","status-publish","format-standard","hentry","category-noticias","category-pedagogico"],"_links":{"self":[{"href":"https:\/\/www.riogrande.rs.gov.br\/smed\/index.php?rest_route=\/wp\/v2\/posts\/34275"}],"collection":[{"href":"https:\/\/www.riogrande.rs.gov.br\/smed\/index.php?rest_route=\/wp\/v2\/posts"}],"about":[{"href":"https:\/\/www.riogrande.rs.gov.br\/smed\/index.php?rest_route=\/wp\/v2\/types\/post"}],"author":[{"embeddable":true,"href":"https:\/\/www.riogrande.rs.gov.br\/smed\/index.php?rest_route=\/wp\/v2\/users\/7"}],"replies":[{"embeddable":true,"href":"https:\/\/www.riogrande.rs.gov.br\/smed\/index.php?rest_route=%2Fwp%2Fv2%2Fcomments&post=34275"}],"version-history":[{"count":1,"href":"https:\/\/www.riogrande.rs.gov.br\/smed\/index.php?rest_route=\/wp\/v2\/posts\/34275\/revisions"}],"predecessor-version":[{"id":34279,"href":"https:\/\/www.riogrande.rs.gov.br\/smed\/index.php?rest_route=\/wp\/v2\/posts\/34275\/revisions\/34279"}],"wp:attachment":[{"href":"https:\/\/www.riogrande.rs.gov.br\/smed\/index.php?rest_route=%2Fwp%2Fv2%2Fmedia&parent=34275"}],"wp:term":[{"taxonomy":"category","embeddable":true,"href":"https:\/\/www.riogrande.rs.gov.br\/smed\/index.php?rest_route=%2Fwp%2Fv2%2Fcategories&post=34275"},{"taxonomy":"post_tag","embeddable":true,"href":"https:\/\/www.riogrande.rs.gov.br\/smed\/index.php?rest_route=%2Fwp%2Fv2%2Ftags&post=34275"}],"curies":[{"name":"wp","href":"https:\/\/api.w.org\/{rel}","templated":true}]}}