{"id":34271,"date":"2019-07-01T17:15:25","date_gmt":"2019-07-01T20:15:25","guid":{"rendered":"http:\/\/www.riogrande.rs.gov.br\/smed\/?p=34271"},"modified":"2019-07-01T17:15:25","modified_gmt":"2019-07-01T20:15:25","slug":"smed-da-inicio-ao-7o-seminario-municipal-de-diversidade-e-inclusao-nesta-segunda-feira-dia-1o","status":"publish","type":"post","link":"https:\/\/www.riogrande.rs.gov.br\/smed\/?p=34271","title":{"rendered":"SMEd d\u00e1 in\u00edcio ao \u201c7\u00ba Semin\u00e1rio Municipal de Diversidade e Inclus\u00e3o\u201d nesta segunda-feira, dia 1\u00ba"},"content":{"rendered":"<div id=\"attachment_34230\" style=\"width: 495px\" class=\"wp-caption aligncenter\"><a href=\"http:\/\/www.riogrande.rs.gov.br\/smed\/wp-content\/uploads\/2019\/06\/20190628-ped-diversidade-image1.jpg\" rel=\"lightbox[34271]\"><img loading=\"lazy\" decoding=\"async\" aria-describedby=\"caption-attachment-34230\" class=\"size-medium wp-image-34230\" src=\"http:\/\/www.riogrande.rs.gov.br\/smed\/wp-content\/uploads\/2019\/06\/20190628-ped-diversidade-image1-485x343.jpg\" alt=\"\" width=\"485\" height=\"343\" srcset=\"https:\/\/www.riogrande.rs.gov.br\/smed\/wp-content\/uploads\/2019\/06\/20190628-ped-diversidade-image1-485x343.jpg 485w, https:\/\/www.riogrande.rs.gov.br\/smed\/wp-content\/uploads\/2019\/06\/20190628-ped-diversidade-image1-768x543.jpg 768w, https:\/\/www.riogrande.rs.gov.br\/smed\/wp-content\/uploads\/2019\/06\/20190628-ped-diversidade-image1-293x207.jpg 293w, https:\/\/www.riogrande.rs.gov.br\/smed\/wp-content\/uploads\/2019\/06\/20190628-ped-diversidade-image1.jpg 800w\" sizes=\"(max-width: 485px) 100vw, 485px\" \/><\/a><p id=\"caption-attachment-34230\" class=\"wp-caption-text\">Divulga\u00e7\u00e3o<\/p><\/div>\n<p style=\"text-align: justify;\">A Secretaria de Munic\u00edpio da Educa\u00e7\u00e3o de Rio Grande (SMEd), atrav\u00e9s do N\u00facleo de Diversidade e Inclus\u00e3o, nesta segunda e ter\u00e7a-feira, dias <b>1\u00ba e 02 de julho<\/b>, a partir das <b>18h<\/b>, promove no Centro Integrado de Desenvolvimento Costeiro e Oce\u00e2nico (CIDEC-SUL) da Universidade Federal do Rio Grande (FURG) a 7\u00aa edi\u00e7\u00e3o do <b>Semin\u00e1rio Municipal de Diversidade e Inclus\u00e3o<\/b>.<\/p>\n<p><!--more--><\/p>\n<p style=\"text-align: justify;\">O 7\u00ba Semin\u00e1rio Municipal de Diversidade e Inclus\u00e3o integra a programa\u00e7\u00e3o dos \u201c<b>50 anos da SMEd<\/b>\u201d e abra\u00e7a a tem\u00e1tica anual norteadora das a\u00e7\u00f5es pedag\u00f3gicas da Secretaria, \u201d<b>Navegar \u00e9 preciso!<\/b>\u201d,\u00a0 atrav\u00e9s do tema: \u201c<b>Navegando por rotas desafiadoras das estrat\u00e9gias inclusivas<\/b>\u201c. O principal objetivo do Evento \u00e9 oportunizar reflex\u00f5es e di\u00e1logos acerca dos desafios atuais enfrentados pela escola, frente \u00e0 diversidade que se apresenta e as estrat\u00e9gias necess\u00e1rias \u00e0 Inclus\u00e3o.<\/p>\n<p style=\"text-align: justify;\">Acesse <a href=\"http:\/\/www.riogrande.rs.gov.br\/smed\/wp-content\/uploads\/2019\/06\/20190614-ped-folder-folder.jpg\" target=\"_blank\" rel=\"noopener noreferrer\" rel=\"lightbox[34271]\"><b>aqui<\/b><\/a> o Cronograma do 7\u00ba Semin\u00e1rio Municipal de Diversidade e Inclus\u00e3o. Embarque nesta \u201cviagem\u201d, pois \u201cNavegar \u00e9 preciso!\u201d.<\/p>\n<p style=\"text-align: justify;\">Servi\u00e7o:\u00a0 <b>7\u00ba Semin\u00e1rio Municipal de Diversidade e Inclus\u00e3o<\/b><br \/>\nDias: <b>1\u00ba e 02 de julho<\/b><br \/>\nHor\u00e1rio: <b>18h<\/b><br \/>\nLocal: <b>CIDEC-Sul da FURG<\/b><\/p>\n<p>&nbsp;<\/p>\n<p style=\"text-align: right;\"><em>SMEd<\/em><br \/>\n<em>Roberton Reis<\/em><br \/>\n<em>Com informa\u00e7\u00f5es do N\u00facleo de Diversidade e Inclus\u00e3o<\/em><\/p>\n<p>&nbsp;<\/p>\n","protected":false},"excerpt":{"rendered":"<p>A Secretaria de Munic\u00edpio da Educa\u00e7\u00e3o de Rio Grande (SMEd), atrav\u00e9s do N\u00facleo de Diversidade e Inclus\u00e3o, nesta segunda e ter\u00e7a-feira, dias 1\u00ba e 02 de julho, a partir das 18h, promove no Centro Integrado de Desenvolvimento Costeiro e Oce\u00e2nico (CIDEC-SUL) da Universidade Federal do Rio Grande (FURG) a 7\u00aa edi\u00e7\u00e3o do Semin\u00e1rio Municipal de [&hellip;]<\/p>\n","protected":false},"author":7,"featured_media":0,"comment_status":"closed","ping_status":"closed","sticky":false,"template":"","format":"standard","meta":{"footnotes":""},"categories":[1,13],"tags":[],"class_list":["post-34271","post","type-post","status-publish","format-standard","hentry","category-noticias","category-pedagogico"],"_links":{"self":[{"href":"https:\/\/www.riogrande.rs.gov.br\/smed\/index.php?rest_route=\/wp\/v2\/posts\/34271"}],"collection":[{"href":"https:\/\/www.riogrande.rs.gov.br\/smed\/index.php?rest_route=\/wp\/v2\/posts"}],"about":[{"href":"https:\/\/www.riogrande.rs.gov.br\/smed\/index.php?rest_route=\/wp\/v2\/types\/post"}],"author":[{"embeddable":true,"href":"https:\/\/www.riogrande.rs.gov.br\/smed\/index.php?rest_route=\/wp\/v2\/users\/7"}],"replies":[{"embeddable":true,"href":"https:\/\/www.riogrande.rs.gov.br\/smed\/index.php?rest_route=%2Fwp%2Fv2%2Fcomments&post=34271"}],"version-history":[{"count":1,"href":"https:\/\/www.riogrande.rs.gov.br\/smed\/index.php?rest_route=\/wp\/v2\/posts\/34271\/revisions"}],"predecessor-version":[{"id":34272,"href":"https:\/\/www.riogrande.rs.gov.br\/smed\/index.php?rest_route=\/wp\/v2\/posts\/34271\/revisions\/34272"}],"wp:attachment":[{"href":"https:\/\/www.riogrande.rs.gov.br\/smed\/index.php?rest_route=%2Fwp%2Fv2%2Fmedia&parent=34271"}],"wp:term":[{"taxonomy":"category","embeddable":true,"href":"https:\/\/www.riogrande.rs.gov.br\/smed\/index.php?rest_route=%2Fwp%2Fv2%2Fcategories&post=34271"},{"taxonomy":"post_tag","embeddable":true,"href":"https:\/\/www.riogrande.rs.gov.br\/smed\/index.php?rest_route=%2Fwp%2Fv2%2Ftags&post=34271"}],"curies":[{"name":"wp","href":"https:\/\/api.w.org\/{rel}","templated":true}]}}