{"id":34250,"date":"2019-06-28T15:00:54","date_gmt":"2019-06-28T18:00:54","guid":{"rendered":"http:\/\/www.riogrande.rs.gov.br\/smed\/?p=34250"},"modified":"2019-06-28T15:00:54","modified_gmt":"2019-06-28T18:00:54","slug":"alunosas-da-ebahl-apresentaram-a-peca-teatral-bailei-na-curva-no-projeto-cidec-cultural","status":"publish","type":"post","link":"https:\/\/www.riogrande.rs.gov.br\/smed\/?p=34250","title":{"rendered":"Alunos(as) da EBAHL apresentaram a pe\u00e7a teatral \u201cBailei na Curva\u201d no Projeto Cidec Cultural"},"content":{"rendered":"<p style=\"text-align: justify;\"><span style=\"font-weight: 400;\">Resultado de uma parceria entre a <strong>Escola de Belas Artes Heitor de Lemos<\/strong> (EBAHL) e a Universidade Federal do Rio Grande (FURG), por meio da Diretoria de Arte e Cultura, na noite da \u00faltima segunda-feira, dia <\/span><b>24 de junho<\/b><span style=\"font-weight: 400;\">, foi realizado, no Cidec-Sul (Campus Carreiros), dentro das a\u00e7\u00f5es promovidas pelo Projeto Cidec Cultural, o espet\u00e1culo \u201c<\/span><b>Bailei na Curva<\/b><span style=\"font-weight: 400;\">\u201d, cujo texto e montagem originais da pe\u00e7a s\u00e3o de J\u00falio Comte e do Grupo Do Jeito Que D\u00e1. A remotagem foi apresentada por alunos(as) do segundo ano do Curso de Teatro da Escola de Belas Artes. A apresenta\u00e7\u00e3o fez parte das comemora\u00e7\u00f5es dos 50 anos da FURG.<\/span><\/p>\n<p>&nbsp;<\/p>\n<p style=\"text-align: right;\"><em><span style=\"font-weight: 400;\">SMEd<\/span><\/em><br \/>\n<em><span style=\"font-weight: 400;\">Roberton Reis<\/span><\/em><br \/>\n<em><span style=\"font-weight: 400;\">Com informa\u00e7\u00f5es da FURG<\/span><\/em><\/p>\n","protected":false},"excerpt":{"rendered":"<p>Resultado de uma parceria entre a Escola de Belas Artes Heitor de Lemos (EBAHL) e a Universidade Federal do Rio Grande (FURG), por meio da Diretoria de Arte e Cultura, na noite da \u00faltima segunda-feira, dia 24 de junho, foi realizado, no Cidec-Sul (Campus Carreiros), dentro das a\u00e7\u00f5es promovidas pelo Projeto Cidec Cultural, o espet\u00e1culo [&hellip;]<\/p>\n","protected":false},"author":7,"featured_media":0,"comment_status":"closed","ping_status":"closed","sticky":false,"template":"","format":"standard","meta":{"footnotes":""},"categories":[1,13],"tags":[],"class_list":["post-34250","post","type-post","status-publish","format-standard","hentry","category-noticias","category-pedagogico"],"_links":{"self":[{"href":"https:\/\/www.riogrande.rs.gov.br\/smed\/index.php?rest_route=\/wp\/v2\/posts\/34250"}],"collection":[{"href":"https:\/\/www.riogrande.rs.gov.br\/smed\/index.php?rest_route=\/wp\/v2\/posts"}],"about":[{"href":"https:\/\/www.riogrande.rs.gov.br\/smed\/index.php?rest_route=\/wp\/v2\/types\/post"}],"author":[{"embeddable":true,"href":"https:\/\/www.riogrande.rs.gov.br\/smed\/index.php?rest_route=\/wp\/v2\/users\/7"}],"replies":[{"embeddable":true,"href":"https:\/\/www.riogrande.rs.gov.br\/smed\/index.php?rest_route=%2Fwp%2Fv2%2Fcomments&post=34250"}],"version-history":[{"count":1,"href":"https:\/\/www.riogrande.rs.gov.br\/smed\/index.php?rest_route=\/wp\/v2\/posts\/34250\/revisions"}],"predecessor-version":[{"id":34251,"href":"https:\/\/www.riogrande.rs.gov.br\/smed\/index.php?rest_route=\/wp\/v2\/posts\/34250\/revisions\/34251"}],"wp:attachment":[{"href":"https:\/\/www.riogrande.rs.gov.br\/smed\/index.php?rest_route=%2Fwp%2Fv2%2Fmedia&parent=34250"}],"wp:term":[{"taxonomy":"category","embeddable":true,"href":"https:\/\/www.riogrande.rs.gov.br\/smed\/index.php?rest_route=%2Fwp%2Fv2%2Fcategories&post=34250"},{"taxonomy":"post_tag","embeddable":true,"href":"https:\/\/www.riogrande.rs.gov.br\/smed\/index.php?rest_route=%2Fwp%2Fv2%2Ftags&post=34250"}],"curies":[{"name":"wp","href":"https:\/\/api.w.org\/{rel}","templated":true}]}}