{"id":34234,"date":"2019-06-28T14:25:23","date_gmt":"2019-06-28T17:25:23","guid":{"rendered":"http:\/\/www.riogrande.rs.gov.br\/smed\/?p=34234"},"modified":"2019-06-28T14:25:23","modified_gmt":"2019-06-28T17:25:23","slug":"smed-promove-encontros-do-processo-formativo-professoresas-alfabetizadoresas-nos-dias-02-e-04","status":"publish","type":"post","link":"https:\/\/www.riogrande.rs.gov.br\/smed\/?p=34234","title":{"rendered":"SMEd promove Encontros do \u201cProcesso Formativo Professores(as) Alfabetizadores(as)\u201d nos dias 02 e 04"},"content":{"rendered":"<p style=\"text-align: justify;\"><span style=\"font-weight: 400;\">A Secretaria de Munic\u00edpio da Educa\u00e7\u00e3o de Rio Grande (SMEd), atrav\u00e9s do N\u00facleo dos Anos Iniciais do Ensino Fundamental, informa aos(\u00e0s) profissionais da educa\u00e7\u00e3o <\/span><b>inscritos<\/b><span style=\"font-weight: 400;\"> no <\/span><b>Processo Formativo<\/b><span style=\"font-weight: 400;\"> voltado aos(\u00e0s) professores(as) do 1\u00ba, 2\u00ba e 3\u00ba Anos do Ensino Fundamental da rede p\u00fablica municipal, que os encontros formativos do m\u00eas de <\/span><b>julho <\/b><span style=\"font-weight: 400;\">acontecer\u00e3o nos dias <\/span><b>02<\/b><span style=\"font-weight: 400;\"> (ter\u00e7a-feira), \u00e0s <\/span><b>8h30min<\/b><span style=\"font-weight: 400;\">, na <\/span><b>EMEF Cipriano Porto Alegre<\/b><span style=\"font-weight: 400;\">; e <\/span><b>04<\/b><span style=\"font-weight: 400;\"> (quinta-feira), \u00e0s <\/span><b>13h30min<\/b><span style=\"font-weight: 400;\">, na <\/span><b>Unicesumar<\/b><span style=\"font-weight: 400;\">.<\/span><\/p>\n<p style=\"text-align: justify;\"><!--more--><\/p>\n<p style=\"text-align: justify;\"><span style=\"font-weight: 400;\">Este processo formativo, que ocorre atrav\u00e9s da parceria entre o Laborat\u00f3rio de Alfabetiza\u00e7\u00e3o e Pr\u00e1ticas de Incentivo \u00e0 Leitura (Lapil), do Instituto de Educa\u00e7\u00e3o (IE) da FURG e a Secretaria de Munic\u00edpio da Educa\u00e7\u00e3o (SMEd), tem por prop\u00f3sito o relato e a socializa\u00e7\u00e3o das pr\u00e1ticas alfabetizadoras, como estrat\u00e9gia de forma\u00e7\u00e3o continuada e de valoriza\u00e7\u00e3o das a\u00e7\u00f5es desenvolvidas nas salas de aula de cada professora.<\/span><\/p>\n<p style=\"text-align: justify;\"><span style=\"font-weight: 400;\">O projeto \u00e9 coordenado pelas professoras Silvana Maria Bell\u00e9 Zasso (IE) e Juliane Alves (SMEd), e conta ainda com a colabora\u00e7\u00e3o das professoras que comp\u00f5em o N\u00facleo dos Anos Iniciais da SMEd e com as professoras Paula Pires da Silva e Carmen Regina Ferreira Gon\u00e7alves.<\/span><\/p>\n<p style=\"text-align: justify;\"><span style=\"font-weight: 400;\">Servi\u00e7o: <\/span><b>Processo Formativo Professores(as) Alfabetizadores(as)<\/b><br \/>\n<span style=\"font-weight: 400;\">Dias: <\/span><b>02<\/b><span style=\"font-weight: 400;\"> (ter\u00e7a-feira) e <\/span><b>04 de julho<\/b><span style=\"font-weight: 400;\"> (quinta-feira)<\/span><br \/>\n<span style=\"font-weight: 400;\">Hor\u00e1rios: <\/span><b>8h30min <\/b><span style=\"font-weight: 400;\">e<\/span><b> 13h30min<\/b><span style=\"font-weight: 400;\">, respectivamente<\/span><br \/>\n<span style=\"font-weight: 400;\">Local: <\/span><b>EMEF Cipriano Porto Alegre<\/b><span style=\"font-weight: 400;\"> e <\/span><b>Unicesumar<\/b><span style=\"font-weight: 400;\">, respectivamente<\/span><\/p>\n<p>&nbsp;<\/p>\n<p style=\"text-align: right;\"><em><span style=\"font-weight: 400;\">SMEd<\/span><\/em><br \/>\n<em><span style=\"font-weight: 400;\">Roberton Reis<\/span><\/em><br \/>\n<em><span style=\"font-weight: 400;\">Com informa\u00e7\u00f5es do N\u00facleo dos Anos Iniciais<\/span><\/em><\/p>\n","protected":false},"excerpt":{"rendered":"<p>A Secretaria de Munic\u00edpio da Educa\u00e7\u00e3o de Rio Grande (SMEd), atrav\u00e9s do N\u00facleo dos Anos Iniciais do Ensino Fundamental, informa aos(\u00e0s) profissionais da educa\u00e7\u00e3o inscritos no Processo Formativo voltado aos(\u00e0s) professores(as) do 1\u00ba, 2\u00ba e 3\u00ba Anos do Ensino Fundamental da rede p\u00fablica municipal, que os encontros formativos do m\u00eas de julho acontecer\u00e3o nos dias [&hellip;]<\/p>\n","protected":false},"author":7,"featured_media":0,"comment_status":"closed","ping_status":"closed","sticky":false,"template":"","format":"standard","meta":{"footnotes":""},"categories":[1,13],"tags":[],"class_list":["post-34234","post","type-post","status-publish","format-standard","hentry","category-noticias","category-pedagogico"],"_links":{"self":[{"href":"https:\/\/www.riogrande.rs.gov.br\/smed\/index.php?rest_route=\/wp\/v2\/posts\/34234"}],"collection":[{"href":"https:\/\/www.riogrande.rs.gov.br\/smed\/index.php?rest_route=\/wp\/v2\/posts"}],"about":[{"href":"https:\/\/www.riogrande.rs.gov.br\/smed\/index.php?rest_route=\/wp\/v2\/types\/post"}],"author":[{"embeddable":true,"href":"https:\/\/www.riogrande.rs.gov.br\/smed\/index.php?rest_route=\/wp\/v2\/users\/7"}],"replies":[{"embeddable":true,"href":"https:\/\/www.riogrande.rs.gov.br\/smed\/index.php?rest_route=%2Fwp%2Fv2%2Fcomments&post=34234"}],"version-history":[{"count":1,"href":"https:\/\/www.riogrande.rs.gov.br\/smed\/index.php?rest_route=\/wp\/v2\/posts\/34234\/revisions"}],"predecessor-version":[{"id":34235,"href":"https:\/\/www.riogrande.rs.gov.br\/smed\/index.php?rest_route=\/wp\/v2\/posts\/34234\/revisions\/34235"}],"wp:attachment":[{"href":"https:\/\/www.riogrande.rs.gov.br\/smed\/index.php?rest_route=%2Fwp%2Fv2%2Fmedia&parent=34234"}],"wp:term":[{"taxonomy":"category","embeddable":true,"href":"https:\/\/www.riogrande.rs.gov.br\/smed\/index.php?rest_route=%2Fwp%2Fv2%2Fcategories&post=34234"},{"taxonomy":"post_tag","embeddable":true,"href":"https:\/\/www.riogrande.rs.gov.br\/smed\/index.php?rest_route=%2Fwp%2Fv2%2Ftags&post=34234"}],"curies":[{"name":"wp","href":"https:\/\/api.w.org\/{rel}","templated":true}]}}