{"id":34204,"date":"2019-06-27T14:54:43","date_gmt":"2019-06-27T17:54:43","guid":{"rendered":"http:\/\/www.riogrande.rs.gov.br\/smed\/?p=34204"},"modified":"2019-06-27T15:11:11","modified_gmt":"2019-06-27T18:11:11","slug":"emie-ney-amado-costa-esta-em-novo-endereco","status":"publish","type":"post","link":"https:\/\/www.riogrande.rs.gov.br\/smed\/?p=34204","title":{"rendered":"EMIE Ney Amado Costa est\u00e1 em novo endere\u00e7o"},"content":{"rendered":"\n\t\t<style type=\"text\/css\">\n\t\t\t#gallery-1 {\n\t\t\t\tmargin: auto;\n\t\t\t}\n\t\t\t#gallery-1 .gallery-item {\n\t\t\t\tfloat: left;\n\t\t\t\tmargin-top: 10px;\n\t\t\t\ttext-align: center;\n\t\t\t\twidth: 33%;\n\t\t\t}\n\t\t\t#gallery-1 img {\n\t\t\t\tborder: 2px solid #cfcfcf;\n\t\t\t}\n\t\t\t#gallery-1 .gallery-caption {\n\t\t\t\tmargin-left: 0;\n\t\t\t}\n\t\t\t\/* see gallery_shortcode() in wp-includes\/media.php *\/\n\t\t<\/style>\n\t\t<div id='gallery-1' class='gallery galleryid-34204 gallery-columns-3 gallery-size-thumbnail'><dl class='gallery-item'>\n\t\t\t<dt class='gallery-icon landscape'>\n\t\t\t\t<a href='https:\/\/www.riogrande.rs.gov.br\/smed\/wp-content\/uploads\/2019\/06\/20190627-ped-amado-image6.jpg' rel=\"lightbox[34204]\"><img loading=\"lazy\" decoding=\"async\" width=\"150\" height=\"150\" src=\"https:\/\/www.riogrande.rs.gov.br\/smed\/wp-content\/uploads\/2019\/06\/20190627-ped-amado-image6-150x150.jpg\" class=\"attachment-thumbnail size-thumbnail\" alt=\"\" aria-describedby=\"gallery-1-34210\" \/><\/a>\n\t\t\t<\/dt>\n\t\t\t\t<dd class='wp-caption-text gallery-caption' id='gallery-1-34210'>\n\t\t\t\tCr\u00e9dito: Leandro Ferreira\n\t\t\t\t<\/dd><\/dl><dl class='gallery-item'>\n\t\t\t<dt class='gallery-icon landscape'>\n\t\t\t\t<a href='https:\/\/www.riogrande.rs.gov.br\/smed\/wp-content\/uploads\/2019\/06\/20190627-ped-amado-image4.jpg' rel=\"lightbox[34204]\"><img loading=\"lazy\" decoding=\"async\" width=\"150\" height=\"150\" src=\"https:\/\/www.riogrande.rs.gov.br\/smed\/wp-content\/uploads\/2019\/06\/20190627-ped-amado-image4-150x150.jpg\" class=\"attachment-thumbnail size-thumbnail\" alt=\"\" aria-describedby=\"gallery-1-34208\" \/><\/a>\n\t\t\t<\/dt>\n\t\t\t\t<dd class='wp-caption-text gallery-caption' id='gallery-1-34208'>\n\t\t\t\tCr\u00e9dito: Leandro Ferreira\n\t\t\t\t<\/dd><\/dl><dl class='gallery-item'>\n\t\t\t<dt class='gallery-icon landscape'>\n\t\t\t\t<a href='https:\/\/www.riogrande.rs.gov.br\/smed\/wp-content\/uploads\/2019\/06\/20190627-ped-amado-image10.jpg' rel=\"lightbox[34204]\"><img loading=\"lazy\" decoding=\"async\" width=\"150\" height=\"150\" src=\"https:\/\/www.riogrande.rs.gov.br\/smed\/wp-content\/uploads\/2019\/06\/20190627-ped-amado-image10-150x150.jpg\" class=\"attachment-thumbnail size-thumbnail\" alt=\"\" aria-describedby=\"gallery-1-34214\" \/><\/a>\n\t\t\t<\/dt>\n\t\t\t\t<dd class='wp-caption-text gallery-caption' id='gallery-1-34214'>\n\t\t\t\tCr\u00e9dito: Leandro Ferreira\n\t\t\t\t<\/dd><\/dl><br style=\"clear: both\" \/><dl class='gallery-item'>\n\t\t\t<dt class='gallery-icon portrait'>\n\t\t\t\t<a href='https:\/\/www.riogrande.rs.gov.br\/smed\/wp-content\/uploads\/2019\/06\/20190627-ped-amado-image10-1-e1561658732313.jpg' rel=\"lightbox[34204]\"><img loading=\"lazy\" decoding=\"async\" width=\"150\" height=\"150\" src=\"https:\/\/www.riogrande.rs.gov.br\/smed\/wp-content\/uploads\/2019\/06\/20190627-ped-amado-image10-1-e1561658732313-150x150.jpg\" class=\"attachment-thumbnail size-thumbnail\" alt=\"\" aria-describedby=\"gallery-1-34219\" \/><\/a>\n\t\t\t<\/dt>\n\t\t\t\t<dd class='wp-caption-text gallery-caption' id='gallery-1-34219'>\n\t\t\t\tCr\u00e9dito: Leandro Ferreira\n\t\t\t\t<\/dd><\/dl><dl class='gallery-item'>\n\t\t\t<dt class='gallery-icon landscape'>\n\t\t\t\t<a href='https:\/\/www.riogrande.rs.gov.br\/smed\/wp-content\/uploads\/2019\/06\/20190627-ped-amado-image1.jpg' rel=\"lightbox[34204]\"><img loading=\"lazy\" decoding=\"async\" width=\"150\" height=\"150\" src=\"https:\/\/www.riogrande.rs.gov.br\/smed\/wp-content\/uploads\/2019\/06\/20190627-ped-amado-image1-150x150.jpg\" class=\"attachment-thumbnail size-thumbnail\" alt=\"\" aria-describedby=\"gallery-1-34205\" \/><\/a>\n\t\t\t<\/dt>\n\t\t\t\t<dd class='wp-caption-text gallery-caption' id='gallery-1-34205'>\n\t\t\t\tCr\u00e9dito: Leandro Ferreira\n\t\t\t\t<\/dd><\/dl><dl class='gallery-item'>\n\t\t\t<dt class='gallery-icon landscape'>\n\t\t\t\t<a href='https:\/\/www.riogrande.rs.gov.br\/smed\/wp-content\/uploads\/2019\/06\/20190627-ped-amado-image11.jpg' rel=\"lightbox[34204]\"><img loading=\"lazy\" decoding=\"async\" width=\"150\" height=\"150\" src=\"https:\/\/www.riogrande.rs.gov.br\/smed\/wp-content\/uploads\/2019\/06\/20190627-ped-amado-image11-150x150.jpg\" class=\"attachment-thumbnail size-thumbnail\" alt=\"\" aria-describedby=\"gallery-1-34215\" \/><\/a>\n\t\t\t<\/dt>\n\t\t\t\t<dd class='wp-caption-text gallery-caption' id='gallery-1-34215'>\n\t\t\t\tCr\u00e9dito: Leandro Ferreira\n\t\t\t\t<\/dd><\/dl><br style=\"clear: both\" \/><dl class='gallery-item'>\n\t\t\t<dt class='gallery-icon landscape'>\n\t\t\t\t<a href='https:\/\/www.riogrande.rs.gov.br\/smed\/wp-content\/uploads\/2019\/06\/20190627-ped-amado-image2.jpg' rel=\"lightbox[34204]\"><img loading=\"lazy\" decoding=\"async\" width=\"150\" height=\"150\" src=\"https:\/\/www.riogrande.rs.gov.br\/smed\/wp-content\/uploads\/2019\/06\/20190627-ped-amado-image2-150x150.jpg\" class=\"attachment-thumbnail size-thumbnail\" alt=\"\" aria-describedby=\"gallery-1-34206\" \/><\/a>\n\t\t\t<\/dt>\n\t\t\t\t<dd class='wp-caption-text gallery-caption' id='gallery-1-34206'>\n\t\t\t\tCr\u00e9dito: Leandro Ferreira\n\t\t\t\t<\/dd><\/dl><dl class='gallery-item'>\n\t\t\t<dt class='gallery-icon landscape'>\n\t\t\t\t<a href='https:\/\/www.riogrande.rs.gov.br\/smed\/wp-content\/uploads\/2019\/06\/20190627-ped-amado-image3.jpg' rel=\"lightbox[34204]\"><img loading=\"lazy\" decoding=\"async\" width=\"150\" height=\"150\" src=\"https:\/\/www.riogrande.rs.gov.br\/smed\/wp-content\/uploads\/2019\/06\/20190627-ped-amado-image3-150x150.jpg\" class=\"attachment-thumbnail size-thumbnail\" alt=\"\" aria-describedby=\"gallery-1-34207\" \/><\/a>\n\t\t\t<\/dt>\n\t\t\t\t<dd class='wp-caption-text gallery-caption' id='gallery-1-34207'>\n\t\t\t\tCr\u00e9dito: Leandro Ferreira\n\t\t\t\t<\/dd><\/dl><dl class='gallery-item'>\n\t\t\t<dt class='gallery-icon landscape'>\n\t\t\t\t<a href='https:\/\/www.riogrande.rs.gov.br\/smed\/wp-content\/uploads\/2019\/06\/20190627-ped-amado-image5.jpg' rel=\"lightbox[34204]\"><img loading=\"lazy\" decoding=\"async\" width=\"150\" height=\"150\" src=\"https:\/\/www.riogrande.rs.gov.br\/smed\/wp-content\/uploads\/2019\/06\/20190627-ped-amado-image5-150x150.jpg\" class=\"attachment-thumbnail size-thumbnail\" alt=\"\" aria-describedby=\"gallery-1-34209\" \/><\/a>\n\t\t\t<\/dt>\n\t\t\t\t<dd class='wp-caption-text gallery-caption' id='gallery-1-34209'>\n\t\t\t\tCr\u00e9dito: Leandro Ferreira\n\t\t\t\t<\/dd><\/dl><br style=\"clear: both\" \/><dl class='gallery-item'>\n\t\t\t<dt class='gallery-icon landscape'>\n\t\t\t\t<a href='https:\/\/www.riogrande.rs.gov.br\/smed\/wp-content\/uploads\/2019\/06\/20190627-ped-amado-image7.jpg' rel=\"lightbox[34204]\"><img loading=\"lazy\" decoding=\"async\" width=\"150\" height=\"150\" src=\"https:\/\/www.riogrande.rs.gov.br\/smed\/wp-content\/uploads\/2019\/06\/20190627-ped-amado-image7-150x150.jpg\" class=\"attachment-thumbnail size-thumbnail\" alt=\"\" aria-describedby=\"gallery-1-34211\" \/><\/a>\n\t\t\t<\/dt>\n\t\t\t\t<dd class='wp-caption-text gallery-caption' id='gallery-1-34211'>\n\t\t\t\tCr\u00e9dito: Leandro Ferreira\n\t\t\t\t<\/dd><\/dl><dl class='gallery-item'>\n\t\t\t<dt class='gallery-icon landscape'>\n\t\t\t\t<a href='https:\/\/www.riogrande.rs.gov.br\/smed\/wp-content\/uploads\/2019\/06\/20190627-ped-amado-image8.jpg' rel=\"lightbox[34204]\"><img loading=\"lazy\" decoding=\"async\" width=\"150\" height=\"150\" src=\"https:\/\/www.riogrande.rs.gov.br\/smed\/wp-content\/uploads\/2019\/06\/20190627-ped-amado-image8-150x150.jpg\" class=\"attachment-thumbnail size-thumbnail\" alt=\"\" aria-describedby=\"gallery-1-34212\" \/><\/a>\n\t\t\t<\/dt>\n\t\t\t\t<dd class='wp-caption-text gallery-caption' id='gallery-1-34212'>\n\t\t\t\tCr\u00e9dito: Leandro Ferreira\n\t\t\t\t<\/dd><\/dl><dl class='gallery-item'>\n\t\t\t<dt class='gallery-icon landscape'>\n\t\t\t\t<a href='https:\/\/www.riogrande.rs.gov.br\/smed\/wp-content\/uploads\/2019\/06\/20190627-ped-amado-image12.jpg' rel=\"lightbox[34204]\"><img loading=\"lazy\" decoding=\"async\" width=\"150\" height=\"150\" src=\"https:\/\/www.riogrande.rs.gov.br\/smed\/wp-content\/uploads\/2019\/06\/20190627-ped-amado-image12-150x150.jpg\" class=\"attachment-thumbnail size-thumbnail\" alt=\"\" aria-describedby=\"gallery-1-34216\" \/><\/a>\n\t\t\t<\/dt>\n\t\t\t\t<dd class='wp-caption-text gallery-caption' id='gallery-1-34216'>\n\t\t\t\tCr\u00e9dito: Leandro Ferreira\n\t\t\t\t<\/dd><\/dl><br style=\"clear: both\" \/>\n\t\t<\/div>\n\n<p style=\"text-align: justify;\"><span style=\"font-weight: 400;\">H\u00e1 pouco mais de dois meses, a <strong>Escola Municipal de Inicia\u00e7\u00e3o Esportiva Ney Amado Costa<\/strong> est\u00e1 funcionando em novo endere\u00e7o: rua Marechal Floriano Peixoto, n\u00ba. 122. At\u00e9 ent\u00e3o, a Escola funcionou, desde a sua cria\u00e7\u00e3o, no Gin\u00e1sio Farydo Salom\u00e3o da Pra\u00e7a Saraiva. \u201c<\/span><b>Apesar de ser um local adaptado, que n\u00e3o foi constru\u00eddo para atender \u00e0s necessidade da nossa Escola, \u00e9 perfeitamente poss\u00edvel desenvolver as nossas atividades com os(as) nossos(as) alunos. N\u00e3o h\u00e1 um prazo para voltarmos, pois estamos dependendo, agora, do processo licitat\u00f3rio para a realiza\u00e7\u00e3o das reformas no Gin\u00e1sio, uma vez que a verba j\u00e1 existe<\/b><span style=\"font-weight: 400;\">\u201d, explicou Claudinei Costa, diretor da Escola.<\/span><\/p>\n<p style=\"text-align: justify;\"><!--more--><\/p>\n<p style=\"text-align: justify;\"><span style=\"font-weight: 400;\">Atualmente, a EMIE Ney Amado Costa atende a cerca de 250 crian\u00e7as, com idades entre 06 a 17 anos. Hoje, a Gin\u00e1stica Art\u00edstica tem um diferencial na Escola: s\u00e3o realizadas duas aulas por semana e uma de Bal\u00e9, que \u00e9 direcionado para dar base \u00e0 Gin\u00e1stica Art\u00edstica, onde s\u00e3o trabalhados o equil\u00edbrio, a for\u00e7a e a postura, elementos fundamentais para essa modalidade.<\/span><\/p>\n<p style=\"text-align: justify;\"><span style=\"font-weight: 400;\">\u201c<\/span><b>Tamb\u00e9m temos um grupo composto por 152 idosos(as), que fazem aula de Dan\u00e7a e Alongamento. Essas atividades s\u00e3o uma continuidade do Projeto Rio Grande em A\u00e7\u00e3o, que infelizmente neste ano n\u00e3o conseguiu captar recursos. N\u00f3s n\u00e3o quisemos abandonar essas pessoas, ent\u00e3o acabamos absorvendo-os, de uma maneira mais restrita, mas sem abandon\u00e1-los<\/b><span style=\"font-weight: 400;\">\u201d, declarou Claudinei.<\/span><\/p>\n<p style=\"text-align: justify;\"><span style=\"font-weight: 400;\">A EMIE Ney Amado Costa conta atualmente com 11 professores(as), sendo que alguns com especializa\u00e7\u00e3o em Gin\u00e1stica. \u201c<\/span><b>Formamos aqui um grupo muito bom, que consegue manter a escola cada vez melhor. Estamos muito felizes, mesmo sabendo que este n\u00e3o \u00e9 o nosso espa\u00e7o. Nosso espa\u00e7o \u00e9 o Gin\u00e1sio Farydo Salom\u00e3o, na Pra\u00e7a Saraiva, que a atual administra\u00e7\u00e3o comprometeu-se em arrumar, para que n\u00f3s possamos voltar para l\u00e1 e, a\u00ed sim, desenvolvermos todas as nossas modalidades esportivas, como basquete, v\u00f4lei, futsal, etc<\/b><span style=\"font-weight: 400;\">\u201d, explicou Claudinei Costa.<\/span><\/p>\n<p style=\"text-align: justify;\"><span style=\"font-weight: 400;\">A EMIE Ney Amado Costa segue com o futebol de campo na Pra\u00e7a Saraiva, onde, duas vezes por semana, dois professores se deslocam para l\u00e1: um para dar aula de futebol e outro para dar o respaldo da Secretaria da Escola, realizando as inscri\u00e7\u00f5es para esse esporte, uma vez que seria dif\u00edcil os respons\u00e1veis pelas crian\u00e7as deslocarem-se at\u00e9 o Centro para realizar a inscri\u00e7\u00e3o.<\/span><\/p>\n<p>&nbsp;<\/p>\n<p style=\"text-align: right;\"><em><span style=\"font-weight: 400;\">SMEd<\/span><\/em><br \/>\n<em><span style=\"font-weight: 400;\">Roberton Reis<\/span><\/em><\/p>\n","protected":false},"excerpt":{"rendered":"<p>H\u00e1 pouco mais de dois meses, a Escola Municipal de Inicia\u00e7\u00e3o Esportiva Ney Amado Costa est\u00e1 funcionando em novo endere\u00e7o: rua Marechal Floriano Peixoto, n\u00ba. 122. At\u00e9 ent\u00e3o, a Escola funcionou, desde a sua cria\u00e7\u00e3o, no Gin\u00e1sio Farydo Salom\u00e3o da Pra\u00e7a Saraiva. \u201cApesar de ser um local adaptado, que n\u00e3o foi constru\u00eddo para atender \u00e0s [&hellip;]<\/p>\n","protected":false},"author":7,"featured_media":0,"comment_status":"closed","ping_status":"closed","sticky":false,"template":"","format":"standard","meta":{"footnotes":""},"categories":[1,13],"tags":[],"class_list":["post-34204","post","type-post","status-publish","format-standard","hentry","category-noticias","category-pedagogico"],"_links":{"self":[{"href":"https:\/\/www.riogrande.rs.gov.br\/smed\/index.php?rest_route=\/wp\/v2\/posts\/34204"}],"collection":[{"href":"https:\/\/www.riogrande.rs.gov.br\/smed\/index.php?rest_route=\/wp\/v2\/posts"}],"about":[{"href":"https:\/\/www.riogrande.rs.gov.br\/smed\/index.php?rest_route=\/wp\/v2\/types\/post"}],"author":[{"embeddable":true,"href":"https:\/\/www.riogrande.rs.gov.br\/smed\/index.php?rest_route=\/wp\/v2\/users\/7"}],"replies":[{"embeddable":true,"href":"https:\/\/www.riogrande.rs.gov.br\/smed\/index.php?rest_route=%2Fwp%2Fv2%2Fcomments&post=34204"}],"version-history":[{"count":4,"href":"https:\/\/www.riogrande.rs.gov.br\/smed\/index.php?rest_route=\/wp\/v2\/posts\/34204\/revisions"}],"predecessor-version":[{"id":34221,"href":"https:\/\/www.riogrande.rs.gov.br\/smed\/index.php?rest_route=\/wp\/v2\/posts\/34204\/revisions\/34221"}],"wp:attachment":[{"href":"https:\/\/www.riogrande.rs.gov.br\/smed\/index.php?rest_route=%2Fwp%2Fv2%2Fmedia&parent=34204"}],"wp:term":[{"taxonomy":"category","embeddable":true,"href":"https:\/\/www.riogrande.rs.gov.br\/smed\/index.php?rest_route=%2Fwp%2Fv2%2Fcategories&post=34204"},{"taxonomy":"post_tag","embeddable":true,"href":"https:\/\/www.riogrande.rs.gov.br\/smed\/index.php?rest_route=%2Fwp%2Fv2%2Ftags&post=34204"}],"curies":[{"name":"wp","href":"https:\/\/api.w.org\/{rel}","templated":true}]}}