{"id":34198,"date":"2019-06-27T14:30:55","date_gmt":"2019-06-27T17:30:55","guid":{"rendered":"http:\/\/www.riogrande.rs.gov.br\/smed\/?p=34198"},"modified":"2019-06-27T14:30:55","modified_gmt":"2019-06-27T17:30:55","slug":"5o-encontro-de-formacao-da-6a-edicao-da-olimpiada-de-lingua-portuguesa-acontece-no-dia-04-de-julho","status":"publish","type":"post","link":"https:\/\/www.riogrande.rs.gov.br\/smed\/?p=34198","title":{"rendered":"5\u00ba Encontro de Forma\u00e7\u00e3o da \u201c6\u00aa edi\u00e7\u00e3o da Olimp\u00edada de L\u00edngua Portuguesa\u201d acontece no dia 04 de julho"},"content":{"rendered":"<p style=\"text-align: justify;\"><span style=\"font-weight: 400;\">A Secretaria de Munic\u00edpio da Educa\u00e7\u00e3o de Rio Grande (SMEd), atrav\u00e9s da Assessoria de L\u00ednguas do N\u00facleo dos Anos Finais do Ensino Fundamental, promover\u00e1, no dia <\/span><b>04 de julho<\/b><span style=\"font-weight: 400;\">, quinta-feira, das <\/span><b>8h \u00e0s 12h<\/b><span style=\"font-weight: 400;\">, no <\/span><b>Audit\u00f3rio do SENAC<\/b><span style=\"font-weight: 400;\">, que est\u00e1 localizado na rua Rep\u00fablica do L\u00edbano, 88, o <\/span><b>5\u00ba Encontro de Forma\u00e7\u00e3o da 6\u00aa edi\u00e7\u00e3o da Olimp\u00edada de L\u00edngua Portuguesa (OLPEF)<\/b><span style=\"font-weight: 400;\">.<\/span><\/p>\n<p style=\"text-align: justify;\"><!--more--><\/p>\n<p style=\"text-align: justify;\"><span style=\"font-weight: 400;\">O processo formativo da <\/span><b>6\u00aa OLPEF<\/b><span style=\"font-weight: 400;\"> \u00e9 direcionado aos(\u00e0s) Professores(as) dos 5\u00ba Anos, aos(\u00e0s) Professores(as) de L\u00edngua Portuguesa do 6\u00ba ao 9\u00ba Anos e, tamb\u00e9m, aos(\u00e0s) Professores(as) do Ensino M\u00e9dio. A forma\u00e7\u00e3o, que acontece em Regime de Colabora\u00e7\u00e3o, pois h\u00e1 a participa\u00e7\u00e3o dos(as) professores(as) municipais e estaduais, est\u00e1 acontecendo mensalmente. O tema das produ\u00e7\u00f5es \u00e9 \u201c<\/span><b>O lugar onde vivo<\/b><span style=\"font-weight: 400;\">\u201d, que propicia aos(\u00e0s) alunos(as) estreitar v\u00ednculos com a comunidade e aprofundar o conhecimento sobre a realidade local, contribuindo para o desenvolvimento de sua cidadania.<\/span><\/p>\n<p style=\"text-align: justify;\"><span style=\"font-weight: 400;\">A Olimp\u00edada de L\u00edngua Portuguesa constitui-se num processo formativo para professores, baseado no estudo dos G\u00eaneros Textuais, em Oficinas sobre Sequ\u00eancia Did\u00e1tica, troca de experi\u00eancias, como tamb\u00e9m oportunidade de realizar Saraus, Mostras Liter\u00e1rias e demais eventos que solidificam o lugar de autoria dos estudantes. Neste 5\u00ba encontro formativo, o G\u00eanero Textual em foco ser\u00e1 o <\/span><span style=\"font-weight: 400;\">\u201c<\/span><b>Artigo de Opini\u00e3o<\/b><span style=\"font-weight: 400;\">\u201d. Na oportunidade, tamb\u00e9m ser\u00e1 realizada a \u201c<\/span><b>Oficina sobre Avalia\u00e7\u00e3o dos G\u00eaneros Textuais<\/b><span style=\"font-weight: 400;\">\u201d.\u00a0<\/span><\/p>\n<p style=\"text-align: justify;\"><span style=\"font-weight: 400;\">Servi\u00e7o:<\/span><b> 5\u00ba Encontro Formativo da 6\u00aa OLPEF<\/b><br \/>\n<span style=\"font-weight: 400;\">Dia: <\/span><b>04 de julho<\/b><span style=\"font-weight: 400;\"> (quinta-feira)<\/span><br \/>\n<span style=\"font-weight: 400;\">Hor\u00e1rio: <\/span><b>das 8h \u00e0s 12h<\/b><br \/>\n<span style=\"font-weight: 400;\">Local: <\/span><b>Audit\u00f3rio do SENAC, <\/b><span style=\"font-weight: 400;\">rua Rep\u00fablica do L\u00edbano, 88<\/span><\/p>\n<p style=\"text-align: right;\">\n<p style=\"text-align: right;\"><em><span style=\"font-weight: 400;\">SMEd<\/span><\/em><br \/>\n<em><span style=\"font-weight: 400;\">Roberton Reis<\/span><\/em><\/p>\n","protected":false},"excerpt":{"rendered":"<p>A Secretaria de Munic\u00edpio da Educa\u00e7\u00e3o de Rio Grande (SMEd), atrav\u00e9s da Assessoria de L\u00ednguas do N\u00facleo dos Anos Finais do Ensino Fundamental, promover\u00e1, no dia 04 de julho, quinta-feira, das 8h \u00e0s 12h, no Audit\u00f3rio do SENAC, que est\u00e1 localizado na rua Rep\u00fablica do L\u00edbano, 88, o 5\u00ba Encontro de Forma\u00e7\u00e3o da 6\u00aa edi\u00e7\u00e3o [&hellip;]<\/p>\n","protected":false},"author":7,"featured_media":0,"comment_status":"closed","ping_status":"closed","sticky":false,"template":"","format":"standard","meta":{"footnotes":""},"categories":[1,13],"tags":[],"class_list":["post-34198","post","type-post","status-publish","format-standard","hentry","category-noticias","category-pedagogico"],"_links":{"self":[{"href":"https:\/\/www.riogrande.rs.gov.br\/smed\/index.php?rest_route=\/wp\/v2\/posts\/34198"}],"collection":[{"href":"https:\/\/www.riogrande.rs.gov.br\/smed\/index.php?rest_route=\/wp\/v2\/posts"}],"about":[{"href":"https:\/\/www.riogrande.rs.gov.br\/smed\/index.php?rest_route=\/wp\/v2\/types\/post"}],"author":[{"embeddable":true,"href":"https:\/\/www.riogrande.rs.gov.br\/smed\/index.php?rest_route=\/wp\/v2\/users\/7"}],"replies":[{"embeddable":true,"href":"https:\/\/www.riogrande.rs.gov.br\/smed\/index.php?rest_route=%2Fwp%2Fv2%2Fcomments&post=34198"}],"version-history":[{"count":1,"href":"https:\/\/www.riogrande.rs.gov.br\/smed\/index.php?rest_route=\/wp\/v2\/posts\/34198\/revisions"}],"predecessor-version":[{"id":34199,"href":"https:\/\/www.riogrande.rs.gov.br\/smed\/index.php?rest_route=\/wp\/v2\/posts\/34198\/revisions\/34199"}],"wp:attachment":[{"href":"https:\/\/www.riogrande.rs.gov.br\/smed\/index.php?rest_route=%2Fwp%2Fv2%2Fmedia&parent=34198"}],"wp:term":[{"taxonomy":"category","embeddable":true,"href":"https:\/\/www.riogrande.rs.gov.br\/smed\/index.php?rest_route=%2Fwp%2Fv2%2Fcategories&post=34198"},{"taxonomy":"post_tag","embeddable":true,"href":"https:\/\/www.riogrande.rs.gov.br\/smed\/index.php?rest_route=%2Fwp%2Fv2%2Ftags&post=34198"}],"curies":[{"name":"wp","href":"https:\/\/api.w.org\/{rel}","templated":true}]}}