{"id":34159,"date":"2019-06-26T19:38:38","date_gmt":"2019-06-26T22:38:38","guid":{"rendered":"http:\/\/www.riogrande.rs.gov.br\/smed\/?p=34159"},"modified":"2019-06-26T19:38:38","modified_gmt":"2019-06-26T22:38:38","slug":"festival-de-bandas-zeca-langone","status":"publish","type":"post","link":"https:\/\/www.riogrande.rs.gov.br\/smed\/?p=34159","title":{"rendered":"FESTIVAL DE BANDAS ZECA LANGONE"},"content":{"rendered":"<div id=\"attachment_34160\" style=\"width: 495px\" class=\"wp-caption aligncenter\"><a href=\"http:\/\/www.riogrande.rs.gov.br\/smed\/wp-content\/uploads\/2019\/06\/20190626-secult1.jpg\" rel=\"lightbox[34159]\"><img loading=\"lazy\" decoding=\"async\" aria-describedby=\"caption-attachment-34160\" class=\"size-medium wp-image-34160\" src=\"http:\/\/www.riogrande.rs.gov.br\/smed\/wp-content\/uploads\/2019\/06\/20190626-secult1-485x485.jpg\" alt=\"\" width=\"485\" height=\"485\" srcset=\"https:\/\/www.riogrande.rs.gov.br\/smed\/wp-content\/uploads\/2019\/06\/20190626-secult1-485x485.jpg 485w, https:\/\/www.riogrande.rs.gov.br\/smed\/wp-content\/uploads\/2019\/06\/20190626-secult1-150x150.jpg 150w, https:\/\/www.riogrande.rs.gov.br\/smed\/wp-content\/uploads\/2019\/06\/20190626-secult1-207x207.jpg 207w, https:\/\/www.riogrande.rs.gov.br\/smed\/wp-content\/uploads\/2019\/06\/20190626-secult1.jpg 720w\" sizes=\"(max-width: 485px) 100vw, 485px\" \/><\/a><p id=\"caption-attachment-34160\" class=\"wp-caption-text\">Divulga\u00e7\u00e3o<\/p><\/div>\n<p style=\"text-align: justify;\">Fonte:<a href=\"http:\/\/secultrg.blogspot.com\/2019\/06\/festival-de-bandas-zeca-langone.html\" target=\"_blank\" rel=\"noopener noreferrer\"><strong> http:\/\/secultrg.blogspot.com\/<\/strong><\/a><\/p>\n<p style=\"text-align: justify;\"><b>Festival de Bandas Marciais chega a sua quarta edi\u00e7\u00e3o<\/b><\/p>\n<p style=\"text-align: justify;\">A Banda Marcial da Escola Wanda Rocha, em parceria com o\u00a0Partage Shopping Rio Grande e com o apoio da Prefeitura Municipal do Rio Grande,atrav\u00e9s da <strong>Secretaria de Munic\u00edpio da Cultura,<\/strong>\u00a0realizar\u00e1 no pr\u00f3ximo domingo, 30 de junho, a <strong>4\u00aa edi\u00e7\u00e3o do Festival de Bandas Marciais Zeca Langone<\/strong>, \u00e0s 13h30, no Partage Shopping Rio Grande.<\/p>\n<p><!--more--><\/p>\n<p style=\"text-align: justify;\">O evento \u00e9 aberto ao p\u00fablico e contar\u00e1 com a apresenta\u00e7\u00e3o de 18 grupos, entre eles bandas marciais e fanfarra dos munic\u00edpios de Rio Grande e regi\u00e3o. Al\u00e9m disso, haver\u00e1 a Banda do Corpo de Fuzileiros Navais de Rio Grande, que far\u00e1 a abertura do evento e a Banda de M\u00fasica da 8\u00aa Brigada de Infantaria Motorizada.<\/p>\n<p style=\"text-align: justify;\">O Festival \u00e9 uma homenagem \u00e0 mem\u00f3ria de Zeca Langone, grande incentivador e respons\u00e1vel pela organiza\u00e7\u00e3o de diversos festivais de bandas marciais em Rio Grande. Nesta edi\u00e7\u00e3o, ser\u00e3o homenageados tamb\u00e9m Marci Farias, mais conhecido como Tuti, e Danilson Cardozo Furtado, dois dos principais nomes da hist\u00f3ria das bandas marciais de Rio Grande, que prestaram um importante papel social na cidade e faleceram neste ano.<\/p>\n<p style=\"text-align: justify;\">\u201c<strong>O Festival de Bandas Marciais Zeca Langone tem como principal objetivo divulgar a import\u00e2ncia da passagem do jovem por uma banda marcial, demonstrando que ele pode aprender muito com essa experi\u00eancia. O jovem que participa de uma banda marcial aprende a respeitar hierarquia, trabalhar melhor em grupo, entre outras vantagens<\/strong>\u201d, disse Francis Veleda, coordenador da Banda Marcial Wanda Rocha.<\/p>\n<p style=\"text-align: justify;\">Confira a programa\u00e7\u00e3o do evento:<\/p>\n<ul>\n<li style=\"text-align: justify;\">13h30min &#8211; Abertura do evento com a fala das autoridades.<\/li>\n<li style=\"text-align: justify;\">14h00min \u2013 Banda do Corpo de Fuzileiros Navais de Rio Grande.<\/li>\n<li style=\"text-align: justify;\">14h20min \u2013 Banda Integra\u00e7\u00e3o Fran\u00e7a Pinto \u2013 Rio Grande, RS.<\/li>\n<li style=\"text-align: justify;\">14h40min \u2013 Banda Marcial Helena Small \u2013 Rio Grande, RS.<\/li>\n<li style=\"text-align: justify;\">15h00min \u2013 Banda Marcial Le\u00f5es do Lilian \u2013 Rio Grande, RS.<\/li>\n<li style=\"text-align: justify;\">15h20min \u2013 Fanfarra Nossa Senhora das Gra\u00e7as \u2013 Acegu\u00e1, RS.<\/li>\n<li style=\"text-align: justify;\">15h40min \u2013 Banda Marcial Sant\u00b4Ana \u2013 Rio Grande, RS.<\/li>\n<li style=\"text-align: justify;\">16h00min \u2013 Banda Marcial Lemos Jr. \u2013 Rio Grande, RS.<\/li>\n<li style=\"text-align: justify;\">16h20min \u2013 Banda Marcial Aresmi Tavares \u2013 Santa Vit\u00f3ria do Palmar, RS.<\/li>\n<li style=\"text-align: justify;\">16h40min \u2013 Banda Infantil Monsenhor Gautsch \u2013 S\u00e3o Louren\u00e7o, RS.<\/li>\n<li style=\"text-align: justify;\">17h00min \u2013 Banda Musical Gioacchino Rossine \u2013 Rio Grande, RS.<\/li>\n<li style=\"text-align: justify;\">17h20min \u2013 Banda Marcial Wanda Rocha \u2013 Rio Grande, RS.<\/li>\n<li style=\"text-align: justify;\">17h40min \u2013 Banda Marcial Alfredo Ferreira Rodrigues \u2013 Povo Novo, Rio Grande, RS<\/li>\n<li style=\"text-align: justify;\">18h00min \u2013 Banda Marcial Wam \u2013 Bag\u00e9, RS.<\/li>\n<li style=\"text-align: justify;\">18h20min \u2013 Banda Marcial Marechal Mascarenhas de Moraes \u2013 Rio Grande, RS.<\/li>\n<li style=\"text-align: justify;\">18h40min \u2013 Banda Municipal de Pantano Grande \u2013 Pantano Grande, RS<\/li>\n<li style=\"text-align: justify;\">19h00min \u2013 Banda Marcial Fran\u00e7a Pinto \u2013 Rio Grande, RS.<\/li>\n<li style=\"text-align: justify;\">19h20min \u2013 Banda Marcial Monsenhor Gautsch \u2013 S\u00e3o Louren\u00e7o, RS.<\/li>\n<li style=\"text-align: justify;\">19h40min \u2013 Banda de Musica da 8\u00ba Brigada de Infantaria Motorizada \u2013 Pelotas, RS.<\/li>\n<li style=\"text-align: justify;\">20h00min &#8211; Execu\u00e7\u00e3o das pe\u00e7as Musicais com todas as corpora\u00e7\u00f5es.<\/li>\n<\/ul>\n<p style=\"text-align: justify;\"><strong>Servi\u00e7o: 4\u00ba Festival de Bandas Zeca Langone<\/strong><\/p>\n<p style=\"text-align: justify;\"><strong>Data:<\/strong>\u00a0Domingo, 30 de junho<\/p>\n<p style=\"text-align: justify;\"><strong>Hor\u00e1rio:<\/strong>\u00a0A partir das 13h30<\/p>\n<p style=\"text-align: justify;\"><strong>Local:<\/strong>\u00a0Partage Shopping Rio Grande<\/p>\n<p style=\"text-align: justify;\"><strong>Evento Gratuito<\/strong><\/p>\n<p style=\"text-align: justify;\">O Partage Shopping Rio Grande fica localizado na Av. Eng\u00aa L\u00facia Maria B Chiesa, 2842 &#8211; Pq Residencial S\u00e3o Pedro \u2013 Rio Grande\/RS<\/p>\n","protected":false},"excerpt":{"rendered":"<p>Fonte: http:\/\/secultrg.blogspot.com\/ Festival de Bandas Marciais chega a sua quarta edi\u00e7\u00e3o A Banda Marcial da Escola Wanda Rocha, em parceria com o\u00a0Partage Shopping Rio Grande e com o apoio da Prefeitura Municipal do Rio Grande,atrav\u00e9s da Secretaria de Munic\u00edpio da Cultura,\u00a0realizar\u00e1 no pr\u00f3ximo domingo, 30 de junho, a 4\u00aa edi\u00e7\u00e3o do Festival de Bandas Marciais [&hellip;]<\/p>\n","protected":false},"author":7,"featured_media":0,"comment_status":"closed","ping_status":"closed","sticky":false,"template":"","format":"standard","meta":{"footnotes":""},"categories":[1],"tags":[],"class_list":["post-34159","post","type-post","status-publish","format-standard","hentry","category-noticias"],"_links":{"self":[{"href":"https:\/\/www.riogrande.rs.gov.br\/smed\/index.php?rest_route=\/wp\/v2\/posts\/34159"}],"collection":[{"href":"https:\/\/www.riogrande.rs.gov.br\/smed\/index.php?rest_route=\/wp\/v2\/posts"}],"about":[{"href":"https:\/\/www.riogrande.rs.gov.br\/smed\/index.php?rest_route=\/wp\/v2\/types\/post"}],"author":[{"embeddable":true,"href":"https:\/\/www.riogrande.rs.gov.br\/smed\/index.php?rest_route=\/wp\/v2\/users\/7"}],"replies":[{"embeddable":true,"href":"https:\/\/www.riogrande.rs.gov.br\/smed\/index.php?rest_route=%2Fwp%2Fv2%2Fcomments&post=34159"}],"version-history":[{"count":1,"href":"https:\/\/www.riogrande.rs.gov.br\/smed\/index.php?rest_route=\/wp\/v2\/posts\/34159\/revisions"}],"predecessor-version":[{"id":34161,"href":"https:\/\/www.riogrande.rs.gov.br\/smed\/index.php?rest_route=\/wp\/v2\/posts\/34159\/revisions\/34161"}],"wp:attachment":[{"href":"https:\/\/www.riogrande.rs.gov.br\/smed\/index.php?rest_route=%2Fwp%2Fv2%2Fmedia&parent=34159"}],"wp:term":[{"taxonomy":"category","embeddable":true,"href":"https:\/\/www.riogrande.rs.gov.br\/smed\/index.php?rest_route=%2Fwp%2Fv2%2Fcategories&post=34159"},{"taxonomy":"post_tag","embeddable":true,"href":"https:\/\/www.riogrande.rs.gov.br\/smed\/index.php?rest_route=%2Fwp%2Fv2%2Ftags&post=34159"}],"curies":[{"name":"wp","href":"https:\/\/api.w.org\/{rel}","templated":true}]}}