{"id":34125,"date":"2019-06-25T14:07:20","date_gmt":"2019-06-25T17:07:20","guid":{"rendered":"http:\/\/www.riogrande.rs.gov.br\/smed\/?p=34125"},"modified":"2019-06-25T14:28:02","modified_gmt":"2019-06-25T17:28:02","slug":"emef-prof-a-wanda-rocha-martins-promoveu-festival-de-ginastica-artistica-no-dia-27","status":"publish","type":"post","link":"https:\/\/www.riogrande.rs.gov.br\/smed\/?p=34125","title":{"rendered":"EMEF Prof.\u00aa Wanda Rocha Martins promoveu \u201cFestival de Gin\u00e1stica Art\u00edstica\u201d no dia 19"},"content":{"rendered":"\n\t\t<style type=\"text\/css\">\n\t\t\t#gallery-1 {\n\t\t\t\tmargin: auto;\n\t\t\t}\n\t\t\t#gallery-1 .gallery-item {\n\t\t\t\tfloat: left;\n\t\t\t\tmargin-top: 10px;\n\t\t\t\ttext-align: center;\n\t\t\t\twidth: 33%;\n\t\t\t}\n\t\t\t#gallery-1 img {\n\t\t\t\tborder: 2px solid #cfcfcf;\n\t\t\t}\n\t\t\t#gallery-1 .gallery-caption {\n\t\t\t\tmargin-left: 0;\n\t\t\t}\n\t\t\t\/* see gallery_shortcode() in wp-includes\/media.php *\/\n\t\t<\/style>\n\t\t<div id='gallery-1' class='gallery galleryid-34125 gallery-columns-3 gallery-size-thumbnail'><dl class='gallery-item'>\n\t\t\t<dt class='gallery-icon landscape'>\n\t\t\t\t<a href='https:\/\/www.riogrande.rs.gov.br\/smed\/wp-content\/uploads\/2019\/06\/20190625-wanda2-image1.jpg' rel=\"lightbox[34125]\"><img loading=\"lazy\" decoding=\"async\" width=\"150\" height=\"150\" src=\"https:\/\/www.riogrande.rs.gov.br\/smed\/wp-content\/uploads\/2019\/06\/20190625-wanda2-image1-150x150.jpg\" class=\"attachment-thumbnail size-thumbnail\" alt=\"\" aria-describedby=\"gallery-1-34126\" \/><\/a>\n\t\t\t<\/dt>\n\t\t\t\t<dd class='wp-caption-text gallery-caption' id='gallery-1-34126'>\n\t\t\t\tDivulga\u00e7\u00e3o\n\t\t\t\t<\/dd><\/dl><dl class='gallery-item'>\n\t\t\t<dt class='gallery-icon landscape'>\n\t\t\t\t<a href='https:\/\/www.riogrande.rs.gov.br\/smed\/wp-content\/uploads\/2019\/06\/20190625-wanda2-image2.jpg' rel=\"lightbox[34125]\"><img loading=\"lazy\" decoding=\"async\" width=\"150\" height=\"150\" src=\"https:\/\/www.riogrande.rs.gov.br\/smed\/wp-content\/uploads\/2019\/06\/20190625-wanda2-image2-150x150.jpg\" class=\"attachment-thumbnail size-thumbnail\" alt=\"\" aria-describedby=\"gallery-1-34127\" \/><\/a>\n\t\t\t<\/dt>\n\t\t\t\t<dd class='wp-caption-text gallery-caption' id='gallery-1-34127'>\n\t\t\t\tDivulga\u00e7\u00e3o\n\t\t\t\t<\/dd><\/dl><dl class='gallery-item'>\n\t\t\t<dt class='gallery-icon landscape'>\n\t\t\t\t<a href='https:\/\/www.riogrande.rs.gov.br\/smed\/wp-content\/uploads\/2019\/06\/20190625-wanda2-image3.jpg' rel=\"lightbox[34125]\"><img loading=\"lazy\" decoding=\"async\" width=\"150\" height=\"150\" src=\"https:\/\/www.riogrande.rs.gov.br\/smed\/wp-content\/uploads\/2019\/06\/20190625-wanda2-image3-150x150.jpg\" class=\"attachment-thumbnail size-thumbnail\" alt=\"\" aria-describedby=\"gallery-1-34128\" \/><\/a>\n\t\t\t<\/dt>\n\t\t\t\t<dd class='wp-caption-text gallery-caption' id='gallery-1-34128'>\n\t\t\t\tDivulga\u00e7\u00e3o\n\t\t\t\t<\/dd><\/dl><br style=\"clear: both\" \/><dl class='gallery-item'>\n\t\t\t<dt class='gallery-icon portrait'>\n\t\t\t\t<a href='https:\/\/www.riogrande.rs.gov.br\/smed\/wp-content\/uploads\/2019\/06\/20190625-wanda2-image4.jpg' rel=\"lightbox[34125]\"><img loading=\"lazy\" decoding=\"async\" width=\"150\" height=\"150\" src=\"https:\/\/www.riogrande.rs.gov.br\/smed\/wp-content\/uploads\/2019\/06\/20190625-wanda2-image4-150x150.jpg\" class=\"attachment-thumbnail size-thumbnail\" alt=\"\" aria-describedby=\"gallery-1-34129\" \/><\/a>\n\t\t\t<\/dt>\n\t\t\t\t<dd class='wp-caption-text gallery-caption' id='gallery-1-34129'>\n\t\t\t\tDivulga\u00e7\u00e3o\n\t\t\t\t<\/dd><\/dl><dl class='gallery-item'>\n\t\t\t<dt class='gallery-icon landscape'>\n\t\t\t\t<a href='https:\/\/www.riogrande.rs.gov.br\/smed\/wp-content\/uploads\/2019\/06\/20190625-wanda2-image5.jpg' rel=\"lightbox[34125]\"><img loading=\"lazy\" decoding=\"async\" width=\"150\" height=\"150\" src=\"https:\/\/www.riogrande.rs.gov.br\/smed\/wp-content\/uploads\/2019\/06\/20190625-wanda2-image5-150x150.jpg\" class=\"attachment-thumbnail size-thumbnail\" alt=\"\" aria-describedby=\"gallery-1-34130\" \/><\/a>\n\t\t\t<\/dt>\n\t\t\t\t<dd class='wp-caption-text gallery-caption' id='gallery-1-34130'>\n\t\t\t\tDivulga\u00e7\u00e3o\n\t\t\t\t<\/dd><\/dl><dl class='gallery-item'>\n\t\t\t<dt class='gallery-icon landscape'>\n\t\t\t\t<a href='https:\/\/www.riogrande.rs.gov.br\/smed\/wp-content\/uploads\/2019\/06\/20190625-wanda2-image6.jpg' rel=\"lightbox[34125]\"><img loading=\"lazy\" decoding=\"async\" width=\"150\" height=\"150\" src=\"https:\/\/www.riogrande.rs.gov.br\/smed\/wp-content\/uploads\/2019\/06\/20190625-wanda2-image6-150x150.jpg\" class=\"attachment-thumbnail size-thumbnail\" alt=\"\" aria-describedby=\"gallery-1-34131\" \/><\/a>\n\t\t\t<\/dt>\n\t\t\t\t<dd class='wp-caption-text gallery-caption' id='gallery-1-34131'>\n\t\t\t\tDivulga\u00e7\u00e3o\n\t\t\t\t<\/dd><\/dl><br style=\"clear: both\" \/>\n\t\t<\/div>\n\n<p style=\"text-align: justify;\">No in\u00edcio da noite da \u00faltima quarta-feira, dia <b>19 de junho<\/b>, a <strong>Escola Municipal de Ensino Fundamental Prof.\u00aa<\/strong> <b>Wanda Rocha Martins<\/b>, que est\u00e1 localizada no bairro Cassino, apresentou a sua edi\u00e7\u00e3o anual do \u201c<b>Festival de Gin\u00e1stica Art\u00edstica<\/b>\u201d. Neste ano, participaram 80 ginastas de todos as idades e n\u00edveis t\u00e9cnicos da gin\u00e1stica, as quais apresentaram-se em todos os aparelhos que foram colocados no Gin\u00e1sio da Escola para a realiza\u00e7\u00e3o do evento. Participaram todas as ginastas da inicia\u00e7\u00e3o e das equipes de competi\u00e7\u00e3o, mostrando a beleza e a arte da gin\u00e1stica.<\/p>\n<p style=\"text-align: justify;\"><!--more--><\/p>\n<p style=\"text-align: justify;\">\u201c<b>O evento foi um sucesso e abriu o calend\u00e1rio das apresenta\u00e7\u00f5es e competi\u00e7\u00f5es de 2019 da Gin\u00e1stica Art\u00edstica da EMEF Prof.\u00aa Wanda Rocha Martins. O Gin\u00e1sio ficou lotado com a presen\u00e7a da comunidade e das autoridades convidadas, como a secret\u00e1ria de Munic\u00edpio da Educa\u00e7\u00e3o, Vanessa Pintanel; e o vereador Andr\u00e9 Lemes<\/b>\u201d, destacou a professora Vanessa Xavier, coordenadora do Projeto de Gin\u00e1stica Art\u00edstica da Escola, que est\u00e1 ativo desde o ano de 2005.<\/p>\n<p style=\"text-align: justify;\">A professora Vanessa agradeceu aos pais amigos da Escola, que fizeram a log\u00edstica do deslocamento e montagem do material no Gin\u00e1sio; \u00e0s m\u00e3es da gin\u00e1stica, por colaborarem com a a\u00e7\u00e3o do bar em prol da Gin\u00e1stica; e a todos e todas que apoiaram o evento. \u201c<b>Uma noite fria, que de fria n\u00e3o teve nada; o brilho das estrelinhas, mortais, giros e sorrisos das ginastas aqueceram e abrilhantaram a noite do nosso Festival<\/b>\u201d, finalizou Vanessa.<\/p>\n<p>&nbsp;<\/p>\n<p style=\"text-align: right;\"><em>SMEd<\/em><br \/>\n<em>Roberton Reis<\/em><br \/>\n<em>Com informa\u00e7\u00f5es da EMEF Prof.\u00aa Wanda Rocha Martins<\/em><\/p>\n","protected":false},"excerpt":{"rendered":"<p>No in\u00edcio da noite da \u00faltima quarta-feira, dia 19 de junho, a Escola Municipal de Ensino Fundamental Prof.\u00aa Wanda Rocha Martins, que est\u00e1 localizada no bairro Cassino, apresentou a sua edi\u00e7\u00e3o anual do \u201cFestival de Gin\u00e1stica Art\u00edstica\u201d. Neste ano, participaram 80 ginastas de todos as idades e n\u00edveis t\u00e9cnicos da gin\u00e1stica, as quais apresentaram-se em [&hellip;]<\/p>\n","protected":false},"author":7,"featured_media":0,"comment_status":"closed","ping_status":"closed","sticky":false,"template":"","format":"standard","meta":{"footnotes":""},"categories":[1,13],"tags":[],"class_list":["post-34125","post","type-post","status-publish","format-standard","hentry","category-noticias","category-pedagogico"],"_links":{"self":[{"href":"https:\/\/www.riogrande.rs.gov.br\/smed\/index.php?rest_route=\/wp\/v2\/posts\/34125"}],"collection":[{"href":"https:\/\/www.riogrande.rs.gov.br\/smed\/index.php?rest_route=\/wp\/v2\/posts"}],"about":[{"href":"https:\/\/www.riogrande.rs.gov.br\/smed\/index.php?rest_route=\/wp\/v2\/types\/post"}],"author":[{"embeddable":true,"href":"https:\/\/www.riogrande.rs.gov.br\/smed\/index.php?rest_route=\/wp\/v2\/users\/7"}],"replies":[{"embeddable":true,"href":"https:\/\/www.riogrande.rs.gov.br\/smed\/index.php?rest_route=%2Fwp%2Fv2%2Fcomments&post=34125"}],"version-history":[{"count":4,"href":"https:\/\/www.riogrande.rs.gov.br\/smed\/index.php?rest_route=\/wp\/v2\/posts\/34125\/revisions"}],"predecessor-version":[{"id":34147,"href":"https:\/\/www.riogrande.rs.gov.br\/smed\/index.php?rest_route=\/wp\/v2\/posts\/34125\/revisions\/34147"}],"wp:attachment":[{"href":"https:\/\/www.riogrande.rs.gov.br\/smed\/index.php?rest_route=%2Fwp%2Fv2%2Fmedia&parent=34125"}],"wp:term":[{"taxonomy":"category","embeddable":true,"href":"https:\/\/www.riogrande.rs.gov.br\/smed\/index.php?rest_route=%2Fwp%2Fv2%2Fcategories&post=34125"},{"taxonomy":"post_tag","embeddable":true,"href":"https:\/\/www.riogrande.rs.gov.br\/smed\/index.php?rest_route=%2Fwp%2Fv2%2Ftags&post=34125"}],"curies":[{"name":"wp","href":"https:\/\/api.w.org\/{rel}","templated":true}]}}