{"id":34115,"date":"2019-06-25T13:18:41","date_gmt":"2019-06-25T16:18:41","guid":{"rendered":"http:\/\/www.riogrande.rs.gov.br\/smed\/?p=34115"},"modified":"2019-06-25T13:18:41","modified_gmt":"2019-06-25T16:18:41","slug":"prefeito-e-primeira-dama-recebem-visita-de-alunos-da-emef-joao-de-oliveira-martins","status":"publish","type":"post","link":"https:\/\/www.riogrande.rs.gov.br\/smed\/?p=34115","title":{"rendered":"PREFEITO E PRIMEIRA-DAMA RECEBEM VISITA DE ALUNOS DA EMEF JO\u00c3O DE OLIVEIRA MARTINS"},"content":{"rendered":"<div id=\"attachment_34116\" style=\"width: 410px\" class=\"wp-caption aligncenter\"><a href=\"http:\/\/www.riogrande.rs.gov.br\/smed\/wp-content\/uploads\/2019\/06\/20190625-pmrg1.jpg\" rel=\"lightbox[34115]\"><img loading=\"lazy\" decoding=\"async\" aria-describedby=\"caption-attachment-34116\" class=\"size-full wp-image-34116\" src=\"http:\/\/www.riogrande.rs.gov.br\/smed\/wp-content\/uploads\/2019\/06\/20190625-pmrg1.jpg\" alt=\"\" width=\"400\" height=\"240\" srcset=\"https:\/\/www.riogrande.rs.gov.br\/smed\/wp-content\/uploads\/2019\/06\/20190625-pmrg1.jpg 400w, https:\/\/www.riogrande.rs.gov.br\/smed\/wp-content\/uploads\/2019\/06\/20190625-pmrg1-345x207.jpg 345w\" sizes=\"(max-width: 400px) 100vw, 400px\" \/><\/a><p id=\"caption-attachment-34116\" class=\"wp-caption-text\">Divulga\u00e7\u00e3o<\/p><\/div>\n<p>Fonte: <a href=\"http:\/\/www.riogrande.rs.gov.br\/prefeito-e-primeira-dama-recebem-visita-de-alunos-da-emef-joao-de-oliveira-martins\/\" target=\"_blank\" rel=\"noopener noreferrer\"><strong>www.riogrande.rs.gov.br<\/strong><\/a><\/p>\n<p style=\"text-align: justify;\"><span data-contrast=\"auto\">Na manh\u00e3 desta ter\u00e7a-feira (25), o Prefeito Alexandre <\/span><span data-contrast=\"auto\">Lindenmeyer<\/span><span data-contrast=\"auto\">\u00a0e primeira-dama Eunice\u00a0<\/span><span data-contrast=\"auto\">Lindenmeyer<\/span><span data-contrast=\"auto\">\u00a0receberam os alunos das turmas do sexto ano \u201ca\u201d e \u201cc\u201d, da Escola Municipal Jo\u00e3o de Oliveira Martins, localizada no bairro Castelo Branco. Na oportunidade, os alunos, juntamente com os professores das turmas, foram acompanhados por\u00a0<\/span><span data-contrast=\"auto\">Lindenmeyer<\/span><span data-contrast=\"auto\">\u00a0durante visita ao interior do pr\u00e9dio da prefeitura, quando conheceram \u00e1reas como o Sal\u00e3o Nobre Deputado Carlos Santos, a Sala de Reuni\u00f5es, o Gabinete de Programas e Projetos Especiais e o Gabinete do Prefeito. Os estudantes tamb\u00e9m visitaram a Sala Multiuso e a Fototeca Municipal, onde acompanharam as mostras em andamento e conheceram o trabalho desenvolvido. Ainda na manh\u00e3 de hoje, os alunos visitaram o Museu da cidade de Rio Grande. Amanh\u00e3 (25), os alunos das turmas do sexto ano \u201cb\u201d e \u201cd\u201d tamb\u00e9m realizar\u00e3o a visita.\u00a0<\/span><span data-ccp-props=\"{&quot;201341983&quot;:0,&quot;335559739&quot;:160,&quot;335559740&quot;:259}\">\u00a0<\/span><\/p>\n","protected":false},"excerpt":{"rendered":"<p>Fonte: www.riogrande.rs.gov.br Na manh\u00e3 desta ter\u00e7a-feira (25), o Prefeito Alexandre Lindenmeyer\u00a0e primeira-dama Eunice\u00a0Lindenmeyer\u00a0receberam os alunos das turmas do sexto ano \u201ca\u201d e \u201cc\u201d, da Escola Municipal Jo\u00e3o de Oliveira Martins, localizada no bairro Castelo Branco. Na oportunidade, os alunos, juntamente com os professores das turmas, foram acompanhados por\u00a0Lindenmeyer\u00a0durante visita ao interior do pr\u00e9dio da prefeitura, [&hellip;]<\/p>\n","protected":false},"author":7,"featured_media":0,"comment_status":"closed","ping_status":"closed","sticky":false,"template":"","format":"standard","meta":{"footnotes":""},"categories":[1],"tags":[],"class_list":["post-34115","post","type-post","status-publish","format-standard","hentry","category-noticias"],"_links":{"self":[{"href":"https:\/\/www.riogrande.rs.gov.br\/smed\/index.php?rest_route=\/wp\/v2\/posts\/34115"}],"collection":[{"href":"https:\/\/www.riogrande.rs.gov.br\/smed\/index.php?rest_route=\/wp\/v2\/posts"}],"about":[{"href":"https:\/\/www.riogrande.rs.gov.br\/smed\/index.php?rest_route=\/wp\/v2\/types\/post"}],"author":[{"embeddable":true,"href":"https:\/\/www.riogrande.rs.gov.br\/smed\/index.php?rest_route=\/wp\/v2\/users\/7"}],"replies":[{"embeddable":true,"href":"https:\/\/www.riogrande.rs.gov.br\/smed\/index.php?rest_route=%2Fwp%2Fv2%2Fcomments&post=34115"}],"version-history":[{"count":1,"href":"https:\/\/www.riogrande.rs.gov.br\/smed\/index.php?rest_route=\/wp\/v2\/posts\/34115\/revisions"}],"predecessor-version":[{"id":34117,"href":"https:\/\/www.riogrande.rs.gov.br\/smed\/index.php?rest_route=\/wp\/v2\/posts\/34115\/revisions\/34117"}],"wp:attachment":[{"href":"https:\/\/www.riogrande.rs.gov.br\/smed\/index.php?rest_route=%2Fwp%2Fv2%2Fmedia&parent=34115"}],"wp:term":[{"taxonomy":"category","embeddable":true,"href":"https:\/\/www.riogrande.rs.gov.br\/smed\/index.php?rest_route=%2Fwp%2Fv2%2Fcategories&post=34115"},{"taxonomy":"post_tag","embeddable":true,"href":"https:\/\/www.riogrande.rs.gov.br\/smed\/index.php?rest_route=%2Fwp%2Fv2%2Ftags&post=34115"}],"curies":[{"name":"wp","href":"https:\/\/api.w.org\/{rel}","templated":true}]}}