{"id":34106,"date":"2019-06-24T16:30:17","date_gmt":"2019-06-24T19:30:17","guid":{"rendered":"http:\/\/www.riogrande.rs.gov.br\/smed\/?p=34106"},"modified":"2019-06-24T16:30:17","modified_gmt":"2019-06-24T19:30:17","slug":"concluida-etapa-do-telhado-nas-obras-da-quadra-poliesportiva-da-emef-assis-brasil","status":"publish","type":"post","link":"https:\/\/www.riogrande.rs.gov.br\/smed\/?p=34106","title":{"rendered":"CONCLU\u00cdDA ETAPA DO TELHADO NAS OBRAS DA QUADRA POLIESPORTIVA DA EMEF ASSIS BRASIL"},"content":{"rendered":"\n\t\t<style type=\"text\/css\">\n\t\t\t#gallery-1 {\n\t\t\t\tmargin: auto;\n\t\t\t}\n\t\t\t#gallery-1 .gallery-item {\n\t\t\t\tfloat: left;\n\t\t\t\tmargin-top: 10px;\n\t\t\t\ttext-align: center;\n\t\t\t\twidth: 50%;\n\t\t\t}\n\t\t\t#gallery-1 img {\n\t\t\t\tborder: 2px solid #cfcfcf;\n\t\t\t}\n\t\t\t#gallery-1 .gallery-caption {\n\t\t\t\tmargin-left: 0;\n\t\t\t}\n\t\t\t\/* see gallery_shortcode() in wp-includes\/media.php *\/\n\t\t<\/style>\n\t\t<div id='gallery-1' class='gallery galleryid-34106 gallery-columns-2 gallery-size-thumbnail'><dl class='gallery-item'>\n\t\t\t<dt class='gallery-icon landscape'>\n\t\t\t\t<a href='https:\/\/www.riogrande.rs.gov.br\/smed\/wp-content\/uploads\/2019\/06\/20190624-pmrg1.jpg' rel=\"lightbox[34106]\"><img loading=\"lazy\" decoding=\"async\" width=\"150\" height=\"150\" src=\"https:\/\/www.riogrande.rs.gov.br\/smed\/wp-content\/uploads\/2019\/06\/20190624-pmrg1-150x150.jpg\" class=\"attachment-thumbnail size-thumbnail\" alt=\"\" aria-describedby=\"gallery-1-34107\" \/><\/a>\n\t\t\t<\/dt>\n\t\t\t\t<dd class='wp-caption-text gallery-caption' id='gallery-1-34107'>\n\t\t\t\tDivulga\u00e7\u00e3o\n\t\t\t\t<\/dd><\/dl><dl class='gallery-item'>\n\t\t\t<dt class='gallery-icon landscape'>\n\t\t\t\t<a href='https:\/\/www.riogrande.rs.gov.br\/smed\/wp-content\/uploads\/2019\/06\/20190624-pmrg2.jpg' rel=\"lightbox[34106]\"><img loading=\"lazy\" decoding=\"async\" width=\"150\" height=\"150\" src=\"https:\/\/www.riogrande.rs.gov.br\/smed\/wp-content\/uploads\/2019\/06\/20190624-pmrg2-150x150.jpg\" class=\"attachment-thumbnail size-thumbnail\" alt=\"\" aria-describedby=\"gallery-1-34108\" \/><\/a>\n\t\t\t<\/dt>\n\t\t\t\t<dd class='wp-caption-text gallery-caption' id='gallery-1-34108'>\n\t\t\t\tDivulga\u00e7\u00e3o\n\t\t\t\t<\/dd><\/dl><br style=\"clear: both\" \/>\n\t\t<\/div>\n\n<p style=\"text-align: justify;\">Fonte: <a href=\"http:\/\/www.riogrande.rs.gov.br\/concluida-etapa-do-telhado-nas-obras-da-quadra-poliesportiva-da-emef-assis-brasil\/\" target=\"_blank\" rel=\"noopener noreferrer\"><strong>www.riogrande.rs.gov.br<\/strong><\/a><\/p>\n<p style=\"text-align: justify;\">At\u00e9 o final do ano letivo os estudantes da EMEF Assis Brasil ter\u00e3o \u00e0 disposi\u00e7\u00e3o um novo equipamento p\u00fablico para a pr\u00e1tica desportiva. Na manh\u00e3 desta segunda-feira (24) foi conclu\u00edda a etapa de coloca\u00e7\u00e3o do telhado da Quadra Poliesportiva da escola.<\/p>\n<p><!--more--><\/p>\n<p style=\"text-align: justify;\">Est\u00e3o sendo investidos R$ 830.024,16 na constru\u00e7\u00e3o do novo espa\u00e7o \u2013 destes, R$ 507.144,57 s\u00e3o recursos do Fundo Nacional de Desenvolvimento para a Educa\u00e7\u00e3o (FNDE) e R$ 322.879,59 s\u00e3o de contrapartida do munic\u00edpio, incluindo valores do Financiamento \u00e0 Infraestrutura e Saneamento (Finisa), contratado pela Prefeitura.<\/p>\n<p style=\"text-align: justify;\">A secret\u00e1ria de Educa\u00e7\u00e3o de Rio Grande, Vanessa Pintanel, disse que o espa\u00e7o vai qualificar a pr\u00e1tica e os projetos de esportes oferecidos ao p\u00fablico da escola localizada no Bairro Santa Rosa.<\/p>\n<p style=\"text-align: justify;\">O Gabinete de Programas e Projetos Especiais (GPPE) da Prefeitura \u00e9 a unidade fiscalizadora das obras da nova quadra. A secret\u00e1ria da pasta, Darlene Pereira, explica que as pr\u00f3ximas etapas de infraestrutura como coloca\u00e7\u00e3o de piso, banheiros, entre outras, ser\u00e3o iniciadas a seguir. A obra est\u00e1 60% executada e a respons\u00e1vel pela execu\u00e7\u00e3o dos servi\u00e7os \u00e9 a empresa LT Ferreira e Cia Ltda.<\/p>\n<p style=\"text-align: right;\"><em>Assessoria de Comunica\u00e7\u00e3o\/PMRG<\/em><br \/>\n<em>Fotos: Divulga\u00e7\u00e3o\/PMRG<\/em><\/p>\n","protected":false},"excerpt":{"rendered":"<p>Fonte: www.riogrande.rs.gov.br At\u00e9 o final do ano letivo os estudantes da EMEF Assis Brasil ter\u00e3o \u00e0 disposi\u00e7\u00e3o um novo equipamento p\u00fablico para a pr\u00e1tica desportiva. Na manh\u00e3 desta segunda-feira (24) foi conclu\u00edda a etapa de coloca\u00e7\u00e3o do telhado da Quadra Poliesportiva da escola.<\/p>\n","protected":false},"author":7,"featured_media":0,"comment_status":"closed","ping_status":"closed","sticky":false,"template":"","format":"standard","meta":{"footnotes":""},"categories":[1],"tags":[],"class_list":["post-34106","post","type-post","status-publish","format-standard","hentry","category-noticias"],"_links":{"self":[{"href":"https:\/\/www.riogrande.rs.gov.br\/smed\/index.php?rest_route=\/wp\/v2\/posts\/34106"}],"collection":[{"href":"https:\/\/www.riogrande.rs.gov.br\/smed\/index.php?rest_route=\/wp\/v2\/posts"}],"about":[{"href":"https:\/\/www.riogrande.rs.gov.br\/smed\/index.php?rest_route=\/wp\/v2\/types\/post"}],"author":[{"embeddable":true,"href":"https:\/\/www.riogrande.rs.gov.br\/smed\/index.php?rest_route=\/wp\/v2\/users\/7"}],"replies":[{"embeddable":true,"href":"https:\/\/www.riogrande.rs.gov.br\/smed\/index.php?rest_route=%2Fwp%2Fv2%2Fcomments&post=34106"}],"version-history":[{"count":1,"href":"https:\/\/www.riogrande.rs.gov.br\/smed\/index.php?rest_route=\/wp\/v2\/posts\/34106\/revisions"}],"predecessor-version":[{"id":34109,"href":"https:\/\/www.riogrande.rs.gov.br\/smed\/index.php?rest_route=\/wp\/v2\/posts\/34106\/revisions\/34109"}],"wp:attachment":[{"href":"https:\/\/www.riogrande.rs.gov.br\/smed\/index.php?rest_route=%2Fwp%2Fv2%2Fmedia&parent=34106"}],"wp:term":[{"taxonomy":"category","embeddable":true,"href":"https:\/\/www.riogrande.rs.gov.br\/smed\/index.php?rest_route=%2Fwp%2Fv2%2Fcategories&post=34106"},{"taxonomy":"post_tag","embeddable":true,"href":"https:\/\/www.riogrande.rs.gov.br\/smed\/index.php?rest_route=%2Fwp%2Fv2%2Ftags&post=34106"}],"curies":[{"name":"wp","href":"https:\/\/api.w.org\/{rel}","templated":true}]}}