{"id":34098,"date":"2019-06-24T15:16:21","date_gmt":"2019-06-24T18:16:21","guid":{"rendered":"http:\/\/www.riogrande.rs.gov.br\/smed\/?p=34098"},"modified":"2019-06-24T15:16:21","modified_gmt":"2019-06-24T18:16:21","slug":"3o-encontro-formativo-do-curso-de-producao-de-material-didatico-sobre-a-cidade-do-rio-grande-da-smed-acontece-nesta-terca-feira-25","status":"publish","type":"post","link":"https:\/\/www.riogrande.rs.gov.br\/smed\/?p=34098","title":{"rendered":"3\u00ba Encontro Formativo do Curso de \u201cProdu\u00e7\u00e3o de Material Did\u00e1tico sobre a cidade do Rio Grande\u201d da SMEd acontece nesta ter\u00e7a-feira, 25"},"content":{"rendered":"<p style=\"text-align: justify;\">A Secretaria de Munic\u00edpio da Educa\u00e7\u00e3o de Rio Grande (SMEd), atrav\u00e9s do N\u00facleo dos Anos Iniciais, realizar\u00e1, nesta ter\u00e7a-feira, dia <b>25 de junho<\/b>, \u00e0s <b>13h30min<\/b>, na <b>Unicesumar<\/b>, o terceiro encontro do processo formativo de \u201c<b>Produ\u00e7\u00e3o de Material Did\u00e1tico sobre a cidade do Rio Grande<\/b>\u201d.<\/p>\n<p style=\"text-align: justify;\"><!--more--><\/p>\n<p style=\"text-align: justify;\">Os encontros do processo formativo ocorrem mensalmente. Ainda haver\u00e1 mais cinco encontros, tendo como objetivo ampliar e compartilhar conhecimentos sobre a Cidade, bem como produzir material did\u00e1tico para ser utilizado nas escolas por estudantes e professores(as), potencializando a produ\u00e7\u00e3o de saberes locais e desenvolvendo, assim, o sentimento de pertencimento das crian\u00e7as, jovens e adolescentes \u00e0 sua cidade.<\/p>\n<p style=\"text-align: right;\">\n<p style=\"text-align: right;\"><em>SMEd<\/em><br \/>\n<em>Roberton Reis<\/em><\/p>\n","protected":false},"excerpt":{"rendered":"<p>A Secretaria de Munic\u00edpio da Educa\u00e7\u00e3o de Rio Grande (SMEd), atrav\u00e9s do N\u00facleo dos Anos Iniciais, realizar\u00e1, nesta ter\u00e7a-feira, dia 25 de junho, \u00e0s 13h30min, na Unicesumar, o terceiro encontro do processo formativo de \u201cProdu\u00e7\u00e3o de Material Did\u00e1tico sobre a cidade do Rio Grande\u201d.<\/p>\n","protected":false},"author":7,"featured_media":0,"comment_status":"closed","ping_status":"closed","sticky":false,"template":"","format":"standard","meta":{"footnotes":""},"categories":[1,13],"tags":[],"class_list":["post-34098","post","type-post","status-publish","format-standard","hentry","category-noticias","category-pedagogico"],"_links":{"self":[{"href":"https:\/\/www.riogrande.rs.gov.br\/smed\/index.php?rest_route=\/wp\/v2\/posts\/34098"}],"collection":[{"href":"https:\/\/www.riogrande.rs.gov.br\/smed\/index.php?rest_route=\/wp\/v2\/posts"}],"about":[{"href":"https:\/\/www.riogrande.rs.gov.br\/smed\/index.php?rest_route=\/wp\/v2\/types\/post"}],"author":[{"embeddable":true,"href":"https:\/\/www.riogrande.rs.gov.br\/smed\/index.php?rest_route=\/wp\/v2\/users\/7"}],"replies":[{"embeddable":true,"href":"https:\/\/www.riogrande.rs.gov.br\/smed\/index.php?rest_route=%2Fwp%2Fv2%2Fcomments&post=34098"}],"version-history":[{"count":1,"href":"https:\/\/www.riogrande.rs.gov.br\/smed\/index.php?rest_route=\/wp\/v2\/posts\/34098\/revisions"}],"predecessor-version":[{"id":34099,"href":"https:\/\/www.riogrande.rs.gov.br\/smed\/index.php?rest_route=\/wp\/v2\/posts\/34098\/revisions\/34099"}],"wp:attachment":[{"href":"https:\/\/www.riogrande.rs.gov.br\/smed\/index.php?rest_route=%2Fwp%2Fv2%2Fmedia&parent=34098"}],"wp:term":[{"taxonomy":"category","embeddable":true,"href":"https:\/\/www.riogrande.rs.gov.br\/smed\/index.php?rest_route=%2Fwp%2Fv2%2Fcategories&post=34098"},{"taxonomy":"post_tag","embeddable":true,"href":"https:\/\/www.riogrande.rs.gov.br\/smed\/index.php?rest_route=%2Fwp%2Fv2%2Ftags&post=34098"}],"curies":[{"name":"wp","href":"https:\/\/api.w.org\/{rel}","templated":true}]}}