{"id":34092,"date":"2019-06-24T15:11:50","date_gmt":"2019-06-24T18:11:50","guid":{"rendered":"http:\/\/www.riogrande.rs.gov.br\/smed\/?p=34092"},"modified":"2019-06-24T15:11:50","modified_gmt":"2019-06-24T18:11:50","slug":"smed-promoveu-encontro-de-formacao-com-osas-professoresas-da-educacao-infantil-das-escolas-do-polo-03","status":"publish","type":"post","link":"https:\/\/www.riogrande.rs.gov.br\/smed\/?p=34092","title":{"rendered":"SMEd promoveu Encontro de Forma\u00e7\u00e3o com os(as) Professores(as) da Educa\u00e7\u00e3o Infantil das Escolas do Polo 03"},"content":{"rendered":"\n\t\t<style type=\"text\/css\">\n\t\t\t#gallery-1 {\n\t\t\t\tmargin: auto;\n\t\t\t}\n\t\t\t#gallery-1 .gallery-item {\n\t\t\t\tfloat: left;\n\t\t\t\tmargin-top: 10px;\n\t\t\t\ttext-align: center;\n\t\t\t\twidth: 50%;\n\t\t\t}\n\t\t\t#gallery-1 img {\n\t\t\t\tborder: 2px solid #cfcfcf;\n\t\t\t}\n\t\t\t#gallery-1 .gallery-caption {\n\t\t\t\tmargin-left: 0;\n\t\t\t}\n\t\t\t\/* see gallery_shortcode() in wp-includes\/media.php *\/\n\t\t<\/style>\n\t\t<div id='gallery-1' class='gallery galleryid-34092 gallery-columns-2 gallery-size-thumbnail'><dl class='gallery-item'>\n\t\t\t<dt class='gallery-icon landscape'>\n\t\t\t\t<a href='https:\/\/www.riogrande.rs.gov.br\/smed\/wp-content\/uploads\/2019\/06\/20190624-ped-infantil-image1.jpg' rel=\"lightbox[34092]\"><img loading=\"lazy\" decoding=\"async\" width=\"150\" height=\"150\" src=\"https:\/\/www.riogrande.rs.gov.br\/smed\/wp-content\/uploads\/2019\/06\/20190624-ped-infantil-image1-150x150.jpg\" class=\"attachment-thumbnail size-thumbnail\" alt=\"\" aria-describedby=\"gallery-1-34093\" \/><\/a>\n\t\t\t<\/dt>\n\t\t\t\t<dd class='wp-caption-text gallery-caption' id='gallery-1-34093'>\n\t\t\t\tDivulga\u00e7\u00e3o\n\t\t\t\t<\/dd><\/dl><dl class='gallery-item'>\n\t\t\t<dt class='gallery-icon landscape'>\n\t\t\t\t<a href='https:\/\/www.riogrande.rs.gov.br\/smed\/wp-content\/uploads\/2019\/06\/20190624-ped-infantil-image2.jpg' rel=\"lightbox[34092]\"><img loading=\"lazy\" decoding=\"async\" width=\"150\" height=\"150\" src=\"https:\/\/www.riogrande.rs.gov.br\/smed\/wp-content\/uploads\/2019\/06\/20190624-ped-infantil-image2-150x150.jpg\" class=\"attachment-thumbnail size-thumbnail\" alt=\"\" aria-describedby=\"gallery-1-34094\" \/><\/a>\n\t\t\t<\/dt>\n\t\t\t\t<dd class='wp-caption-text gallery-caption' id='gallery-1-34094'>\n\t\t\t\tDivulga\u00e7\u00e3o\n\t\t\t\t<\/dd><\/dl><br style=\"clear: both\" \/><dl class='gallery-item'>\n\t\t\t<dt class='gallery-icon landscape'>\n\t\t\t\t<a href='https:\/\/www.riogrande.rs.gov.br\/smed\/wp-content\/uploads\/2019\/06\/20190624-ped-infantil-image3.jpg' rel=\"lightbox[34092]\"><img loading=\"lazy\" decoding=\"async\" width=\"150\" height=\"150\" src=\"https:\/\/www.riogrande.rs.gov.br\/smed\/wp-content\/uploads\/2019\/06\/20190624-ped-infantil-image3-150x150.jpg\" class=\"attachment-thumbnail size-thumbnail\" alt=\"\" aria-describedby=\"gallery-1-34095\" \/><\/a>\n\t\t\t<\/dt>\n\t\t\t\t<dd class='wp-caption-text gallery-caption' id='gallery-1-34095'>\n\t\t\t\tDivulga\u00e7\u00e3o\n\t\t\t\t<\/dd><\/dl><dl class='gallery-item'>\n\t\t\t<dt class='gallery-icon landscape'>\n\t\t\t\t<a href='https:\/\/www.riogrande.rs.gov.br\/smed\/wp-content\/uploads\/2019\/06\/20190624-ped-infantil-image4.jpg' rel=\"lightbox[34092]\"><img loading=\"lazy\" decoding=\"async\" width=\"150\" height=\"150\" src=\"https:\/\/www.riogrande.rs.gov.br\/smed\/wp-content\/uploads\/2019\/06\/20190624-ped-infantil-image4-150x150.jpg\" class=\"attachment-thumbnail size-thumbnail\" alt=\"\" aria-describedby=\"gallery-1-34096\" \/><\/a>\n\t\t\t<\/dt>\n\t\t\t\t<dd class='wp-caption-text gallery-caption' id='gallery-1-34096'>\n\t\t\t\tDivulga\u00e7\u00e3o\n\t\t\t\t<\/dd><\/dl><br style=\"clear: both\" \/>\n\t\t<\/div>\n\n<p style=\"text-align: justify;\">A Secretaria de Munic\u00edpio da Educa\u00e7\u00e3o de Rio Grande (SMEd), atrav\u00e9s do N\u00facleo de Educa\u00e7\u00e3o Infantil, no dia <b>1\u00ba de\u00a0 junho<\/b>, reuniu os(as) Professores(as) da Educa\u00e7\u00e3o Infantil das escolas da rede p\u00fablica municipal de ensino do Polo 03. O encontro, que aconteceu na <strong>EMEF<\/strong> <b>Cidade do Rio Grande\/CAIC<\/b>, contou com a presen\u00e7a de aproximadamente 80 professores(as) das escolas EMEI Maria da Gl\u00f3ria, EMEI Lyons Clube, EMEI Castelo Branco, EMEI Daisy Guma Pagel, EMEF Zelly Pereira Esmeraldo e EMEF Cidade do Rio Grande\/CAIC.<\/p>\n<p style=\"text-align: justify;\"><!--more--><\/p>\n<p style=\"text-align: justify;\">\u201c<b>O encontro objetivou discutir coletivamente os documentos norteadores da Educa\u00e7\u00e3o Infantil: a Base Nacional Comum Curricular (BNCC), o Referencial Curricular Ga\u00facho para a Educa\u00e7\u00e3o Infantil e a Proposta Municipal para a Educa\u00e7\u00e3o Infantil, para que, atrav\u00e9s do estudo e discuss\u00e3o desses importantes documentos, possamos (re)visitar os Projetos Pol\u00edticos Pedag\u00f3gicos e Regimentos Escolares e, democraticamente, organizar o Referencial Curricular do Munic\u00edpio, ao longo deste ano letivo<\/b>\u201d, destacou a coordenadora do N\u00facleo de Educa\u00e7\u00e3o Infantil, Rafaela Pinto Gasso.<\/p>\n<p style=\"text-align: justify;\">Os encontros formativos com os(as) Professores(as) da Educa\u00e7\u00e3o Infantil est\u00e3o sendo organizados por polos devido ao grande n\u00famero de professores que atuam na Educa\u00e7\u00e3o Infantil do Munic\u00edpio, facilitando, assim, a sistematiza\u00e7\u00e3o dos registros e as discuss\u00f5es.<\/p>\n<p>&nbsp;<\/p>\n<p style=\"text-align: right;\"><em>SMEd<\/em><br \/>\n<em>Roberton Reis<\/em><br \/>\n<em>Com informa\u00e7\u00f5es do N\u00facleo de Educa\u00e7\u00e3o Infantil<\/em><\/p>\n","protected":false},"excerpt":{"rendered":"<p>A Secretaria de Munic\u00edpio da Educa\u00e7\u00e3o de Rio Grande (SMEd), atrav\u00e9s do N\u00facleo de Educa\u00e7\u00e3o Infantil, no dia 1\u00ba de\u00a0 junho, reuniu os(as) Professores(as) da Educa\u00e7\u00e3o Infantil das escolas da rede p\u00fablica municipal de ensino do Polo 03. O encontro, que aconteceu na EMEF Cidade do Rio Grande\/CAIC, contou com a presen\u00e7a de aproximadamente 80 [&hellip;]<\/p>\n","protected":false},"author":7,"featured_media":0,"comment_status":"closed","ping_status":"closed","sticky":false,"template":"","format":"standard","meta":{"footnotes":""},"categories":[1,13],"tags":[],"class_list":["post-34092","post","type-post","status-publish","format-standard","hentry","category-noticias","category-pedagogico"],"_links":{"self":[{"href":"https:\/\/www.riogrande.rs.gov.br\/smed\/index.php?rest_route=\/wp\/v2\/posts\/34092"}],"collection":[{"href":"https:\/\/www.riogrande.rs.gov.br\/smed\/index.php?rest_route=\/wp\/v2\/posts"}],"about":[{"href":"https:\/\/www.riogrande.rs.gov.br\/smed\/index.php?rest_route=\/wp\/v2\/types\/post"}],"author":[{"embeddable":true,"href":"https:\/\/www.riogrande.rs.gov.br\/smed\/index.php?rest_route=\/wp\/v2\/users\/7"}],"replies":[{"embeddable":true,"href":"https:\/\/www.riogrande.rs.gov.br\/smed\/index.php?rest_route=%2Fwp%2Fv2%2Fcomments&post=34092"}],"version-history":[{"count":1,"href":"https:\/\/www.riogrande.rs.gov.br\/smed\/index.php?rest_route=\/wp\/v2\/posts\/34092\/revisions"}],"predecessor-version":[{"id":34097,"href":"https:\/\/www.riogrande.rs.gov.br\/smed\/index.php?rest_route=\/wp\/v2\/posts\/34092\/revisions\/34097"}],"wp:attachment":[{"href":"https:\/\/www.riogrande.rs.gov.br\/smed\/index.php?rest_route=%2Fwp%2Fv2%2Fmedia&parent=34092"}],"wp:term":[{"taxonomy":"category","embeddable":true,"href":"https:\/\/www.riogrande.rs.gov.br\/smed\/index.php?rest_route=%2Fwp%2Fv2%2Fcategories&post=34092"},{"taxonomy":"post_tag","embeddable":true,"href":"https:\/\/www.riogrande.rs.gov.br\/smed\/index.php?rest_route=%2Fwp%2Fv2%2Ftags&post=34092"}],"curies":[{"name":"wp","href":"https:\/\/api.w.org\/{rel}","templated":true}]}}