{"id":34075,"date":"2019-06-19T16:14:22","date_gmt":"2019-06-19T19:14:22","guid":{"rendered":"http:\/\/www.riogrande.rs.gov.br\/smed\/?p=34075"},"modified":"2019-06-19T16:14:22","modified_gmt":"2019-06-19T19:14:22","slug":"alunosas-da-emef-dom-pedro-ii-participaram-de-atividade-de-contacao-de-historias","status":"publish","type":"post","link":"https:\/\/www.riogrande.rs.gov.br\/smed\/?p=34075","title":{"rendered":"Alunos(as) da EMEF Dom Pedro II participaram de atividade de Conta\u00e7\u00e3o de Hist\u00f3rias"},"content":{"rendered":"\n\t\t<style type=\"text\/css\">\n\t\t\t#gallery-1 {\n\t\t\t\tmargin: auto;\n\t\t\t}\n\t\t\t#gallery-1 .gallery-item {\n\t\t\t\tfloat: left;\n\t\t\t\tmargin-top: 10px;\n\t\t\t\ttext-align: center;\n\t\t\t\twidth: 50%;\n\t\t\t}\n\t\t\t#gallery-1 img {\n\t\t\t\tborder: 2px solid #cfcfcf;\n\t\t\t}\n\t\t\t#gallery-1 .gallery-caption {\n\t\t\t\tmargin-left: 0;\n\t\t\t}\n\t\t\t\/* see gallery_shortcode() in wp-includes\/media.php *\/\n\t\t<\/style>\n\t\t<div id='gallery-1' class='gallery galleryid-34075 gallery-columns-2 gallery-size-thumbnail'><dl class='gallery-item'>\n\t\t\t<dt class='gallery-icon landscape'>\n\t\t\t\t<a href='https:\/\/www.riogrande.rs.gov.br\/smed\/wp-content\/uploads\/2019\/06\/20190619-ped-pedro2-image1.jpg' rel=\"lightbox[34075]\"><img loading=\"lazy\" decoding=\"async\" width=\"150\" height=\"150\" src=\"https:\/\/www.riogrande.rs.gov.br\/smed\/wp-content\/uploads\/2019\/06\/20190619-ped-pedro2-image1-150x150.jpg\" class=\"attachment-thumbnail size-thumbnail\" alt=\"\" aria-describedby=\"gallery-1-34076\" \/><\/a>\n\t\t\t<\/dt>\n\t\t\t\t<dd class='wp-caption-text gallery-caption' id='gallery-1-34076'>\n\t\t\t\tDivulga\u00e7\u00e3o\n\t\t\t\t<\/dd><\/dl><dl class='gallery-item'>\n\t\t\t<dt class='gallery-icon landscape'>\n\t\t\t\t<a href='https:\/\/www.riogrande.rs.gov.br\/smed\/wp-content\/uploads\/2019\/06\/20190619-ped-pedro2-image2.jpg' rel=\"lightbox[34075]\"><img loading=\"lazy\" decoding=\"async\" width=\"150\" height=\"150\" src=\"https:\/\/www.riogrande.rs.gov.br\/smed\/wp-content\/uploads\/2019\/06\/20190619-ped-pedro2-image2-150x150.jpg\" class=\"attachment-thumbnail size-thumbnail\" alt=\"\" aria-describedby=\"gallery-1-34077\" \/><\/a>\n\t\t\t<\/dt>\n\t\t\t\t<dd class='wp-caption-text gallery-caption' id='gallery-1-34077'>\n\t\t\t\tDivulga\u00e7\u00e3o\n\t\t\t\t<\/dd><\/dl><br style=\"clear: both\" \/><dl class='gallery-item'>\n\t\t\t<dt class='gallery-icon landscape'>\n\t\t\t\t<a href='https:\/\/www.riogrande.rs.gov.br\/smed\/wp-content\/uploads\/2019\/06\/20190619-ped-pedro2-image3.jpg' rel=\"lightbox[34075]\"><img loading=\"lazy\" decoding=\"async\" width=\"150\" height=\"150\" src=\"https:\/\/www.riogrande.rs.gov.br\/smed\/wp-content\/uploads\/2019\/06\/20190619-ped-pedro2-image3-150x150.jpg\" class=\"attachment-thumbnail size-thumbnail\" alt=\"\" aria-describedby=\"gallery-1-34078\" \/><\/a>\n\t\t\t<\/dt>\n\t\t\t\t<dd class='wp-caption-text gallery-caption' id='gallery-1-34078'>\n\t\t\t\tDivulga\u00e7\u00e3o\n\t\t\t\t<\/dd><\/dl><dl class='gallery-item'>\n\t\t\t<dt class='gallery-icon landscape'>\n\t\t\t\t<a href='https:\/\/www.riogrande.rs.gov.br\/smed\/wp-content\/uploads\/2019\/06\/20190619-ped-pedro2-image4.jpg' rel=\"lightbox[34075]\"><img loading=\"lazy\" decoding=\"async\" width=\"150\" height=\"150\" src=\"https:\/\/www.riogrande.rs.gov.br\/smed\/wp-content\/uploads\/2019\/06\/20190619-ped-pedro2-image4-150x150.jpg\" class=\"attachment-thumbnail size-thumbnail\" alt=\"\" aria-describedby=\"gallery-1-34079\" \/><\/a>\n\t\t\t<\/dt>\n\t\t\t\t<dd class='wp-caption-text gallery-caption' id='gallery-1-34079'>\n\t\t\t\tDivulga\u00e7\u00e3o\n\t\t\t\t<\/dd><\/dl><br style=\"clear: both\" \/>\n\t\t<\/div>\n\n<p style=\"text-align: justify;\">Nos turnos da manh\u00e3 e da tarde da \u00faltima ter\u00e7a-feira, dia <b>18 de junho<\/b>, a <strong>Escola Municipal de Ensino Fundamental<\/strong> <b>Dom Pedro II<\/b>, que est\u00e1 localizada no bairro S\u00e3o Jo\u00e3o, recebeu a tradicional visita do contador de hist\u00f3rias Rog\u00e9rio Rocha, que apresentou aos(\u00e0s) alunos(as) da Educa\u00e7\u00e3o Infantil ao 5\u00ba Ano uma das mais conhecidas lendas do Sul do Brasil: o Negrinho do Pastoreio, contribuindo, assim, com a vis\u00e3o da Escola de que a leitura e a conta\u00e7\u00e3o de hist\u00f3rias desperta a imagina\u00e7\u00e3o e o eu art\u00edstico das crian\u00e7as.<\/p>\n<p style=\"text-align: justify;\"><!--more--><\/p>\n<p style=\"text-align: justify;\">\u201c<b>As crian\u00e7as ficaram encantadas e prestaram aten\u00e7\u00e3o a cada detalhe dessa lenda. <\/b><b>Nossa escola participa do Projeto Semear Leitores, uma iniciativa da Funda\u00e7\u00e3o Bunge, que incentiva o contato entre as crian\u00e7as e os livros de forma atrativa e prazerosa. Os(as) alunos(as) frequentam a casa de leitura da escola semanalmente, e a leitura est\u00e1 inserida no planejamento semanal dos(as) professores(as)<\/b>\u201d, destacou a diretora Laura Concei\u00e7\u00e3o Viokboldt Ferreira.<\/p>\n<p>&nbsp;<\/p>\n<p style=\"text-align: right;\"><em>SMEd<\/em><br \/>\n<em>Roberton Reis<\/em><br \/>\n<em>Com informa\u00e7\u00f5es da EMEF Dom Pedro II<\/em><\/p>\n","protected":false},"excerpt":{"rendered":"<p>Nos turnos da manh\u00e3 e da tarde da \u00faltima ter\u00e7a-feira, dia 18 de junho, a Escola Municipal de Ensino Fundamental Dom Pedro II, que est\u00e1 localizada no bairro S\u00e3o Jo\u00e3o, recebeu a tradicional visita do contador de hist\u00f3rias Rog\u00e9rio Rocha, que apresentou aos(\u00e0s) alunos(as) da Educa\u00e7\u00e3o Infantil ao 5\u00ba Ano uma das mais conhecidas lendas [&hellip;]<\/p>\n","protected":false},"author":7,"featured_media":0,"comment_status":"closed","ping_status":"closed","sticky":false,"template":"","format":"standard","meta":{"footnotes":""},"categories":[1,13],"tags":[],"class_list":["post-34075","post","type-post","status-publish","format-standard","hentry","category-noticias","category-pedagogico"],"_links":{"self":[{"href":"https:\/\/www.riogrande.rs.gov.br\/smed\/index.php?rest_route=\/wp\/v2\/posts\/34075"}],"collection":[{"href":"https:\/\/www.riogrande.rs.gov.br\/smed\/index.php?rest_route=\/wp\/v2\/posts"}],"about":[{"href":"https:\/\/www.riogrande.rs.gov.br\/smed\/index.php?rest_route=\/wp\/v2\/types\/post"}],"author":[{"embeddable":true,"href":"https:\/\/www.riogrande.rs.gov.br\/smed\/index.php?rest_route=\/wp\/v2\/users\/7"}],"replies":[{"embeddable":true,"href":"https:\/\/www.riogrande.rs.gov.br\/smed\/index.php?rest_route=%2Fwp%2Fv2%2Fcomments&post=34075"}],"version-history":[{"count":1,"href":"https:\/\/www.riogrande.rs.gov.br\/smed\/index.php?rest_route=\/wp\/v2\/posts\/34075\/revisions"}],"predecessor-version":[{"id":34080,"href":"https:\/\/www.riogrande.rs.gov.br\/smed\/index.php?rest_route=\/wp\/v2\/posts\/34075\/revisions\/34080"}],"wp:attachment":[{"href":"https:\/\/www.riogrande.rs.gov.br\/smed\/index.php?rest_route=%2Fwp%2Fv2%2Fmedia&parent=34075"}],"wp:term":[{"taxonomy":"category","embeddable":true,"href":"https:\/\/www.riogrande.rs.gov.br\/smed\/index.php?rest_route=%2Fwp%2Fv2%2Fcategories&post=34075"},{"taxonomy":"post_tag","embeddable":true,"href":"https:\/\/www.riogrande.rs.gov.br\/smed\/index.php?rest_route=%2Fwp%2Fv2%2Ftags&post=34075"}],"curies":[{"name":"wp","href":"https:\/\/api.w.org\/{rel}","templated":true}]}}