{"id":34073,"date":"2019-06-19T15:07:47","date_gmt":"2019-06-19T18:07:47","guid":{"rendered":"http:\/\/www.riogrande.rs.gov.br\/smed\/?p=34073"},"modified":"2019-06-19T15:07:47","modified_gmt":"2019-06-19T18:07:47","slug":"smed-promove-3o-encontro-formativo-do-curso-de-producao-de-material-didatico-sobre-a-cidade-do-rio-grande-no-dia-25","status":"publish","type":"post","link":"https:\/\/www.riogrande.rs.gov.br\/smed\/?p=34073","title":{"rendered":"SMEd promove 3\u00ba Encontro Formativo do Curso de \u201cProdu\u00e7\u00e3o de Material Did\u00e1tico sobre a cidade do Rio Grande\u201d no dia 25"},"content":{"rendered":"<p style=\"text-align: justify;\">A Secretaria de Munic\u00edpio da Educa\u00e7\u00e3o de Rio Grande (SMEd), atrav\u00e9s do N\u00facleo dos Anos Iniciais, realizar\u00e1, na pr\u00f3xima ter\u00e7a-feira, dia <b>25 de junho<\/b>, \u00e0s <b>13h30min<\/b>, na <b>Unicesumar<\/b>, o terceiro encontro do processo formativo de \u201c<b>Produ\u00e7\u00e3o de Material Did\u00e1tico sobre a cidade do Rio Grande<\/b>\u201d.<\/p>\n<p style=\"text-align: justify;\"><!--more--><\/p>\n<p style=\"text-align: justify;\">Os encontros do processo formativo ocorrem mensalmente. Ainda haver\u00e1 mais cinco encontros, tendo como objetivo ampliar e compartilhar conhecimentos sobre a Cidade, bem como produzir material did\u00e1tico para ser utilizado nas escolas por estudantes e professores(as), potencializando a produ\u00e7\u00e3o de saberes locais e desenvolvendo, assim, o sentimento de pertencimento das crian\u00e7as, jovens e adolescentes \u00e0 sua cidade.<\/p>\n<p style=\"text-align: right;\"><i>SMEd<\/i><br \/>\n<i>Roberton Reis<\/i><\/p>\n","protected":false},"excerpt":{"rendered":"<p>A Secretaria de Munic\u00edpio da Educa\u00e7\u00e3o de Rio Grande (SMEd), atrav\u00e9s do N\u00facleo dos Anos Iniciais, realizar\u00e1, na pr\u00f3xima ter\u00e7a-feira, dia 25 de junho, \u00e0s 13h30min, na Unicesumar, o terceiro encontro do processo formativo de \u201cProdu\u00e7\u00e3o de Material Did\u00e1tico sobre a cidade do Rio Grande\u201d.<\/p>\n","protected":false},"author":7,"featured_media":0,"comment_status":"closed","ping_status":"closed","sticky":false,"template":"","format":"standard","meta":{"footnotes":""},"categories":[1,13],"tags":[],"class_list":["post-34073","post","type-post","status-publish","format-standard","hentry","category-noticias","category-pedagogico"],"_links":{"self":[{"href":"https:\/\/www.riogrande.rs.gov.br\/smed\/index.php?rest_route=\/wp\/v2\/posts\/34073"}],"collection":[{"href":"https:\/\/www.riogrande.rs.gov.br\/smed\/index.php?rest_route=\/wp\/v2\/posts"}],"about":[{"href":"https:\/\/www.riogrande.rs.gov.br\/smed\/index.php?rest_route=\/wp\/v2\/types\/post"}],"author":[{"embeddable":true,"href":"https:\/\/www.riogrande.rs.gov.br\/smed\/index.php?rest_route=\/wp\/v2\/users\/7"}],"replies":[{"embeddable":true,"href":"https:\/\/www.riogrande.rs.gov.br\/smed\/index.php?rest_route=%2Fwp%2Fv2%2Fcomments&post=34073"}],"version-history":[{"count":1,"href":"https:\/\/www.riogrande.rs.gov.br\/smed\/index.php?rest_route=\/wp\/v2\/posts\/34073\/revisions"}],"predecessor-version":[{"id":34074,"href":"https:\/\/www.riogrande.rs.gov.br\/smed\/index.php?rest_route=\/wp\/v2\/posts\/34073\/revisions\/34074"}],"wp:attachment":[{"href":"https:\/\/www.riogrande.rs.gov.br\/smed\/index.php?rest_route=%2Fwp%2Fv2%2Fmedia&parent=34073"}],"wp:term":[{"taxonomy":"category","embeddable":true,"href":"https:\/\/www.riogrande.rs.gov.br\/smed\/index.php?rest_route=%2Fwp%2Fv2%2Fcategories&post=34073"},{"taxonomy":"post_tag","embeddable":true,"href":"https:\/\/www.riogrande.rs.gov.br\/smed\/index.php?rest_route=%2Fwp%2Fv2%2Ftags&post=34073"}],"curies":[{"name":"wp","href":"https:\/\/api.w.org\/{rel}","templated":true}]}}