{"id":34062,"date":"2019-06-19T14:53:45","date_gmt":"2019-06-19T17:53:45","guid":{"rendered":"http:\/\/www.riogrande.rs.gov.br\/smed\/?p=34062"},"modified":"2019-06-19T14:53:45","modified_gmt":"2019-06-19T17:53:45","slug":"emef-coriolano-benicio-promove-festa-junina-no-dia-27","status":"publish","type":"post","link":"https:\/\/www.riogrande.rs.gov.br\/smed\/?p=34062","title":{"rendered":"EMEF Coriolano Ben\u00edcio promove \u201cFesta Junina\u201d no dia 27"},"content":{"rendered":"<div id=\"attachment_34063\" style=\"width: 495px\" class=\"wp-caption aligncenter\"><a href=\"http:\/\/www.riogrande.rs.gov.br\/smed\/wp-content\/uploads\/2019\/06\/20190619-ped-coriolano-image1.jpg\" rel=\"lightbox[34062]\"><img loading=\"lazy\" decoding=\"async\" aria-describedby=\"caption-attachment-34063\" class=\"size-medium wp-image-34063\" src=\"http:\/\/www.riogrande.rs.gov.br\/smed\/wp-content\/uploads\/2019\/06\/20190619-ped-coriolano-image1-485x676.jpg\" alt=\"\" width=\"485\" height=\"676\" srcset=\"https:\/\/www.riogrande.rs.gov.br\/smed\/wp-content\/uploads\/2019\/06\/20190619-ped-coriolano-image1-485x676.jpg 485w, https:\/\/www.riogrande.rs.gov.br\/smed\/wp-content\/uploads\/2019\/06\/20190619-ped-coriolano-image1-768x1070.jpg 768w, https:\/\/www.riogrande.rs.gov.br\/smed\/wp-content\/uploads\/2019\/06\/20190619-ped-coriolano-image1-149x207.jpg 149w, https:\/\/www.riogrande.rs.gov.br\/smed\/wp-content\/uploads\/2019\/06\/20190619-ped-coriolano-image1.jpg 800w\" sizes=\"(max-width: 485px) 100vw, 485px\" \/><\/a><p id=\"caption-attachment-34063\" class=\"wp-caption-text\">Divulga\u00e7\u00e3o<\/p><\/div>\n<p>&nbsp;<\/p>\n<p style=\"text-align: right;\"><em>SMEd<\/em><br \/>\n<em>Roberton Reis<\/em><br \/>\n<em>Com informa\u00e7\u00f5es da EMEF Coriolano Ben\u00edcio<\/em><\/p>\n","protected":false},"excerpt":{"rendered":"<p>&nbsp; SMEd Roberton Reis Com informa\u00e7\u00f5es da EMEF Coriolano Ben\u00edcio<\/p>\n","protected":false},"author":7,"featured_media":0,"comment_status":"closed","ping_status":"closed","sticky":false,"template":"","format":"standard","meta":{"footnotes":""},"categories":[1,13],"tags":[],"class_list":["post-34062","post","type-post","status-publish","format-standard","hentry","category-noticias","category-pedagogico"],"_links":{"self":[{"href":"https:\/\/www.riogrande.rs.gov.br\/smed\/index.php?rest_route=\/wp\/v2\/posts\/34062"}],"collection":[{"href":"https:\/\/www.riogrande.rs.gov.br\/smed\/index.php?rest_route=\/wp\/v2\/posts"}],"about":[{"href":"https:\/\/www.riogrande.rs.gov.br\/smed\/index.php?rest_route=\/wp\/v2\/types\/post"}],"author":[{"embeddable":true,"href":"https:\/\/www.riogrande.rs.gov.br\/smed\/index.php?rest_route=\/wp\/v2\/users\/7"}],"replies":[{"embeddable":true,"href":"https:\/\/www.riogrande.rs.gov.br\/smed\/index.php?rest_route=%2Fwp%2Fv2%2Fcomments&post=34062"}],"version-history":[{"count":1,"href":"https:\/\/www.riogrande.rs.gov.br\/smed\/index.php?rest_route=\/wp\/v2\/posts\/34062\/revisions"}],"predecessor-version":[{"id":34064,"href":"https:\/\/www.riogrande.rs.gov.br\/smed\/index.php?rest_route=\/wp\/v2\/posts\/34062\/revisions\/34064"}],"wp:attachment":[{"href":"https:\/\/www.riogrande.rs.gov.br\/smed\/index.php?rest_route=%2Fwp%2Fv2%2Fmedia&parent=34062"}],"wp:term":[{"taxonomy":"category","embeddable":true,"href":"https:\/\/www.riogrande.rs.gov.br\/smed\/index.php?rest_route=%2Fwp%2Fv2%2Fcategories&post=34062"},{"taxonomy":"post_tag","embeddable":true,"href":"https:\/\/www.riogrande.rs.gov.br\/smed\/index.php?rest_route=%2Fwp%2Fv2%2Ftags&post=34062"}],"curies":[{"name":"wp","href":"https:\/\/api.w.org\/{rel}","templated":true}]}}