{"id":34041,"date":"2019-06-18T13:33:26","date_gmt":"2019-06-18T16:33:26","guid":{"rendered":"http:\/\/www.riogrande.rs.gov.br\/smed\/?p=34041"},"modified":"2019-06-18T13:33:26","modified_gmt":"2019-06-18T16:33:26","slug":"galeria-breche-da-ebahl-recebe-exposicao-de-fotografia-de-robert-de-almeida-ate-a-proxima-quinta-feira-20","status":"publish","type":"post","link":"https:\/\/www.riogrande.rs.gov.br\/smed\/?p=34041","title":{"rendered":"Galeria Breche da EBAHL recebe &#8220;Exposi\u00e7\u00e3o de Fotografia&#8221; de Robert de Almeida at\u00e9 a pr\u00f3xima quinta-feira, 20"},"content":{"rendered":"<div id=\"attachment_34042\" style=\"width: 495px\" class=\"wp-caption aligncenter\"><a href=\"http:\/\/www.riogrande.rs.gov.br\/smed\/wp-content\/uploads\/2019\/06\/20190618-ped-ebahl-image1.jpg\" rel=\"lightbox[34041]\"><img loading=\"lazy\" decoding=\"async\" aria-describedby=\"caption-attachment-34042\" class=\"size-medium wp-image-34042\" src=\"http:\/\/www.riogrande.rs.gov.br\/smed\/wp-content\/uploads\/2019\/06\/20190618-ped-ebahl-image1-485x230.jpg\" alt=\"\" width=\"485\" height=\"230\" srcset=\"https:\/\/www.riogrande.rs.gov.br\/smed\/wp-content\/uploads\/2019\/06\/20190618-ped-ebahl-image1-485x230.jpg 485w, https:\/\/www.riogrande.rs.gov.br\/smed\/wp-content\/uploads\/2019\/06\/20190618-ped-ebahl-image1-768x365.jpg 768w, https:\/\/www.riogrande.rs.gov.br\/smed\/wp-content\/uploads\/2019\/06\/20190618-ped-ebahl-image1-436x207.jpg 436w, https:\/\/www.riogrande.rs.gov.br\/smed\/wp-content\/uploads\/2019\/06\/20190618-ped-ebahl-image1.jpg 800w\" sizes=\"(max-width: 485px) 100vw, 485px\" \/><\/a><p id=\"caption-attachment-34042\" class=\"wp-caption-text\">Divulga\u00e7\u00e3o<\/p><\/div>\n<p style=\"text-align: justify;\"><span style=\"font-weight: 400;\">A Galeria Breche da <strong>Escola de Belas Artes Heitor de Lemos<\/strong> (EBAHL) estar\u00e1 recebendo, at\u00e9 a pr\u00f3xima quinta-feira, dia <strong>20 de junho<\/strong>, a Exposi\u00e7\u00e3o de Fotografias do artista Robert de Almeida, que \u00e9 professor de linguagens e tem na fotografia, uma atividade que come\u00e7ou por hobby, o seu trabalho art\u00edstico do momento.<\/span><\/p>\n<p style=\"text-align: justify;\"><!--more--><\/p>\n<p style=\"text-align: justify;\"><span style=\"font-weight: 400;\">Sua forma\u00e7\u00e3o em fotografia, al\u00e9m de intuitiva, conta com sua participa\u00e7\u00e3o em in\u00fameros cursos e <em>workshops<\/em>, entre os quais destaca o aprendizado com o mestre Fernando Duran. Nesta exposi\u00e7\u00e3o, intitulada \u201c<strong>Express\u00f5es<\/strong>\u201d, Robert traz o seu olhar sobre o corpo do outro, tal como o corpo \u00e9, sem retoques, com sua beleza natural e sua express\u00e3o, reveladas no olhar, nos gestos, nas silhuetas e nas sombras, bem como as demonstra\u00e7\u00f5es expressas no pr\u00f3prio corpo, como as tatuagens e outras formas de arte que usam o corpo humano como tela.<\/span><\/p>\n<p style=\"text-align: justify;\"><span style=\"font-weight: 400;\">A exposi\u00e7\u00e3o estar\u00e1 aberta \u00e0 visita\u00e7\u00e3o at\u00e9 o 20 de junho, das 8h30min \u00e0s 20h30min, na Galeria da EBAHL, que est\u00e1 localizada na rua Jockey Club,194.<\/span><\/p>\n<p>&nbsp;<\/p>\n<p style=\"text-align: right;\"><em><span style=\"font-weight: 400;\">SMEd<\/span><\/em><br \/>\n<em><span style=\"font-weight: 400;\">Roberton Reis<\/span><\/em><br \/>\n<em><span style=\"font-weight: 400;\">Com informa\u00e7\u00f5es da EBAHL<\/span><\/em><\/p>\n","protected":false},"excerpt":{"rendered":"<p>A Galeria Breche da Escola de Belas Artes Heitor de Lemos (EBAHL) estar\u00e1 recebendo, at\u00e9 a pr\u00f3xima quinta-feira, dia 20 de junho, a Exposi\u00e7\u00e3o de Fotografias do artista Robert de Almeida, que \u00e9 professor de linguagens e tem na fotografia, uma atividade que come\u00e7ou por hobby, o seu trabalho art\u00edstico do momento.<\/p>\n","protected":false},"author":7,"featured_media":0,"comment_status":"closed","ping_status":"closed","sticky":false,"template":"","format":"standard","meta":{"footnotes":""},"categories":[1,13],"tags":[],"class_list":["post-34041","post","type-post","status-publish","format-standard","hentry","category-noticias","category-pedagogico"],"_links":{"self":[{"href":"https:\/\/www.riogrande.rs.gov.br\/smed\/index.php?rest_route=\/wp\/v2\/posts\/34041"}],"collection":[{"href":"https:\/\/www.riogrande.rs.gov.br\/smed\/index.php?rest_route=\/wp\/v2\/posts"}],"about":[{"href":"https:\/\/www.riogrande.rs.gov.br\/smed\/index.php?rest_route=\/wp\/v2\/types\/post"}],"author":[{"embeddable":true,"href":"https:\/\/www.riogrande.rs.gov.br\/smed\/index.php?rest_route=\/wp\/v2\/users\/7"}],"replies":[{"embeddable":true,"href":"https:\/\/www.riogrande.rs.gov.br\/smed\/index.php?rest_route=%2Fwp%2Fv2%2Fcomments&post=34041"}],"version-history":[{"count":1,"href":"https:\/\/www.riogrande.rs.gov.br\/smed\/index.php?rest_route=\/wp\/v2\/posts\/34041\/revisions"}],"predecessor-version":[{"id":34043,"href":"https:\/\/www.riogrande.rs.gov.br\/smed\/index.php?rest_route=\/wp\/v2\/posts\/34041\/revisions\/34043"}],"wp:attachment":[{"href":"https:\/\/www.riogrande.rs.gov.br\/smed\/index.php?rest_route=%2Fwp%2Fv2%2Fmedia&parent=34041"}],"wp:term":[{"taxonomy":"category","embeddable":true,"href":"https:\/\/www.riogrande.rs.gov.br\/smed\/index.php?rest_route=%2Fwp%2Fv2%2Fcategories&post=34041"},{"taxonomy":"post_tag","embeddable":true,"href":"https:\/\/www.riogrande.rs.gov.br\/smed\/index.php?rest_route=%2Fwp%2Fv2%2Ftags&post=34041"}],"curies":[{"name":"wp","href":"https:\/\/api.w.org\/{rel}","templated":true}]}}