{"id":34031,"date":"2019-06-18T13:17:05","date_gmt":"2019-06-18T16:17:05","guid":{"rendered":"http:\/\/www.riogrande.rs.gov.br\/smed\/?p=34031"},"modified":"2019-06-18T13:17:05","modified_gmt":"2019-06-18T16:17:05","slug":"alunosas-do-1o-ano-da-emef-sao-joao-batista-realizaram-exposicao-de-pipas","status":"publish","type":"post","link":"https:\/\/www.riogrande.rs.gov.br\/smed\/?p=34031","title":{"rendered":"Alunos(as) do 1\u00ba Ano da EMEF S\u00e3o Jo\u00e3o Batista realizaram \u201cExposi\u00e7\u00e3o de Pipas\u201d"},"content":{"rendered":"\n\t\t<style type=\"text\/css\">\n\t\t\t#gallery-1 {\n\t\t\t\tmargin: auto;\n\t\t\t}\n\t\t\t#gallery-1 .gallery-item {\n\t\t\t\tfloat: left;\n\t\t\t\tmargin-top: 10px;\n\t\t\t\ttext-align: center;\n\t\t\t\twidth: 50%;\n\t\t\t}\n\t\t\t#gallery-1 img {\n\t\t\t\tborder: 2px solid #cfcfcf;\n\t\t\t}\n\t\t\t#gallery-1 .gallery-caption {\n\t\t\t\tmargin-left: 0;\n\t\t\t}\n\t\t\t\/* see gallery_shortcode() in wp-includes\/media.php *\/\n\t\t<\/style>\n\t\t<div id='gallery-1' class='gallery galleryid-34031 gallery-columns-2 gallery-size-thumbnail'><dl class='gallery-item'>\n\t\t\t<dt class='gallery-icon landscape'>\n\t\t\t\t<a href='https:\/\/www.riogrande.rs.gov.br\/smed\/wp-content\/uploads\/2019\/06\/20190618-ped-batista-image1.jpg' rel=\"lightbox[34031]\"><img loading=\"lazy\" decoding=\"async\" width=\"150\" height=\"150\" src=\"https:\/\/www.riogrande.rs.gov.br\/smed\/wp-content\/uploads\/2019\/06\/20190618-ped-batista-image1-150x150.jpg\" class=\"attachment-thumbnail size-thumbnail\" alt=\"\" aria-describedby=\"gallery-1-34032\" \/><\/a>\n\t\t\t<\/dt>\n\t\t\t\t<dd class='wp-caption-text gallery-caption' id='gallery-1-34032'>\n\t\t\t\tDivulga\u00e7\u00e3o\n\t\t\t\t<\/dd><\/dl><dl class='gallery-item'>\n\t\t\t<dt class='gallery-icon portrait'>\n\t\t\t\t<a href='https:\/\/www.riogrande.rs.gov.br\/smed\/wp-content\/uploads\/2019\/06\/20190618-ped-batista-image2.jpg' rel=\"lightbox[34031]\"><img loading=\"lazy\" decoding=\"async\" width=\"150\" height=\"150\" src=\"https:\/\/www.riogrande.rs.gov.br\/smed\/wp-content\/uploads\/2019\/06\/20190618-ped-batista-image2-150x150.jpg\" class=\"attachment-thumbnail size-thumbnail\" alt=\"\" aria-describedby=\"gallery-1-34033\" \/><\/a>\n\t\t\t<\/dt>\n\t\t\t\t<dd class='wp-caption-text gallery-caption' id='gallery-1-34033'>\n\t\t\t\tDivulga\u00e7\u00e3o\n\t\t\t\t<\/dd><\/dl><br style=\"clear: both\" \/><dl class='gallery-item'>\n\t\t\t<dt class='gallery-icon portrait'>\n\t\t\t\t<a href='https:\/\/www.riogrande.rs.gov.br\/smed\/wp-content\/uploads\/2019\/06\/20190618-ped-batista-image3.jpg' rel=\"lightbox[34031]\"><img loading=\"lazy\" decoding=\"async\" width=\"150\" height=\"150\" src=\"https:\/\/www.riogrande.rs.gov.br\/smed\/wp-content\/uploads\/2019\/06\/20190618-ped-batista-image3-150x150.jpg\" class=\"attachment-thumbnail size-thumbnail\" alt=\"\" aria-describedby=\"gallery-1-34034\" \/><\/a>\n\t\t\t<\/dt>\n\t\t\t\t<dd class='wp-caption-text gallery-caption' id='gallery-1-34034'>\n\t\t\t\tDivulga\u00e7\u00e3o\n\t\t\t\t<\/dd><\/dl><dl class='gallery-item'>\n\t\t\t<dt class='gallery-icon landscape'>\n\t\t\t\t<a href='https:\/\/www.riogrande.rs.gov.br\/smed\/wp-content\/uploads\/2019\/06\/20190618-ped-batista-image4.jpg' rel=\"lightbox[34031]\"><img loading=\"lazy\" decoding=\"async\" width=\"150\" height=\"150\" src=\"https:\/\/www.riogrande.rs.gov.br\/smed\/wp-content\/uploads\/2019\/06\/20190618-ped-batista-image4-150x150.jpg\" class=\"attachment-thumbnail size-thumbnail\" alt=\"\" aria-describedby=\"gallery-1-34035\" \/><\/a>\n\t\t\t<\/dt>\n\t\t\t\t<dd class='wp-caption-text gallery-caption' id='gallery-1-34035'>\n\t\t\t\tDivulga\u00e7\u00e3o\n\t\t\t\t<\/dd><\/dl><br style=\"clear: both\" \/>\n\t\t<\/div>\n\n<p style=\"text-align: justify;\"><span style=\"font-weight: 400;\">No dia <\/span><b>07 de junho<\/b><span style=\"font-weight: 400;\">, os(as) alunos(as) da turma 10 (do 1\u00ba ano) da <strong>Escola Municipal de Ensino Fundamental<\/strong> <\/span><b>S\u00e3o Jo\u00e3o Batista<\/b><span style=\"font-weight: 400;\">, coordenados(as) pela Professora Luciana Machado, realizaram, no laborat\u00f3rio da Escola, \u00a0uma \u201c<\/span><b>Exposi\u00e7\u00e3o de Pipas<\/b><span style=\"font-weight: 400;\">\u201d, que ainda contou com a escolha da pipa mais criativa. Alunos(as), professores(as), equipe diretiva e pedag\u00f3gica, monitores e funcion\u00e1rias da Escola participaram da exposi\u00e7\u00e3o e da vota\u00e7\u00e3o.<\/span><\/p>\n<p style=\"text-align: justify;\"><!--more--><\/p>\n<p style=\"text-align: justify;\"><span style=\"font-weight: 400;\">Desde o m\u00eas de abril, a professora Luciana tem desenvolvido com seus(suas) alunos(as) o \u201c<strong>Projeto Brinquedos e Brincadeiras<\/strong>\u201d, onde s\u00e3o constru\u00eddos brinquedos com a utiliza\u00e7\u00e3o de materiais recicl\u00e1veis: avi\u00e3o, bilboqu\u00ea, ioi\u00f4, entre outros.<\/span><\/p>\n<p>&nbsp;<\/p>\n<p style=\"text-align: right;\"><em><span style=\"font-weight: 400;\">SMEd<\/span><\/em><br \/>\n<em><span style=\"font-weight: 400;\">Roberton Reis<\/span><\/em><br \/>\n<em><span style=\"font-weight: 400;\">Com informa\u00e7\u00f5es da EMEF S\u00e3o Jo\u00e3o Batista<\/span><\/em><\/p>\n","protected":false},"excerpt":{"rendered":"<p>No dia 07 de junho, os(as) alunos(as) da turma 10 (do 1\u00ba ano) da Escola Municipal de Ensino Fundamental S\u00e3o Jo\u00e3o Batista, coordenados(as) pela Professora Luciana Machado, realizaram, no laborat\u00f3rio da Escola, \u00a0uma \u201cExposi\u00e7\u00e3o de Pipas\u201d, que ainda contou com a escolha da pipa mais criativa. Alunos(as), professores(as), equipe diretiva e pedag\u00f3gica, monitores e funcion\u00e1rias [&hellip;]<\/p>\n","protected":false},"author":7,"featured_media":0,"comment_status":"closed","ping_status":"closed","sticky":false,"template":"","format":"standard","meta":{"footnotes":""},"categories":[1,13],"tags":[],"class_list":["post-34031","post","type-post","status-publish","format-standard","hentry","category-noticias","category-pedagogico"],"_links":{"self":[{"href":"https:\/\/www.riogrande.rs.gov.br\/smed\/index.php?rest_route=\/wp\/v2\/posts\/34031"}],"collection":[{"href":"https:\/\/www.riogrande.rs.gov.br\/smed\/index.php?rest_route=\/wp\/v2\/posts"}],"about":[{"href":"https:\/\/www.riogrande.rs.gov.br\/smed\/index.php?rest_route=\/wp\/v2\/types\/post"}],"author":[{"embeddable":true,"href":"https:\/\/www.riogrande.rs.gov.br\/smed\/index.php?rest_route=\/wp\/v2\/users\/7"}],"replies":[{"embeddable":true,"href":"https:\/\/www.riogrande.rs.gov.br\/smed\/index.php?rest_route=%2Fwp%2Fv2%2Fcomments&post=34031"}],"version-history":[{"count":1,"href":"https:\/\/www.riogrande.rs.gov.br\/smed\/index.php?rest_route=\/wp\/v2\/posts\/34031\/revisions"}],"predecessor-version":[{"id":34036,"href":"https:\/\/www.riogrande.rs.gov.br\/smed\/index.php?rest_route=\/wp\/v2\/posts\/34031\/revisions\/34036"}],"wp:attachment":[{"href":"https:\/\/www.riogrande.rs.gov.br\/smed\/index.php?rest_route=%2Fwp%2Fv2%2Fmedia&parent=34031"}],"wp:term":[{"taxonomy":"category","embeddable":true,"href":"https:\/\/www.riogrande.rs.gov.br\/smed\/index.php?rest_route=%2Fwp%2Fv2%2Fcategories&post=34031"},{"taxonomy":"post_tag","embeddable":true,"href":"https:\/\/www.riogrande.rs.gov.br\/smed\/index.php?rest_route=%2Fwp%2Fv2%2Ftags&post=34031"}],"curies":[{"name":"wp","href":"https:\/\/api.w.org\/{rel}","templated":true}]}}