{"id":34012,"date":"2019-06-17T15:32:23","date_gmt":"2019-06-17T18:32:23","guid":{"rendered":"http:\/\/www.riogrande.rs.gov.br\/smed\/?p=34012"},"modified":"2019-06-17T15:32:23","modified_gmt":"2019-06-17T18:32:23","slug":"7o-seminario-municipal-de-diversidade-e-inclusao-da-smed-periodo-de-inscricoes-iniciou-nesta-segunda-feira-17","status":"publish","type":"post","link":"https:\/\/www.riogrande.rs.gov.br\/smed\/?p=34012","title":{"rendered":"\u201c7\u00ba Semin\u00e1rio Municipal de Diversidade e Inclus\u00e3o\u201d da SMEd: Per\u00edodo de inscri\u00e7\u00f5es iniciou nesta segunda-feira, 17"},"content":{"rendered":"<p><a href=\"http:\/\/www.riogrande.rs.gov.br\/smed\/wp-content\/uploads\/2019\/06\/20190614-ped-folder-folder.jpg\" rel=\"lightbox[34012]\"><img loading=\"lazy\" decoding=\"async\" class=\"aligncenter size-medium wp-image-33985\" src=\"http:\/\/www.riogrande.rs.gov.br\/smed\/wp-content\/uploads\/2019\/06\/20190614-ped-folder-folder-485x343.jpg\" alt=\"\" width=\"485\" height=\"343\" srcset=\"https:\/\/www.riogrande.rs.gov.br\/smed\/wp-content\/uploads\/2019\/06\/20190614-ped-folder-folder-485x343.jpg 485w, https:\/\/www.riogrande.rs.gov.br\/smed\/wp-content\/uploads\/2019\/06\/20190614-ped-folder-folder-768x543.jpg 768w, https:\/\/www.riogrande.rs.gov.br\/smed\/wp-content\/uploads\/2019\/06\/20190614-ped-folder-folder-293x207.jpg 293w, https:\/\/www.riogrande.rs.gov.br\/smed\/wp-content\/uploads\/2019\/06\/20190614-ped-folder-folder.jpg 1754w\" sizes=\"(max-width: 485px) 100vw, 485px\" \/><\/a><\/p>\n<p style=\"text-align: justify;\">A Secretaria de Munic\u00edpio da Educa\u00e7\u00e3o de Rio Grande (SMEd), atrav\u00e9s do N\u00facleo de Diversidade e Inclus\u00e3o, informa que iniciou nesta segunda-feira, dia <b>17 de junho<\/b>, o per\u00edodo de inscri\u00e7\u00f5es para o \u201c<b>7\u00ba Semin\u00e1rio Municipal de Diversidade e Inclus\u00e3o<\/b>\u201d, que acontecer\u00e1 nos dias <b>1\u00ba e 02 de julho<\/b>, \u00e0s <b>18h<\/b>, no <b>CIDEC-Sul da FURG<\/b>.<\/p>\n<p style=\"text-align: justify;\"><!--more--><\/p>\n<p style=\"text-align: justify;\">A 7\u00aa edi\u00e7\u00e3o do <b>Semin\u00e1rio Municipal de Diversidade e Inclus\u00e3o<\/b> integra a programa\u00e7\u00e3o dos &#8220;<b>50 anos da SMEd<\/b>&#8221; e abra\u00e7a a tem\u00e1tica anual norteadora das a\u00e7\u00f5es pedag\u00f3gicas da Secretaria, \u201d<b>Navegar \u00e9 preciso!<\/b>\u201d, \u00a0atrav\u00e9s do tema: &#8220;<b>Navegando por rotas desafiadoras das estrat\u00e9gias inclusivas<\/b>&#8220;. O principal objetivo do Evento \u00e9 oportunizar reflex\u00f5es e di\u00e1logos acerca dos desafios atuais enfrentados pela escola, frente \u00e0 diversidade que se apresenta e as estrat\u00e9gias necess\u00e1rias \u00e0 Inclus\u00e3o.<\/p>\n<p style=\"text-align: justify;\">Poder\u00e3o inscrever-se e participar, os(as) professores(as), diretores(as), supervisores(as), coordenadores(as) pedag\u00f3gicos(as), orientadores(as), monitores(as), familiares e funcion\u00e1rios(as) da Rede P\u00fablica Municipal de Ensino e das Escolas Especiais do munic\u00edpio do Rio Grande.<\/p>\n<p style=\"text-align: justify;\">As inscri\u00e7\u00f5es para o <b>7\u00ba Semin\u00e1rio Municipal de Diversidade e Inclus\u00e3o <\/b>s\u00e3o gratuitas e online, e podem ser realizadas at\u00e9 o dia<b> 26 de junho<\/b> (ou enquanto houver vagas), acessando <a href=\"https:\/\/docs.google.com\/forms\/d\/1hRXnK7KJFv_QDCNRSWSghcVoXpsg51orbxCx_6HdVqw\/closedform\" target=\"_blank\" rel=\"noopener noreferrer\"><b>aqui<\/b><\/a>.<\/p>\n<p style=\"text-align: justify;\">Acesse <a href=\"http:\/\/www.riogrande.rs.gov.br\/smed\/wp-content\/uploads\/2019\/06\/20190614-ped-folder-folder.jpg\" target=\"_blank\" rel=\"noopener noreferrer\" rel=\"lightbox[34012]\"><b>aqui<\/b><\/a> o Cronograma do <b>7\u00ba Semin\u00e1rio Municipal de Diversidade e Inclus\u00e3o<\/b>. Embarque nesta &#8220;viagem&#8221;, pois &#8220;Navegar \u00e9 preciso!\u201d.<\/p>\n<p>&nbsp;<\/p>\n<p style=\"text-align: right;\"><em>SMEd<\/em><br \/>\n<em>Roberton Reis<\/em><br \/>\n<em>Com informa\u00e7\u00f5es do N\u00facleo de Diversidade e Inclus\u00e3o<\/em><\/p>\n","protected":false},"excerpt":{"rendered":"<p>A Secretaria de Munic\u00edpio da Educa\u00e7\u00e3o de Rio Grande (SMEd), atrav\u00e9s do N\u00facleo de Diversidade e Inclus\u00e3o, informa que iniciou nesta segunda-feira, dia 17 de junho, o per\u00edodo de inscri\u00e7\u00f5es para o \u201c7\u00ba Semin\u00e1rio Municipal de Diversidade e Inclus\u00e3o\u201d, que acontecer\u00e1 nos dias 1\u00ba e 02 de julho, \u00e0s 18h, no CIDEC-Sul da FURG.<\/p>\n","protected":false},"author":7,"featured_media":0,"comment_status":"closed","ping_status":"closed","sticky":false,"template":"","format":"standard","meta":{"footnotes":""},"categories":[1,13],"tags":[],"class_list":["post-34012","post","type-post","status-publish","format-standard","hentry","category-noticias","category-pedagogico"],"_links":{"self":[{"href":"https:\/\/www.riogrande.rs.gov.br\/smed\/index.php?rest_route=\/wp\/v2\/posts\/34012"}],"collection":[{"href":"https:\/\/www.riogrande.rs.gov.br\/smed\/index.php?rest_route=\/wp\/v2\/posts"}],"about":[{"href":"https:\/\/www.riogrande.rs.gov.br\/smed\/index.php?rest_route=\/wp\/v2\/types\/post"}],"author":[{"embeddable":true,"href":"https:\/\/www.riogrande.rs.gov.br\/smed\/index.php?rest_route=\/wp\/v2\/users\/7"}],"replies":[{"embeddable":true,"href":"https:\/\/www.riogrande.rs.gov.br\/smed\/index.php?rest_route=%2Fwp%2Fv2%2Fcomments&post=34012"}],"version-history":[{"count":1,"href":"https:\/\/www.riogrande.rs.gov.br\/smed\/index.php?rest_route=\/wp\/v2\/posts\/34012\/revisions"}],"predecessor-version":[{"id":34013,"href":"https:\/\/www.riogrande.rs.gov.br\/smed\/index.php?rest_route=\/wp\/v2\/posts\/34012\/revisions\/34013"}],"wp:attachment":[{"href":"https:\/\/www.riogrande.rs.gov.br\/smed\/index.php?rest_route=%2Fwp%2Fv2%2Fmedia&parent=34012"}],"wp:term":[{"taxonomy":"category","embeddable":true,"href":"https:\/\/www.riogrande.rs.gov.br\/smed\/index.php?rest_route=%2Fwp%2Fv2%2Fcategories&post=34012"},{"taxonomy":"post_tag","embeddable":true,"href":"https:\/\/www.riogrande.rs.gov.br\/smed\/index.php?rest_route=%2Fwp%2Fv2%2Ftags&post=34012"}],"curies":[{"name":"wp","href":"https:\/\/api.w.org\/{rel}","templated":true}]}}