{"id":34005,"date":"2019-06-17T15:16:53","date_gmt":"2019-06-17T18:16:53","guid":{"rendered":"http:\/\/www.riogrande.rs.gov.br\/smed\/?p=34005"},"modified":"2019-06-17T15:17:15","modified_gmt":"2019-06-17T18:17:15","slug":"34005","status":"publish","type":"post","link":"https:\/\/www.riogrande.rs.gov.br\/smed\/?p=34005","title":{"rendered":"EMEI Castelo Branco promove \u201cFesta Junina\u201d na quarta-feira, 19"},"content":{"rendered":"<div id=\"attachment_34006\" style=\"width: 495px\" class=\"wp-caption aligncenter\"><a href=\"http:\/\/www.riogrande.rs.gov.br\/smed\/wp-content\/uploads\/2019\/06\/20190617-ped-branco-image1.jpg\" rel=\"lightbox[34005]\"><img loading=\"lazy\" decoding=\"async\" aria-describedby=\"caption-attachment-34006\" class=\"size-medium wp-image-34006\" src=\"http:\/\/www.riogrande.rs.gov.br\/smed\/wp-content\/uploads\/2019\/06\/20190617-ped-branco-image1-485x281.jpg\" alt=\"\" width=\"485\" height=\"281\" srcset=\"https:\/\/www.riogrande.rs.gov.br\/smed\/wp-content\/uploads\/2019\/06\/20190617-ped-branco-image1-485x281.jpg 485w, https:\/\/www.riogrande.rs.gov.br\/smed\/wp-content\/uploads\/2019\/06\/20190617-ped-branco-image1-357x207.jpg 357w, https:\/\/www.riogrande.rs.gov.br\/smed\/wp-content\/uploads\/2019\/06\/20190617-ped-branco-image1.jpg 750w\" sizes=\"(max-width: 485px) 100vw, 485px\" \/><\/a><p id=\"caption-attachment-34006\" class=\"wp-caption-text\">Divulga\u00e7\u00e3o<\/p><\/div>\n<p style=\"text-align: justify;\">Na pr\u00f3xima quarta-feira, dia <b>19 de junho<\/b>, a partir das <b>13h30min<\/b>, a <strong>Escola Municipal de Educa\u00e7\u00e3o Infantil<\/strong> <b>Castelo Branco<\/b>, que est\u00e1 localizada no bairro hom\u00f4nimo, realizar\u00e1 a sua \u201c<b>Festa Junina<\/b>\u201d.<\/p>\n<p style=\"text-align: right;\"><em>SMEd<\/em><br \/>\n<em>Roberton Reis<\/em><br \/>\n<em>Com informa\u00e7\u00f5es da EMEI Castelo Branco<\/em><\/p>\n","protected":false},"excerpt":{"rendered":"<p>Na pr\u00f3xima quarta-feira, dia 19 de junho, a partir das 13h30min, a Escola Municipal de Educa\u00e7\u00e3o Infantil Castelo Branco, que est\u00e1 localizada no bairro hom\u00f4nimo, realizar\u00e1 a sua \u201cFesta Junina\u201d. SMEd Roberton Reis Com informa\u00e7\u00f5es da EMEI Castelo Branco<\/p>\n","protected":false},"author":7,"featured_media":0,"comment_status":"closed","ping_status":"closed","sticky":false,"template":"","format":"standard","meta":{"footnotes":""},"categories":[1,13],"tags":[],"class_list":["post-34005","post","type-post","status-publish","format-standard","hentry","category-noticias","category-pedagogico"],"_links":{"self":[{"href":"https:\/\/www.riogrande.rs.gov.br\/smed\/index.php?rest_route=\/wp\/v2\/posts\/34005"}],"collection":[{"href":"https:\/\/www.riogrande.rs.gov.br\/smed\/index.php?rest_route=\/wp\/v2\/posts"}],"about":[{"href":"https:\/\/www.riogrande.rs.gov.br\/smed\/index.php?rest_route=\/wp\/v2\/types\/post"}],"author":[{"embeddable":true,"href":"https:\/\/www.riogrande.rs.gov.br\/smed\/index.php?rest_route=\/wp\/v2\/users\/7"}],"replies":[{"embeddable":true,"href":"https:\/\/www.riogrande.rs.gov.br\/smed\/index.php?rest_route=%2Fwp%2Fv2%2Fcomments&post=34005"}],"version-history":[{"count":2,"href":"https:\/\/www.riogrande.rs.gov.br\/smed\/index.php?rest_route=\/wp\/v2\/posts\/34005\/revisions"}],"predecessor-version":[{"id":34008,"href":"https:\/\/www.riogrande.rs.gov.br\/smed\/index.php?rest_route=\/wp\/v2\/posts\/34005\/revisions\/34008"}],"wp:attachment":[{"href":"https:\/\/www.riogrande.rs.gov.br\/smed\/index.php?rest_route=%2Fwp%2Fv2%2Fmedia&parent=34005"}],"wp:term":[{"taxonomy":"category","embeddable":true,"href":"https:\/\/www.riogrande.rs.gov.br\/smed\/index.php?rest_route=%2Fwp%2Fv2%2Fcategories&post=34005"},{"taxonomy":"post_tag","embeddable":true,"href":"https:\/\/www.riogrande.rs.gov.br\/smed\/index.php?rest_route=%2Fwp%2Fv2%2Ftags&post=34005"}],"curies":[{"name":"wp","href":"https:\/\/api.w.org\/{rel}","templated":true}]}}