{"id":33996,"date":"2019-06-14T18:26:08","date_gmt":"2019-06-14T21:26:08","guid":{"rendered":"http:\/\/www.riogrande.rs.gov.br\/smed\/?p=33996"},"modified":"2019-06-14T19:36:12","modified_gmt":"2019-06-14T22:36:12","slug":"smed-promove-reuniao-com-coordenadoresas-pedagogicosas-das-escolas-particulares-da-educacao-infantil-na-proxima-segunda-feira-17","status":"publish","type":"post","link":"https:\/\/www.riogrande.rs.gov.br\/smed\/?p=33996","title":{"rendered":"SMEd promove reuni\u00e3o com Coordenadores(as) Pedag\u00f3gicos(as) das Escolas Particulares da Educa\u00e7\u00e3o Infantil na pr\u00f3xima segunda-feira, 17"},"content":{"rendered":"<p style=\"text-align: justify;\">A Secretaria de Munic\u00edpio da Educa\u00e7\u00e3o de Rio Grande (SMEd), atrav\u00e9s do N\u00facleo de Educa\u00e7\u00e3o Infantil, realizar\u00e1, na pr\u00f3xima segunda-feira, dia <b>17 de junho<\/b>, \u00e0s <b>14h<\/b>, na <b>sala 203 do SENAC\/Rio Grande<\/b>, que est\u00e1 localizado na Rua Rua Rep\u00fablica do L\u00edbano, 88, bairro Centro, reuni\u00e3o com os(as) coordenadores(as) pedag\u00f3gicos(as) das Escolas Particulares de Educa\u00e7\u00e3o Infantil, autorizadas pelo Conselho Municipal de Educa\u00e7\u00e3o (CME).<\/p>\n<p style=\"text-align: justify;\"><!--more--><\/p>\n<p style=\"text-align: justify;\">De acordo com a coordena\u00e7\u00e3o do N\u00facleo de Educa\u00e7\u00e3o Infantil, a reuni\u00e3o tratar\u00e1 sobre a constru\u00e7\u00e3o do \u201c<b>Referencial Curricular Municipal do Rio Grande para a Educa\u00e7\u00e3o Infantil<\/b>\u201d, com o objetivo de oportunizar aos(\u00e0s) coordenadores(as) o conhecimento dos novos documentos que ir\u00e3o nortear o trabalho na Educa\u00e7\u00e3o Infantil, para que possam contribuir na elabora\u00e7\u00e3o do mesmo.<\/p>\n<p style=\"text-align: right;\"><em>SMEd<\/em><br \/>\n<em>Roberton Reis<\/em><br \/>\n<em>Com informa\u00e7\u00f5es do N\u00facleo de Educa\u00e7\u00e3o Infantil<\/em><\/p>\n","protected":false},"excerpt":{"rendered":"<p>A Secretaria de Munic\u00edpio da Educa\u00e7\u00e3o de Rio Grande (SMEd), atrav\u00e9s do N\u00facleo de Educa\u00e7\u00e3o Infantil, realizar\u00e1, na pr\u00f3xima segunda-feira, dia 17 de junho, \u00e0s 14h, na sala 203 do SENAC\/Rio Grande, que est\u00e1 localizado na Rua Rua Rep\u00fablica do L\u00edbano, 88, bairro Centro, reuni\u00e3o com os(as) coordenadores(as) pedag\u00f3gicos(as) das Escolas Particulares de Educa\u00e7\u00e3o Infantil, [&hellip;]<\/p>\n","protected":false},"author":7,"featured_media":0,"comment_status":"closed","ping_status":"closed","sticky":false,"template":"","format":"standard","meta":{"footnotes":""},"categories":[1,13],"tags":[],"class_list":["post-33996","post","type-post","status-publish","format-standard","hentry","category-noticias","category-pedagogico"],"_links":{"self":[{"href":"https:\/\/www.riogrande.rs.gov.br\/smed\/index.php?rest_route=\/wp\/v2\/posts\/33996"}],"collection":[{"href":"https:\/\/www.riogrande.rs.gov.br\/smed\/index.php?rest_route=\/wp\/v2\/posts"}],"about":[{"href":"https:\/\/www.riogrande.rs.gov.br\/smed\/index.php?rest_route=\/wp\/v2\/types\/post"}],"author":[{"embeddable":true,"href":"https:\/\/www.riogrande.rs.gov.br\/smed\/index.php?rest_route=\/wp\/v2\/users\/7"}],"replies":[{"embeddable":true,"href":"https:\/\/www.riogrande.rs.gov.br\/smed\/index.php?rest_route=%2Fwp%2Fv2%2Fcomments&post=33996"}],"version-history":[{"count":2,"href":"https:\/\/www.riogrande.rs.gov.br\/smed\/index.php?rest_route=\/wp\/v2\/posts\/33996\/revisions"}],"predecessor-version":[{"id":33998,"href":"https:\/\/www.riogrande.rs.gov.br\/smed\/index.php?rest_route=\/wp\/v2\/posts\/33996\/revisions\/33998"}],"wp:attachment":[{"href":"https:\/\/www.riogrande.rs.gov.br\/smed\/index.php?rest_route=%2Fwp%2Fv2%2Fmedia&parent=33996"}],"wp:term":[{"taxonomy":"category","embeddable":true,"href":"https:\/\/www.riogrande.rs.gov.br\/smed\/index.php?rest_route=%2Fwp%2Fv2%2Fcategories&post=33996"},{"taxonomy":"post_tag","embeddable":true,"href":"https:\/\/www.riogrande.rs.gov.br\/smed\/index.php?rest_route=%2Fwp%2Fv2%2Ftags&post=33996"}],"curies":[{"name":"wp","href":"https:\/\/api.w.org\/{rel}","templated":true}]}}