{"id":33984,"date":"2019-06-14T12:44:44","date_gmt":"2019-06-14T15:44:44","guid":{"rendered":"http:\/\/www.riogrande.rs.gov.br\/smed\/?p=33984"},"modified":"2019-06-14T12:44:44","modified_gmt":"2019-06-14T15:44:44","slug":"periodo-de-inscricoes-para-o-7o-seminario-municipal-de-diversidade-e-inclusao-da-smed-inicia-na-proxima-segunda-feira-17","status":"publish","type":"post","link":"https:\/\/www.riogrande.rs.gov.br\/smed\/?p=33984","title":{"rendered":"Per\u00edodo de inscri\u00e7\u00f5es para o \u201c7\u00ba Semin\u00e1rio Municipal de Diversidade e Inclus\u00e3o\u201d da SMEd inicia na pr\u00f3xima segunda-feira, 17"},"content":{"rendered":"<div id=\"attachment_33986\" style=\"width: 495px\" class=\"wp-caption aligncenter\"><a href=\"http:\/\/www.riogrande.rs.gov.br\/smed\/wp-content\/uploads\/2019\/06\/20190614-ped-folder-folder-1.jpg\" rel=\"lightbox[33984]\"><img loading=\"lazy\" decoding=\"async\" aria-describedby=\"caption-attachment-33986\" class=\"size-medium wp-image-33986\" src=\"http:\/\/www.riogrande.rs.gov.br\/smed\/wp-content\/uploads\/2019\/06\/20190614-ped-folder-folder-1-485x343.jpg\" alt=\"\" width=\"485\" height=\"343\" srcset=\"https:\/\/www.riogrande.rs.gov.br\/smed\/wp-content\/uploads\/2019\/06\/20190614-ped-folder-folder-1-485x343.jpg 485w, https:\/\/www.riogrande.rs.gov.br\/smed\/wp-content\/uploads\/2019\/06\/20190614-ped-folder-folder-1-768x543.jpg 768w, https:\/\/www.riogrande.rs.gov.br\/smed\/wp-content\/uploads\/2019\/06\/20190614-ped-folder-folder-1-293x207.jpg 293w, https:\/\/www.riogrande.rs.gov.br\/smed\/wp-content\/uploads\/2019\/06\/20190614-ped-folder-folder-1.jpg 1754w\" sizes=\"(max-width: 485px) 100vw, 485px\" \/><\/a><p id=\"caption-attachment-33986\" class=\"wp-caption-text\">Divulga\u00e7\u00e3o<\/p><\/div>\n<p style=\"text-align: justify;\"><span style=\"font-weight: 400;\">A Secretaria de Munic\u00edpio da Educa\u00e7\u00e3o de Rio Grande (SMEd), atrav\u00e9s do N\u00facleo de Diversidade e Inclus\u00e3o, promover\u00e1, nos dias <\/span><b>1\u00ba e 02 de julho<\/b><span style=\"font-weight: 400;\">, \u00e0s <\/span><b>18h<\/b><span style=\"font-weight: 400;\">, no <\/span><b>CIDEC-Sul da FURG<\/b><span style=\"font-weight: 400;\">, o \u201c<\/span><b>7\u00ba Semin\u00e1rio Municipal de Diversidade e Inclus\u00e3o<\/b><span style=\"font-weight: 400;\">\u201d.<\/span><\/p>\n<p style=\"text-align: justify;\"><!--more--><\/p>\n<p style=\"text-align: justify;\"><span style=\"font-weight: 400;\">A 7\u00aa edi\u00e7\u00e3o do <\/span><b>Semin\u00e1rio Municipal de Diversidade e Inclus\u00e3o<\/b><span style=\"font-weight: 400;\"> integra a programa\u00e7\u00e3o dos &#8220;<\/span><b>50 anos da SMEd<\/b><span style=\"font-weight: 400;\">&#8221; e abra\u00e7a a tem\u00e1tica anual norteadora das a\u00e7\u00f5es pedag\u00f3gicas da Secretaria, \u201d<\/span><b>Navegar \u00e9 preciso!<\/b><span style=\"font-weight: 400;\">\u201d, \u00a0atrav\u00e9s do tema: &#8220;<\/span><b>Navegando por rotas desafiadoras das estrat\u00e9gias inclusivas<\/b><span style=\"font-weight: 400;\">&#8220;. O principal objetivo do Evento \u00e9 oportunizar reflex\u00f5es e di\u00e1logos acerca dos desafios atuais enfrentados pela escola, frente \u00e0 diversidade que se apresenta e as estrat\u00e9gias necess\u00e1rias \u00e0 Inclus\u00e3o.<\/span><\/p>\n<p style=\"text-align: justify;\"><span style=\"font-weight: 400;\">Poder\u00e3o inscrever-se e participar, os(as) professores(as), diretores(as), supervisores(as), coordenadores(as) pedag\u00f3gicos(as), orientadores(as), monitores(as), familiares e funcion\u00e1rios(as) da Rede P\u00fablica Municipal de Ensino e das Escolas Especiais do munic\u00edpio do Rio Grande.<\/span><\/p>\n<p style=\"text-align: justify;\"><span style=\"font-weight: 400;\">As inscri\u00e7\u00f5es para o <\/span><b>7\u00ba Semin\u00e1rio Municipal de Diversidade e Inclus\u00e3o <\/b><span style=\"font-weight: 400;\">s\u00e3o gratuitas e online, e<\/span> <span style=\"font-weight: 400;\">podem ser realizadas no per\u00edodo de <\/span><b>17 a 26 de junho<\/b><span style=\"font-weight: 400;\"> (ou enquanto houver vagas), acessando<\/span> <a href=\"https:\/\/docs.google.com\/forms\/d\/1hRXnK7KJFv_QDCNRSWSghcVoXpsg51orbxCx_6HdVqw\/closedform\" target=\"_blank\" rel=\"noopener noreferrer\"><b>aqui<\/b><\/a><span style=\"font-weight: 400;\">. <\/span><\/p>\n<p style=\"text-align: justify;\"><span style=\"font-weight: 400;\">Acesse <\/span><a href=\"http:\/\/www.riogrande.rs.gov.br\/smed\/wp-content\/uploads\/2019\/06\/20190614-ped-folder-folder.jpg\" target=\"_blank\" rel=\"noopener noreferrer\" rel=\"lightbox[33984]\"><b>aqui<\/b><\/a><span style=\"font-weight: 400;\"> o Cronograma do <\/span><b>7\u00ba Semin\u00e1rio Municipal de Diversidade e Inclus\u00e3o<\/b><span style=\"font-weight: 400;\">. Embarque nesta &#8220;<strong>viagem<\/strong>&#8220;, pois &#8220;<strong>Navegar \u00e9 preciso!<\/strong>\u201d.<\/span><\/p>\n<p>&nbsp;<\/p>\n<p style=\"text-align: right;\"><em><span style=\"font-weight: 400;\">SMEd<\/span><\/em><br \/>\n<em><span style=\"font-weight: 400;\">Roberton Reis<\/span><\/em><br \/>\n<em><span style=\"font-weight: 400;\">Com informa\u00e7\u00f5es do N\u00facleo de Diversidade e Inclus\u00e3o<\/span><\/em><\/p>\n","protected":false},"excerpt":{"rendered":"<p>A Secretaria de Munic\u00edpio da Educa\u00e7\u00e3o de Rio Grande (SMEd), atrav\u00e9s do N\u00facleo de Diversidade e Inclus\u00e3o, promover\u00e1, nos dias 1\u00ba e 02 de julho, \u00e0s 18h, no CIDEC-Sul da FURG, o \u201c7\u00ba Semin\u00e1rio Municipal de Diversidade e Inclus\u00e3o\u201d.<\/p>\n","protected":false},"author":7,"featured_media":0,"comment_status":"closed","ping_status":"closed","sticky":false,"template":"","format":"standard","meta":{"footnotes":""},"categories":[1,13],"tags":[],"class_list":["post-33984","post","type-post","status-publish","format-standard","hentry","category-noticias","category-pedagogico"],"_links":{"self":[{"href":"https:\/\/www.riogrande.rs.gov.br\/smed\/index.php?rest_route=\/wp\/v2\/posts\/33984"}],"collection":[{"href":"https:\/\/www.riogrande.rs.gov.br\/smed\/index.php?rest_route=\/wp\/v2\/posts"}],"about":[{"href":"https:\/\/www.riogrande.rs.gov.br\/smed\/index.php?rest_route=\/wp\/v2\/types\/post"}],"author":[{"embeddable":true,"href":"https:\/\/www.riogrande.rs.gov.br\/smed\/index.php?rest_route=\/wp\/v2\/users\/7"}],"replies":[{"embeddable":true,"href":"https:\/\/www.riogrande.rs.gov.br\/smed\/index.php?rest_route=%2Fwp%2Fv2%2Fcomments&post=33984"}],"version-history":[{"count":1,"href":"https:\/\/www.riogrande.rs.gov.br\/smed\/index.php?rest_route=\/wp\/v2\/posts\/33984\/revisions"}],"predecessor-version":[{"id":33987,"href":"https:\/\/www.riogrande.rs.gov.br\/smed\/index.php?rest_route=\/wp\/v2\/posts\/33984\/revisions\/33987"}],"wp:attachment":[{"href":"https:\/\/www.riogrande.rs.gov.br\/smed\/index.php?rest_route=%2Fwp%2Fv2%2Fmedia&parent=33984"}],"wp:term":[{"taxonomy":"category","embeddable":true,"href":"https:\/\/www.riogrande.rs.gov.br\/smed\/index.php?rest_route=%2Fwp%2Fv2%2Fcategories&post=33984"},{"taxonomy":"post_tag","embeddable":true,"href":"https:\/\/www.riogrande.rs.gov.br\/smed\/index.php?rest_route=%2Fwp%2Fv2%2Ftags&post=33984"}],"curies":[{"name":"wp","href":"https:\/\/api.w.org\/{rel}","templated":true}]}}