{"id":33978,"date":"2019-06-14T12:33:56","date_gmt":"2019-06-14T15:33:56","guid":{"rendered":"http:\/\/www.riogrande.rs.gov.br\/smed\/?p=33978"},"modified":"2019-06-14T12:33:56","modified_gmt":"2019-06-14T15:33:56","slug":"alunosas-da-emef-manoel-martins-mano-participaram-de-atividades-do-projeto-promotores-da-paz","status":"publish","type":"post","link":"https:\/\/www.riogrande.rs.gov.br\/smed\/?p=33978","title":{"rendered":"Alunos(as) da EMEF Manoel Martins Mano participaram de atividades do Projeto \u201cPromotores da Paz\u201d"},"content":{"rendered":"\n\t\t<style type=\"text\/css\">\n\t\t\t#gallery-1 {\n\t\t\t\tmargin: auto;\n\t\t\t}\n\t\t\t#gallery-1 .gallery-item {\n\t\t\t\tfloat: left;\n\t\t\t\tmargin-top: 10px;\n\t\t\t\ttext-align: center;\n\t\t\t\twidth: 50%;\n\t\t\t}\n\t\t\t#gallery-1 img {\n\t\t\t\tborder: 2px solid #cfcfcf;\n\t\t\t}\n\t\t\t#gallery-1 .gallery-caption {\n\t\t\t\tmargin-left: 0;\n\t\t\t}\n\t\t\t\/* see gallery_shortcode() in wp-includes\/media.php *\/\n\t\t<\/style>\n\t\t<div id='gallery-1' class='gallery galleryid-33978 gallery-columns-2 gallery-size-thumbnail'><dl class='gallery-item'>\n\t\t\t<dt class='gallery-icon landscape'>\n\t\t\t\t<a href='https:\/\/www.riogrande.rs.gov.br\/smed\/wp-content\/uploads\/2019\/06\/20190614-ped-mano-image1.jpg' rel=\"lightbox[33978]\"><img loading=\"lazy\" decoding=\"async\" width=\"150\" height=\"150\" src=\"https:\/\/www.riogrande.rs.gov.br\/smed\/wp-content\/uploads\/2019\/06\/20190614-ped-mano-image1-150x150.jpg\" class=\"attachment-thumbnail size-thumbnail\" alt=\"\" aria-describedby=\"gallery-1-33979\" \/><\/a>\n\t\t\t<\/dt>\n\t\t\t\t<dd class='wp-caption-text gallery-caption' id='gallery-1-33979'>\n\t\t\t\tDivulga\u00e7\u00e3o\n\t\t\t\t<\/dd><\/dl><dl class='gallery-item'>\n\t\t\t<dt class='gallery-icon landscape'>\n\t\t\t\t<a href='https:\/\/www.riogrande.rs.gov.br\/smed\/wp-content\/uploads\/2019\/06\/20190614-ped-mano-image2.jpg' rel=\"lightbox[33978]\"><img loading=\"lazy\" decoding=\"async\" width=\"150\" height=\"150\" src=\"https:\/\/www.riogrande.rs.gov.br\/smed\/wp-content\/uploads\/2019\/06\/20190614-ped-mano-image2-150x150.jpg\" class=\"attachment-thumbnail size-thumbnail\" alt=\"\" aria-describedby=\"gallery-1-33980\" \/><\/a>\n\t\t\t<\/dt>\n\t\t\t\t<dd class='wp-caption-text gallery-caption' id='gallery-1-33980'>\n\t\t\t\tDivulga\u00e7\u00e3o\n\t\t\t\t<\/dd><\/dl><br style=\"clear: both\" \/><dl class='gallery-item'>\n\t\t\t<dt class='gallery-icon landscape'>\n\t\t\t\t<a href='https:\/\/www.riogrande.rs.gov.br\/smed\/wp-content\/uploads\/2019\/06\/20190614-ped-mano-image3.jpg' rel=\"lightbox[33978]\"><img loading=\"lazy\" decoding=\"async\" width=\"150\" height=\"150\" src=\"https:\/\/www.riogrande.rs.gov.br\/smed\/wp-content\/uploads\/2019\/06\/20190614-ped-mano-image3-150x150.jpg\" class=\"attachment-thumbnail size-thumbnail\" alt=\"\" aria-describedby=\"gallery-1-33981\" \/><\/a>\n\t\t\t<\/dt>\n\t\t\t\t<dd class='wp-caption-text gallery-caption' id='gallery-1-33981'>\n\t\t\t\tDivulga\u00e7\u00e3o\n\t\t\t\t<\/dd><\/dl><dl class='gallery-item'>\n\t\t\t<dt class='gallery-icon landscape'>\n\t\t\t\t<a href='https:\/\/www.riogrande.rs.gov.br\/smed\/wp-content\/uploads\/2019\/06\/20190614-ped-mano-image4.jpg' rel=\"lightbox[33978]\"><img loading=\"lazy\" decoding=\"async\" width=\"150\" height=\"150\" src=\"https:\/\/www.riogrande.rs.gov.br\/smed\/wp-content\/uploads\/2019\/06\/20190614-ped-mano-image4-150x150.jpg\" class=\"attachment-thumbnail size-thumbnail\" alt=\"\" aria-describedby=\"gallery-1-33982\" \/><\/a>\n\t\t\t<\/dt>\n\t\t\t\t<dd class='wp-caption-text gallery-caption' id='gallery-1-33982'>\n\t\t\t\tDivulga\u00e7\u00e3o\n\t\t\t\t<\/dd><\/dl><br style=\"clear: both\" \/>\n\t\t<\/div>\n\n<p style=\"text-align: justify;\"><span style=\"font-weight: 400;\">Dando andamento ao cronograma estabelecido, a Prefeitura do Rio Grande, atrav\u00e9s da Guarda Municipal, segue desenvolvendo o segundo ciclo de atividades do projeto social \u201c<strong>Promotores da Paz<\/strong>\u201d. A a\u00e7\u00e3o prop\u00f5e maior aproxima\u00e7\u00e3o com a comunidade escolar atrav\u00e9s da realiza\u00e7\u00e3o de aulas e palestras que abordam tem\u00e1ticas diversas, constru\u00eddas a partir de quest\u00f5es como: Civismo, cidadania, inclus\u00e3o social, pertencimento, drogadi\u00e7\u00e3o, dicas de seguran\u00e7a pessoal, meio ambiente e etc.<\/span><\/p>\n<p style=\"text-align: justify;\"><!--more--><\/p>\n<p style=\"text-align: justify;\"><span style=\"font-weight: 400;\">Segundo informa\u00e7\u00f5es da Secretaria de Munic\u00edpio de Mobilidade, Acessibilidade e Seguran\u00e7a (SMMAS), o trabalho visa estimular nos alunos a cria\u00e7\u00e3o de consci\u00eancia sobre suas virtudes, promover reflex\u00e3o sobre suas atitudes e despertar o interesse pelo conhecimento de seus direitos e deveres enquanto cidad\u00e3os. O projeto tem como conte\u00fado norteador uma apostila elaborada em parceria com a Secretaria de Munic\u00edpio da Educa\u00e7\u00e3o (SMEd).<\/span><\/p>\n<p style=\"text-align: justify;\"><span style=\"font-weight: 400;\">Ainda de acordo com a SMMAS, al\u00e9m das atividades pr\u00e9-programadas, a equipe de Guardas Municipais que atua no projeto tamb\u00e9m atende a solicita\u00e7\u00f5es espec\u00edficas de cada institui\u00e7\u00e3o de ensino. Professores e diretores acabam detectando quest\u00f5es pontuais que viram temas a serem abordados e discutidos com seus alunos.<\/span><\/p>\n<p style=\"text-align: justify;\"><span style=\"font-weight: 400;\">Assim, na \u00faltima segunda-feira, dia <\/span><b>10 de junho<\/b><span style=\"font-weight: 400;\">, os(as) alunos(as) do 7\u00ba Ano da <strong>Escola Municipal de Ensino Fundamental Prof.<\/strong> <\/span><b>Manoel Martins Mano<\/b><span style=\"font-weight: 400;\">, que est\u00e1 localizada no bairro Parque S\u00e3o Pedro, assistiram \u00e0 Palestra do Projeto \u201c<\/span><b>Promotores da Paz<\/b><span style=\"font-weight: 400;\">\u201d, promovida pelos agentes da Guarda Municipal, onde foram abordados assuntos como <\/span><span style=\"font-weight: 400;\">cidadania, bullying, respeito ao professor, desacato ao servidor p\u00fablico, entre outros.<\/span><\/p>\n<p>&nbsp;<\/p>\n<p style=\"text-align: right;\"><em><span style=\"font-weight: 400;\">SMEd<\/span><\/em><br \/>\n<em><span style=\"font-weight: 400;\">Roberton Reis<\/span><\/em><br \/>\n<em><span style=\"font-weight: 400;\">Com informa\u00e7\u00f5es da EMEF Prof. Manoel Martins Mano<\/span><\/em><\/p>\n","protected":false},"excerpt":{"rendered":"<p>Dando andamento ao cronograma estabelecido, a Prefeitura do Rio Grande, atrav\u00e9s da Guarda Municipal, segue desenvolvendo o segundo ciclo de atividades do projeto social \u201cPromotores da Paz\u201d. A a\u00e7\u00e3o prop\u00f5e maior aproxima\u00e7\u00e3o com a comunidade escolar atrav\u00e9s da realiza\u00e7\u00e3o de aulas e palestras que abordam tem\u00e1ticas diversas, constru\u00eddas a partir de quest\u00f5es como: Civismo, cidadania, [&hellip;]<\/p>\n","protected":false},"author":7,"featured_media":0,"comment_status":"closed","ping_status":"closed","sticky":false,"template":"","format":"standard","meta":{"footnotes":""},"categories":[1,13],"tags":[],"class_list":["post-33978","post","type-post","status-publish","format-standard","hentry","category-noticias","category-pedagogico"],"_links":{"self":[{"href":"https:\/\/www.riogrande.rs.gov.br\/smed\/index.php?rest_route=\/wp\/v2\/posts\/33978"}],"collection":[{"href":"https:\/\/www.riogrande.rs.gov.br\/smed\/index.php?rest_route=\/wp\/v2\/posts"}],"about":[{"href":"https:\/\/www.riogrande.rs.gov.br\/smed\/index.php?rest_route=\/wp\/v2\/types\/post"}],"author":[{"embeddable":true,"href":"https:\/\/www.riogrande.rs.gov.br\/smed\/index.php?rest_route=\/wp\/v2\/users\/7"}],"replies":[{"embeddable":true,"href":"https:\/\/www.riogrande.rs.gov.br\/smed\/index.php?rest_route=%2Fwp%2Fv2%2Fcomments&post=33978"}],"version-history":[{"count":1,"href":"https:\/\/www.riogrande.rs.gov.br\/smed\/index.php?rest_route=\/wp\/v2\/posts\/33978\/revisions"}],"predecessor-version":[{"id":33983,"href":"https:\/\/www.riogrande.rs.gov.br\/smed\/index.php?rest_route=\/wp\/v2\/posts\/33978\/revisions\/33983"}],"wp:attachment":[{"href":"https:\/\/www.riogrande.rs.gov.br\/smed\/index.php?rest_route=%2Fwp%2Fv2%2Fmedia&parent=33978"}],"wp:term":[{"taxonomy":"category","embeddable":true,"href":"https:\/\/www.riogrande.rs.gov.br\/smed\/index.php?rest_route=%2Fwp%2Fv2%2Fcategories&post=33978"},{"taxonomy":"post_tag","embeddable":true,"href":"https:\/\/www.riogrande.rs.gov.br\/smed\/index.php?rest_route=%2Fwp%2Fv2%2Ftags&post=33978"}],"curies":[{"name":"wp","href":"https:\/\/api.w.org\/{rel}","templated":true}]}}