{"id":33976,"date":"2019-06-14T12:26:51","date_gmt":"2019-06-14T15:26:51","guid":{"rendered":"http:\/\/www.riogrande.rs.gov.br\/smed\/?p=33976"},"modified":"2019-06-14T12:26:51","modified_gmt":"2019-06-14T15:26:51","slug":"smed-realizara-reuniao-com-osas-coordenadoresas-e-orientadoresas-da-eja-no-dia-18","status":"publish","type":"post","link":"https:\/\/www.riogrande.rs.gov.br\/smed\/?p=33976","title":{"rendered":"SMEd realizar\u00e1 reuni\u00e3o com os(as) Coordenadores(as) e Orientadores(as) da EJA no dia 18"},"content":{"rendered":"<p style=\"text-align: justify;\"><span style=\"font-weight: 400;\">A Secretaria de Munic\u00edpio da Educa\u00e7\u00e3o de Rio Grande (SMEd), atrav\u00e9s do N\u00facleo de Orienta\u00e7\u00e3o e Supervis\u00e3o Escolar (NOS), realizar\u00e1, na pr\u00f3xima ter\u00e7a-feira, dia <\/span><b>18 de junho<\/b><span style=\"font-weight: 400;\">, \u00e0s <\/span><b>18h30min<\/b><span style=\"font-weight: 400;\">, reuni\u00e3o com os(as) Coordenadores(as) e Orientadores(as) que atuam com a Educa\u00e7\u00e3o de Jovens e Adultos (EJA) nas escolas da rede p\u00fablica municipal de ensino.<\/span><\/p>\n<p style=\"text-align: justify;\"><!--more--><\/p>\n<p style=\"text-align: justify;\"><span style=\"font-weight: 400;\">A reuni\u00e3o, que acontecer\u00e1 no Audit\u00f3rio da <strong>Escola Municipal de Ensino Fundamental<\/strong> <\/span><b>Cipriano Porto Alegre<\/b><span style=\"font-weight: 400;\">, tratar\u00e1 sobre a <\/span><b>Plataforma do PPP<\/b><span style=\"font-weight: 400;\">, <\/span><b>Regimentos Escolares<\/b><span style=\"font-weight: 400;\"> e dar\u00e1 continuidade \u00e0 Forma\u00e7\u00e3o sobre a \u201c<\/span><b>Rela\u00e7\u00e3o Escola e Estudante<\/b><span style=\"font-weight: 400;\">\u201d.<\/span><\/p>\n<p>&nbsp;<\/p>\n<p style=\"text-align: right;\"><em><span style=\"font-weight: 400;\">SMEd<\/span><\/em><br \/>\n<em><span style=\"font-weight: 400;\">Roberton Reis<\/span><\/em><br \/>\n<em><span style=\"font-weight: 400;\">Com informa\u00e7\u00f5es do N\u00facleo de Orienta\u00e7\u00e3o e Supervis\u00e3o<\/span><\/em><\/p>\n","protected":false},"excerpt":{"rendered":"<p>A Secretaria de Munic\u00edpio da Educa\u00e7\u00e3o de Rio Grande (SMEd), atrav\u00e9s do N\u00facleo de Orienta\u00e7\u00e3o e Supervis\u00e3o Escolar (NOS), realizar\u00e1, na pr\u00f3xima ter\u00e7a-feira, dia 18 de junho, \u00e0s 18h30min, reuni\u00e3o com os(as) Coordenadores(as) e Orientadores(as) que atuam com a Educa\u00e7\u00e3o de Jovens e Adultos (EJA) nas escolas da rede p\u00fablica municipal de ensino.<\/p>\n","protected":false},"author":7,"featured_media":0,"comment_status":"closed","ping_status":"closed","sticky":false,"template":"","format":"standard","meta":{"footnotes":""},"categories":[1,13],"tags":[],"class_list":["post-33976","post","type-post","status-publish","format-standard","hentry","category-noticias","category-pedagogico"],"_links":{"self":[{"href":"https:\/\/www.riogrande.rs.gov.br\/smed\/index.php?rest_route=\/wp\/v2\/posts\/33976"}],"collection":[{"href":"https:\/\/www.riogrande.rs.gov.br\/smed\/index.php?rest_route=\/wp\/v2\/posts"}],"about":[{"href":"https:\/\/www.riogrande.rs.gov.br\/smed\/index.php?rest_route=\/wp\/v2\/types\/post"}],"author":[{"embeddable":true,"href":"https:\/\/www.riogrande.rs.gov.br\/smed\/index.php?rest_route=\/wp\/v2\/users\/7"}],"replies":[{"embeddable":true,"href":"https:\/\/www.riogrande.rs.gov.br\/smed\/index.php?rest_route=%2Fwp%2Fv2%2Fcomments&post=33976"}],"version-history":[{"count":1,"href":"https:\/\/www.riogrande.rs.gov.br\/smed\/index.php?rest_route=\/wp\/v2\/posts\/33976\/revisions"}],"predecessor-version":[{"id":33977,"href":"https:\/\/www.riogrande.rs.gov.br\/smed\/index.php?rest_route=\/wp\/v2\/posts\/33976\/revisions\/33977"}],"wp:attachment":[{"href":"https:\/\/www.riogrande.rs.gov.br\/smed\/index.php?rest_route=%2Fwp%2Fv2%2Fmedia&parent=33976"}],"wp:term":[{"taxonomy":"category","embeddable":true,"href":"https:\/\/www.riogrande.rs.gov.br\/smed\/index.php?rest_route=%2Fwp%2Fv2%2Fcategories&post=33976"},{"taxonomy":"post_tag","embeddable":true,"href":"https:\/\/www.riogrande.rs.gov.br\/smed\/index.php?rest_route=%2Fwp%2Fv2%2Ftags&post=33976"}],"curies":[{"name":"wp","href":"https:\/\/api.w.org\/{rel}","templated":true}]}}