{"id":33959,"date":"2019-06-14T12:07:21","date_gmt":"2019-06-14T15:07:21","guid":{"rendered":"http:\/\/www.riogrande.rs.gov.br\/smed\/?p=33959"},"modified":"2019-06-14T12:53:18","modified_gmt":"2019-06-14T15:53:18","slug":"emef-sao-joao-batista-promoveu-atividades-alusivas-ao-dia-mundial-do-meio-ambiente","status":"publish","type":"post","link":"https:\/\/www.riogrande.rs.gov.br\/smed\/?p=33959","title":{"rendered":"EMEF S\u00e3o Jo\u00e3o Batista promoveu atividades alusivas ao \u201cDia Mundial do Meio Ambiente\u201d"},"content":{"rendered":"\n\t\t<style type=\"text\/css\">\n\t\t\t#gallery-1 {\n\t\t\t\tmargin: auto;\n\t\t\t}\n\t\t\t#gallery-1 .gallery-item {\n\t\t\t\tfloat: left;\n\t\t\t\tmargin-top: 10px;\n\t\t\t\ttext-align: center;\n\t\t\t\twidth: 50%;\n\t\t\t}\n\t\t\t#gallery-1 img {\n\t\t\t\tborder: 2px solid #cfcfcf;\n\t\t\t}\n\t\t\t#gallery-1 .gallery-caption {\n\t\t\t\tmargin-left: 0;\n\t\t\t}\n\t\t\t\/* see gallery_shortcode() in wp-includes\/media.php *\/\n\t\t<\/style>\n\t\t<div id='gallery-1' class='gallery galleryid-33959 gallery-columns-2 gallery-size-thumbnail'><dl class='gallery-item'>\n\t\t\t<dt class='gallery-icon landscape'>\n\t\t\t\t<a href='https:\/\/www.riogrande.rs.gov.br\/smed\/wp-content\/uploads\/2019\/06\/20190614-ped-sao_joao-image1.jpg' rel=\"lightbox[33959]\"><img loading=\"lazy\" decoding=\"async\" width=\"150\" height=\"150\" src=\"https:\/\/www.riogrande.rs.gov.br\/smed\/wp-content\/uploads\/2019\/06\/20190614-ped-sao_joao-image1-150x150.jpg\" class=\"attachment-thumbnail size-thumbnail\" alt=\"\" aria-describedby=\"gallery-1-33960\" \/><\/a>\n\t\t\t<\/dt>\n\t\t\t\t<dd class='wp-caption-text gallery-caption' id='gallery-1-33960'>\n\t\t\t\tDivulga\u00e7\u00e3o\n\t\t\t\t<\/dd><\/dl><dl class='gallery-item'>\n\t\t\t<dt class='gallery-icon landscape'>\n\t\t\t\t<a href='https:\/\/www.riogrande.rs.gov.br\/smed\/wp-content\/uploads\/2019\/06\/20190614-ped-sao_joao-image2.jpg' rel=\"lightbox[33959]\"><img loading=\"lazy\" decoding=\"async\" width=\"150\" height=\"150\" src=\"https:\/\/www.riogrande.rs.gov.br\/smed\/wp-content\/uploads\/2019\/06\/20190614-ped-sao_joao-image2-150x150.jpg\" class=\"attachment-thumbnail size-thumbnail\" alt=\"\" aria-describedby=\"gallery-1-33961\" \/><\/a>\n\t\t\t<\/dt>\n\t\t\t\t<dd class='wp-caption-text gallery-caption' id='gallery-1-33961'>\n\t\t\t\tDivulga\u00e7\u00e3o\n\t\t\t\t<\/dd><\/dl><br style=\"clear: both\" \/><dl class='gallery-item'>\n\t\t\t<dt class='gallery-icon portrait'>\n\t\t\t\t<a href='https:\/\/www.riogrande.rs.gov.br\/smed\/wp-content\/uploads\/2019\/06\/20190614-ped-sao_joao-image3.jpg' rel=\"lightbox[33959]\"><img loading=\"lazy\" decoding=\"async\" width=\"150\" height=\"150\" src=\"https:\/\/www.riogrande.rs.gov.br\/smed\/wp-content\/uploads\/2019\/06\/20190614-ped-sao_joao-image3-150x150.jpg\" class=\"attachment-thumbnail size-thumbnail\" alt=\"\" aria-describedby=\"gallery-1-33962\" \/><\/a>\n\t\t\t<\/dt>\n\t\t\t\t<dd class='wp-caption-text gallery-caption' id='gallery-1-33962'>\n\t\t\t\tDivulga\u00e7\u00e3o\n\t\t\t\t<\/dd><\/dl><dl class='gallery-item'>\n\t\t\t<dt class='gallery-icon portrait'>\n\t\t\t\t<a href='https:\/\/www.riogrande.rs.gov.br\/smed\/wp-content\/uploads\/2019\/06\/20190614-ped-sao_joao-image4.jpg' rel=\"lightbox[33959]\"><img loading=\"lazy\" decoding=\"async\" width=\"150\" height=\"150\" src=\"https:\/\/www.riogrande.rs.gov.br\/smed\/wp-content\/uploads\/2019\/06\/20190614-ped-sao_joao-image4-150x150.jpg\" class=\"attachment-thumbnail size-thumbnail\" alt=\"\" aria-describedby=\"gallery-1-33963\" \/><\/a>\n\t\t\t<\/dt>\n\t\t\t\t<dd class='wp-caption-text gallery-caption' id='gallery-1-33963'>\n\t\t\t\tDivulga\u00e7\u00e3o\n\t\t\t\t<\/dd><\/dl><br style=\"clear: both\" \/>\n\t\t<\/div>\n\n<p style=\"text-align: justify;\"><span style=\"font-weight: 400;\">A <strong>Escola Municipal de Ensino Fundamental S\u00e3o Jo\u00e3o Batista<\/strong>, em alus\u00e3o ao <\/span><span style=\"font-weight: 400;\">\u201c<\/span><b>Dia Mundial do Meio Ambiente<\/b><span style=\"font-weight: 400;\">\u201d, prop\u00f4s aos(\u00e0s) alunos(as) atividades alusivas \u00e0 tem\u00e1tica. <\/span><span style=\"font-weight: 400;\">Para enriquecimento da proposta de conscientiza\u00e7\u00e3o em rela\u00e7\u00e3o ao meio ambiente, foram utilizados espa\u00e7os dentro e fora da Escola.<\/span><\/p>\n<p style=\"text-align: justify;\"><!--more--><\/p>\n<p style=\"text-align: justify;\"><span style=\"font-weight: 400;\">No in\u00edcio da semana passada, os(as) estudantes assistiram, no Laborat\u00f3rio de Inform\u00e1tica, a v\u00eddeos contendo defini\u00e7\u00f5es para o \u201c<strong>meio ambiente<\/strong>\u201d, al\u00e9m de v\u00eddeos relacionados \u00e0 tem\u00e1tica. Na ter\u00e7a-feira, dia 04 de junho, os(as) alunos(as) do turno da tarde assistiram, no Teatro Municipal, ao espet\u00e1culo teatral de bonecos &#8220;<strong>O brinquedo m\u00e1gico<\/strong>&#8220;, que abordou de forma l\u00fadica a reciclagem de materiais e a preserva\u00e7\u00e3o do meio ambiente.<\/span><\/p>\n<p style=\"text-align: justify;\"><span style=\"font-weight: 400;\">J\u00e1 no dia 05 de junho, aconteceu \u00a0a socializa\u00e7\u00e3o de desafios, que foram lan\u00e7ados em dias anteriores, \u00e0s turmas da Escola, como: apresenta\u00e7\u00e3o de esquete, reutiliza\u00e7\u00e3o de alimentos, trabalhos com material recicl\u00e1vel, Projeto Guarda Ambiental e apresenta\u00e7\u00e3o de par\u00f3dias.<\/span><\/p>\n<p>&nbsp;<\/p>\n<p style=\"text-align: right;\"><em><span style=\"font-weight: 400;\">SMEd<\/span><\/em><br \/>\n<em><span style=\"font-weight: 400;\">Roberton Reis<\/span><\/em><br \/>\n<em><span style=\"font-weight: 400;\">Com informa\u00e7\u00f5es da EMEF S\u00e3o Jo\u00e3o Batista<\/span><\/em><\/p>\n","protected":false},"excerpt":{"rendered":"<p>A Escola Municipal de Ensino Fundamental S\u00e3o Jo\u00e3o Batista, em alus\u00e3o ao \u201cDia Mundial do Meio Ambiente\u201d, prop\u00f4s aos(\u00e0s) alunos(as) atividades alusivas \u00e0 tem\u00e1tica. Para enriquecimento da proposta de conscientiza\u00e7\u00e3o em rela\u00e7\u00e3o ao meio ambiente, foram utilizados espa\u00e7os dentro e fora da Escola.<\/p>\n","protected":false},"author":7,"featured_media":0,"comment_status":"closed","ping_status":"closed","sticky":false,"template":"","format":"standard","meta":{"footnotes":""},"categories":[1,13],"tags":[],"class_list":["post-33959","post","type-post","status-publish","format-standard","hentry","category-noticias","category-pedagogico"],"_links":{"self":[{"href":"https:\/\/www.riogrande.rs.gov.br\/smed\/index.php?rest_route=\/wp\/v2\/posts\/33959"}],"collection":[{"href":"https:\/\/www.riogrande.rs.gov.br\/smed\/index.php?rest_route=\/wp\/v2\/posts"}],"about":[{"href":"https:\/\/www.riogrande.rs.gov.br\/smed\/index.php?rest_route=\/wp\/v2\/types\/post"}],"author":[{"embeddable":true,"href":"https:\/\/www.riogrande.rs.gov.br\/smed\/index.php?rest_route=\/wp\/v2\/users\/7"}],"replies":[{"embeddable":true,"href":"https:\/\/www.riogrande.rs.gov.br\/smed\/index.php?rest_route=%2Fwp%2Fv2%2Fcomments&post=33959"}],"version-history":[{"count":2,"href":"https:\/\/www.riogrande.rs.gov.br\/smed\/index.php?rest_route=\/wp\/v2\/posts\/33959\/revisions"}],"predecessor-version":[{"id":33992,"href":"https:\/\/www.riogrande.rs.gov.br\/smed\/index.php?rest_route=\/wp\/v2\/posts\/33959\/revisions\/33992"}],"wp:attachment":[{"href":"https:\/\/www.riogrande.rs.gov.br\/smed\/index.php?rest_route=%2Fwp%2Fv2%2Fmedia&parent=33959"}],"wp:term":[{"taxonomy":"category","embeddable":true,"href":"https:\/\/www.riogrande.rs.gov.br\/smed\/index.php?rest_route=%2Fwp%2Fv2%2Fcategories&post=33959"},{"taxonomy":"post_tag","embeddable":true,"href":"https:\/\/www.riogrande.rs.gov.br\/smed\/index.php?rest_route=%2Fwp%2Fv2%2Ftags&post=33959"}],"curies":[{"name":"wp","href":"https:\/\/api.w.org\/{rel}","templated":true}]}}