{"id":33956,"date":"2019-06-13T15:10:40","date_gmt":"2019-06-13T18:10:40","guid":{"rendered":"http:\/\/www.riogrande.rs.gov.br\/smed\/?p=33956"},"modified":"2019-06-13T15:10:40","modified_gmt":"2019-06-13T18:10:40","slug":"festa-junina-da-emef-ana-neri-acontece-neste-sabado-15","status":"publish","type":"post","link":"https:\/\/www.riogrande.rs.gov.br\/smed\/?p=33956","title":{"rendered":"\u201cFesta Junina\u201d da EMEF Ana Neri acontece neste s\u00e1bado, 15"},"content":{"rendered":"<div id=\"attachment_33957\" style=\"width: 490px\" class=\"wp-caption aligncenter\"><a href=\"http:\/\/www.riogrande.rs.gov.br\/smed\/wp-content\/uploads\/2019\/06\/20190613-ped-ana_neri-image1.jpg\" rel=\"lightbox[33956]\"><img loading=\"lazy\" decoding=\"async\" aria-describedby=\"caption-attachment-33957\" class=\"size-full wp-image-33957\" src=\"http:\/\/www.riogrande.rs.gov.br\/smed\/wp-content\/uploads\/2019\/06\/20190613-ped-ana_neri-image1.jpg\" alt=\"\" width=\"480\" height=\"580\" srcset=\"https:\/\/www.riogrande.rs.gov.br\/smed\/wp-content\/uploads\/2019\/06\/20190613-ped-ana_neri-image1.jpg 480w, https:\/\/www.riogrande.rs.gov.br\/smed\/wp-content\/uploads\/2019\/06\/20190613-ped-ana_neri-image1-171x207.jpg 171w\" sizes=\"(max-width: 480px) 100vw, 480px\" \/><\/a><p id=\"caption-attachment-33957\" class=\"wp-caption-text\">Divulga\u00e7\u00e3o<\/p><\/div>\n<p style=\"text-align: justify;\"><span style=\"font-weight: 400;\">A <strong>Escola Municipal de Ensino Fundamental<\/strong> <\/span><b>Ana Neri<\/b><span style=\"font-weight: 400;\">, que est\u00e1 localizada no bairro Bolaxa, promover\u00e1, neste s\u00e1bado, dia <\/span><b>15 de junho<\/b><span style=\"font-weight: 400;\">, a partir das <\/span><strong>14<\/strong><span style=\"font-weight: 400;\"><strong>h<\/strong>, a sua \u201c<\/span><b>Festa Junina<\/b><span style=\"font-weight: 400;\">\u201d, que contar\u00e1 com muitas apresenta\u00e7\u00f5es art\u00edsticas dos(as) alunos(as), comidas t\u00edpicas, brincadeiras, quadrilha, brech\u00f3 e pipoca gratuita.<\/span><\/p>\n<p>&nbsp;<\/p>\n<p style=\"text-align: right;\"><em><span style=\"font-weight: 400;\">SMEd<\/span><\/em><br \/>\n<em><span style=\"font-weight: 400;\">Roberton Reis<\/span><\/em><br \/>\n<em><span style=\"font-weight: 400;\">Com informa\u00e7\u00f5es da EMEF Ana Neri<\/span><\/em><\/p>\n","protected":false},"excerpt":{"rendered":"<p>A Escola Municipal de Ensino Fundamental Ana Neri, que est\u00e1 localizada no bairro Bolaxa, promover\u00e1, neste s\u00e1bado, dia 15 de junho, a partir das 14h, a sua \u201cFesta Junina\u201d, que contar\u00e1 com muitas apresenta\u00e7\u00f5es art\u00edsticas dos(as) alunos(as), comidas t\u00edpicas, brincadeiras, quadrilha, brech\u00f3 e pipoca gratuita. &nbsp; SMEd Roberton Reis Com informa\u00e7\u00f5es da EMEF Ana Neri<\/p>\n","protected":false},"author":7,"featured_media":0,"comment_status":"closed","ping_status":"closed","sticky":false,"template":"","format":"standard","meta":{"footnotes":""},"categories":[1,13],"tags":[],"class_list":["post-33956","post","type-post","status-publish","format-standard","hentry","category-noticias","category-pedagogico"],"_links":{"self":[{"href":"https:\/\/www.riogrande.rs.gov.br\/smed\/index.php?rest_route=\/wp\/v2\/posts\/33956"}],"collection":[{"href":"https:\/\/www.riogrande.rs.gov.br\/smed\/index.php?rest_route=\/wp\/v2\/posts"}],"about":[{"href":"https:\/\/www.riogrande.rs.gov.br\/smed\/index.php?rest_route=\/wp\/v2\/types\/post"}],"author":[{"embeddable":true,"href":"https:\/\/www.riogrande.rs.gov.br\/smed\/index.php?rest_route=\/wp\/v2\/users\/7"}],"replies":[{"embeddable":true,"href":"https:\/\/www.riogrande.rs.gov.br\/smed\/index.php?rest_route=%2Fwp%2Fv2%2Fcomments&post=33956"}],"version-history":[{"count":1,"href":"https:\/\/www.riogrande.rs.gov.br\/smed\/index.php?rest_route=\/wp\/v2\/posts\/33956\/revisions"}],"predecessor-version":[{"id":33958,"href":"https:\/\/www.riogrande.rs.gov.br\/smed\/index.php?rest_route=\/wp\/v2\/posts\/33956\/revisions\/33958"}],"wp:attachment":[{"href":"https:\/\/www.riogrande.rs.gov.br\/smed\/index.php?rest_route=%2Fwp%2Fv2%2Fmedia&parent=33956"}],"wp:term":[{"taxonomy":"category","embeddable":true,"href":"https:\/\/www.riogrande.rs.gov.br\/smed\/index.php?rest_route=%2Fwp%2Fv2%2Fcategories&post=33956"},{"taxonomy":"post_tag","embeddable":true,"href":"https:\/\/www.riogrande.rs.gov.br\/smed\/index.php?rest_route=%2Fwp%2Fv2%2Ftags&post=33956"}],"curies":[{"name":"wp","href":"https:\/\/api.w.org\/{rel}","templated":true}]}}