{"id":33919,"date":"2019-06-13T14:14:28","date_gmt":"2019-06-13T17:14:28","guid":{"rendered":"http:\/\/www.riogrande.rs.gov.br\/smed\/?p=33919"},"modified":"2019-06-13T14:41:34","modified_gmt":"2019-06-13T17:41:34","slug":"emef-prof-eliezer-de-carvalho-rios-realizou-a-etapa-escolar-da-1a-conferencia-municipal-infantojuvenil-de-educacao-ambiental-pertencer-e-preciso-no-dia-08","status":"publish","type":"post","link":"https:\/\/www.riogrande.rs.gov.br\/smed\/?p=33919","title":{"rendered":"EMEF Prof. Eli\u00e9zer de Carvalho Rios realizou a Etapa Escolar da 1\u00aa Confer\u00eancia Municipal Infantojuvenil de Educa\u00e7\u00e3o Ambiental \u2013 Pertencer \u00e9 preciso!\u201d no dia 08"},"content":{"rendered":"\n\t\t<style type=\"text\/css\">\n\t\t\t#gallery-1 {\n\t\t\t\tmargin: auto;\n\t\t\t}\n\t\t\t#gallery-1 .gallery-item {\n\t\t\t\tfloat: left;\n\t\t\t\tmargin-top: 10px;\n\t\t\t\ttext-align: center;\n\t\t\t\twidth: 33%;\n\t\t\t}\n\t\t\t#gallery-1 img {\n\t\t\t\tborder: 2px solid #cfcfcf;\n\t\t\t}\n\t\t\t#gallery-1 .gallery-caption {\n\t\t\t\tmargin-left: 0;\n\t\t\t}\n\t\t\t\/* see gallery_shortcode() in wp-includes\/media.php *\/\n\t\t<\/style>\n\t\t<div id='gallery-1' class='gallery galleryid-33919 gallery-columns-3 gallery-size-thumbnail'><dl class='gallery-item'>\n\t\t\t<dt class='gallery-icon landscape'>\n\t\t\t\t<a href='https:\/\/www.riogrande.rs.gov.br\/smed\/wp-content\/uploads\/2019\/06\/20190613-ped-eliezer-image1.jpg' rel=\"lightbox[33919]\"><img loading=\"lazy\" decoding=\"async\" width=\"150\" height=\"150\" src=\"https:\/\/www.riogrande.rs.gov.br\/smed\/wp-content\/uploads\/2019\/06\/20190613-ped-eliezer-image1-150x150.jpg\" class=\"attachment-thumbnail size-thumbnail\" alt=\"\" aria-describedby=\"gallery-1-33920\" \/><\/a>\n\t\t\t<\/dt>\n\t\t\t\t<dd class='wp-caption-text gallery-caption' id='gallery-1-33920'>\n\t\t\t\tDivulga\u00e7\u00e3o\n\t\t\t\t<\/dd><\/dl><dl class='gallery-item'>\n\t\t\t<dt class='gallery-icon landscape'>\n\t\t\t\t<a href='https:\/\/www.riogrande.rs.gov.br\/smed\/wp-content\/uploads\/2019\/06\/20190613-ped-eliezer-image2.jpg' rel=\"lightbox[33919]\"><img loading=\"lazy\" decoding=\"async\" width=\"150\" height=\"150\" src=\"https:\/\/www.riogrande.rs.gov.br\/smed\/wp-content\/uploads\/2019\/06\/20190613-ped-eliezer-image2-150x150.jpg\" class=\"attachment-thumbnail size-thumbnail\" alt=\"\" aria-describedby=\"gallery-1-33921\" \/><\/a>\n\t\t\t<\/dt>\n\t\t\t\t<dd class='wp-caption-text gallery-caption' id='gallery-1-33921'>\n\t\t\t\tDivulga\u00e7\u00e3o\n\t\t\t\t<\/dd><\/dl><dl class='gallery-item'>\n\t\t\t<dt class='gallery-icon landscape'>\n\t\t\t\t<a href='https:\/\/www.riogrande.rs.gov.br\/smed\/wp-content\/uploads\/2019\/06\/20190613-ped-eliezer-image3.jpg' rel=\"lightbox[33919]\"><img loading=\"lazy\" decoding=\"async\" width=\"150\" height=\"150\" src=\"https:\/\/www.riogrande.rs.gov.br\/smed\/wp-content\/uploads\/2019\/06\/20190613-ped-eliezer-image3-150x150.jpg\" class=\"attachment-thumbnail size-thumbnail\" alt=\"\" aria-describedby=\"gallery-1-33922\" \/><\/a>\n\t\t\t<\/dt>\n\t\t\t\t<dd class='wp-caption-text gallery-caption' id='gallery-1-33922'>\n\t\t\t\tDivulga\u00e7\u00e3o\n\t\t\t\t<\/dd><\/dl><br style=\"clear: both\" \/><dl class='gallery-item'>\n\t\t\t<dt class='gallery-icon landscape'>\n\t\t\t\t<a href='https:\/\/www.riogrande.rs.gov.br\/smed\/wp-content\/uploads\/2019\/06\/20190613-ped-eliezer-image4.jpg' rel=\"lightbox[33919]\"><img loading=\"lazy\" decoding=\"async\" width=\"150\" height=\"150\" src=\"https:\/\/www.riogrande.rs.gov.br\/smed\/wp-content\/uploads\/2019\/06\/20190613-ped-eliezer-image4-150x150.jpg\" class=\"attachment-thumbnail size-thumbnail\" alt=\"\" aria-describedby=\"gallery-1-33923\" \/><\/a>\n\t\t\t<\/dt>\n\t\t\t\t<dd class='wp-caption-text gallery-caption' id='gallery-1-33923'>\n\t\t\t\tDivulga\u00e7\u00e3o\n\t\t\t\t<\/dd><\/dl><dl class='gallery-item'>\n\t\t\t<dt class='gallery-icon landscape'>\n\t\t\t\t<a href='https:\/\/www.riogrande.rs.gov.br\/smed\/wp-content\/uploads\/2019\/06\/20190613-ped-eliezer-image5.jpg' rel=\"lightbox[33919]\"><img loading=\"lazy\" decoding=\"async\" width=\"150\" height=\"150\" src=\"https:\/\/www.riogrande.rs.gov.br\/smed\/wp-content\/uploads\/2019\/06\/20190613-ped-eliezer-image5-150x150.jpg\" class=\"attachment-thumbnail size-thumbnail\" alt=\"\" aria-describedby=\"gallery-1-33924\" \/><\/a>\n\t\t\t<\/dt>\n\t\t\t\t<dd class='wp-caption-text gallery-caption' id='gallery-1-33924'>\n\t\t\t\tDivulga\u00e7\u00e3o\n\t\t\t\t<\/dd><\/dl><dl class='gallery-item'>\n\t\t\t<dt class='gallery-icon landscape'>\n\t\t\t\t<a href='https:\/\/www.riogrande.rs.gov.br\/smed\/wp-content\/uploads\/2019\/06\/20190613-ped-eliezer-image6.jpg' rel=\"lightbox[33919]\"><img loading=\"lazy\" decoding=\"async\" width=\"150\" height=\"150\" src=\"https:\/\/www.riogrande.rs.gov.br\/smed\/wp-content\/uploads\/2019\/06\/20190613-ped-eliezer-image6-150x150.jpg\" class=\"attachment-thumbnail size-thumbnail\" alt=\"\" aria-describedby=\"gallery-1-33925\" \/><\/a>\n\t\t\t<\/dt>\n\t\t\t\t<dd class='wp-caption-text gallery-caption' id='gallery-1-33925'>\n\t\t\t\tDivulga\u00e7\u00e3o\n\t\t\t\t<\/dd><\/dl><br style=\"clear: both\" \/>\n\t\t<\/div>\n\n<p style=\"text-align: justify;\"><span style=\"font-weight: 400;\">Na manh\u00e3 do \u00faltimo s\u00e1bado, dia <\/span><b>08 de junho<\/b><span style=\"font-weight: 400;\">, a <strong>Escola Municipal de Ensino Fundamental Prof.<\/strong> <\/span><b>Eli\u00e9zer de Carvalho Rios<\/b><span style=\"font-weight: 400;\">, que est\u00e1 localizada no bairro Cassino, realizou a etapa escolar da &#8220;<\/span><b>1\u00aa Confer\u00eancia Municipal Infantojuvenil de Educa\u00e7\u00e3o Ambiental \u2013 Pertencer \u00e9 preciso!<\/b><span style=\"font-weight: 400;\">&#8220;, que foi coordenada pelas Professoras Maria Regina Padovane, Monica Mendon\u00e7a e Regina L\u00facia Silveira. Os projetos participantes foram:<\/span><\/p>\n<p style=\"text-align: justify;\"><!--more--><\/p>\n<ul style=\"text-align: justify;\">\n<li style=\"font-weight: 400;\"><span style=\"font-weight: 400;\">&#8220;<\/span><b>Lixo t\u00f3xico<\/b><span style=\"font-weight: 400;\">&#8220;, do 3\u00ba ano A, Professora Daniely dos Santos, representada pelo estudante Jo\u00e3o Pedro Vargas;<\/span><\/li>\n<li style=\"font-weight: 400;\"><span style=\"font-weight: 400;\">&#8220;<\/span><b>O lixo na praia<\/b><span style=\"font-weight: 400;\">&#8220;, do 3\u00ba ano B, Professora Milena Os\u00f3rio, representada pela estudante L\u00edvia Castanheira;<\/span><\/li>\n<li style=\"font-weight: 400;\"><span style=\"font-weight: 400;\">&#8220;<\/span><b>Lixo dom\u00e9stico<\/b><span style=\"font-weight: 400;\">&#8220;, \u00a0do 3\u00ba ano C, Professora Helenita Pereira, representada pelo estudante Pedro Fritzen;<\/span><\/li>\n<li style=\"font-weight: 400;\"><span style=\"font-weight: 400;\">&#8220;<\/span><b>Lixo no bairro<\/b><span style=\"font-weight: 400;\">&#8220;, do 4\u00ba ano A, Professora \u00a0Regina Lucia Silveira, representada pelo estudante Miguel Hoffart; <\/span><\/li>\n<li style=\"font-weight: 400;\"><span style=\"font-weight: 400;\">&#8220;<\/span><b>Lixo no esgoto<\/b><span style=\"font-weight: 400;\">&#8220;, do 4\u00ba ano B, Professora Susana dos Santos, representada pelo estudante Gabriel Suita; \u00a0\u00a0<\/span><\/li>\n<li style=\"font-weight: 400;\"><span style=\"font-weight: 400;\">&#8220;<\/span><b>Alagamento nas ruas<\/b><span style=\"font-weight: 400;\">&#8220;, do 6\u00ba ano, representada pela estudante Sabrina Avila.<\/span><\/li>\n<\/ul>\n<p style=\"text-align: justify;\"><span style=\"font-weight: 400;\">O Projeto escolhido foi &#8220;<\/span><b>O lixo na praia<\/b><span style=\"font-weight: 400;\">&#8220;, do 3\u00ba ano B, da Professora Milena Os\u00f3rio, representada pela estudante L\u00edvia Castanheira. As turmas de 1\u00ba e 2\u00ba anos tamb\u00e9m prestigiaram as apresenta\u00e7\u00f5es e votaram nos projetos. A diretora Josiane David Satt conversou e conscientizou os estudantes de que, a partir de agora, o projeto escolhido \u00e9 de toda a escola e todos t\u00eam o dever de contribuir com o mesmo, que ser\u00e1 apresentado na 1\u00ba Confer\u00eancia Municipal Infantojuvenil de Educa\u00e7\u00e3o Ambiental, no dia 18 de outubro.<\/span><\/p>\n<p>&nbsp;<\/p>\n<p style=\"text-align: right;\"><em><span style=\"font-weight: 400;\">SMEd<\/span><\/em><br \/>\n<em><span style=\"font-weight: 400;\">Roberton Reis<\/span><\/em><br \/>\n<em><span style=\"font-weight: 400;\">Com informa\u00e7\u00f5es da EMEF Prof. Eli\u00e9zer de Carvalho Rios<\/span><\/em><\/p>\n","protected":false},"excerpt":{"rendered":"<p>Na manh\u00e3 do \u00faltimo s\u00e1bado, dia 08 de junho, a Escola Municipal de Ensino Fundamental Prof. Eli\u00e9zer de Carvalho Rios, que est\u00e1 localizada no bairro Cassino, realizou a etapa escolar da &#8220;1\u00aa Confer\u00eancia Municipal Infantojuvenil de Educa\u00e7\u00e3o Ambiental \u2013 Pertencer \u00e9 preciso!&#8220;, que foi coordenada pelas Professoras Maria Regina Padovane, Monica Mendon\u00e7a e Regina L\u00facia [&hellip;]<\/p>\n","protected":false},"author":7,"featured_media":0,"comment_status":"closed","ping_status":"closed","sticky":false,"template":"","format":"standard","meta":{"footnotes":""},"categories":[1,13],"tags":[],"class_list":["post-33919","post","type-post","status-publish","format-standard","hentry","category-noticias","category-pedagogico"],"_links":{"self":[{"href":"https:\/\/www.riogrande.rs.gov.br\/smed\/index.php?rest_route=\/wp\/v2\/posts\/33919"}],"collection":[{"href":"https:\/\/www.riogrande.rs.gov.br\/smed\/index.php?rest_route=\/wp\/v2\/posts"}],"about":[{"href":"https:\/\/www.riogrande.rs.gov.br\/smed\/index.php?rest_route=\/wp\/v2\/types\/post"}],"author":[{"embeddable":true,"href":"https:\/\/www.riogrande.rs.gov.br\/smed\/index.php?rest_route=\/wp\/v2\/users\/7"}],"replies":[{"embeddable":true,"href":"https:\/\/www.riogrande.rs.gov.br\/smed\/index.php?rest_route=%2Fwp%2Fv2%2Fcomments&post=33919"}],"version-history":[{"count":2,"href":"https:\/\/www.riogrande.rs.gov.br\/smed\/index.php?rest_route=\/wp\/v2\/posts\/33919\/revisions"}],"predecessor-version":[{"id":33942,"href":"https:\/\/www.riogrande.rs.gov.br\/smed\/index.php?rest_route=\/wp\/v2\/posts\/33919\/revisions\/33942"}],"wp:attachment":[{"href":"https:\/\/www.riogrande.rs.gov.br\/smed\/index.php?rest_route=%2Fwp%2Fv2%2Fmedia&parent=33919"}],"wp:term":[{"taxonomy":"category","embeddable":true,"href":"https:\/\/www.riogrande.rs.gov.br\/smed\/index.php?rest_route=%2Fwp%2Fv2%2Fcategories&post=33919"},{"taxonomy":"post_tag","embeddable":true,"href":"https:\/\/www.riogrande.rs.gov.br\/smed\/index.php?rest_route=%2Fwp%2Fv2%2Ftags&post=33919"}],"curies":[{"name":"wp","href":"https:\/\/api.w.org\/{rel}","templated":true}]}}