{"id":33904,"date":"2019-06-12T16:15:38","date_gmt":"2019-06-12T19:15:38","guid":{"rendered":"http:\/\/www.riogrande.rs.gov.br\/smed\/?p=33904"},"modified":"2019-06-12T16:15:38","modified_gmt":"2019-06-12T19:15:38","slug":"emef-prof-a-zenir-de-souza-braga-promove-festa-junina-neste-sabado-dia-15","status":"publish","type":"post","link":"https:\/\/www.riogrande.rs.gov.br\/smed\/?p=33904","title":{"rendered":"EMEF Prof.\u00aa Zenir de Souza Braga  promove &#8220;Festa Junina&#8221; neste s\u00e1bado, dia 15"},"content":{"rendered":"<div id=\"attachment_33906\" style=\"width: 495px\" class=\"wp-caption aligncenter\"><a href=\"http:\/\/www.riogrande.rs.gov.br\/smed\/wp-content\/uploads\/2019\/06\/20190612-ped-braga-image1.jpg\" rel=\"lightbox[33904]\"><img loading=\"lazy\" decoding=\"async\" aria-describedby=\"caption-attachment-33906\" class=\"size-medium wp-image-33906\" src=\"http:\/\/www.riogrande.rs.gov.br\/smed\/wp-content\/uploads\/2019\/06\/20190612-ped-braga-image1-485x324.jpg\" alt=\"\" width=\"485\" height=\"324\" srcset=\"https:\/\/www.riogrande.rs.gov.br\/smed\/wp-content\/uploads\/2019\/06\/20190612-ped-braga-image1-485x324.jpg 485w, https:\/\/www.riogrande.rs.gov.br\/smed\/wp-content\/uploads\/2019\/06\/20190612-ped-braga-image1-768x513.jpg 768w, https:\/\/www.riogrande.rs.gov.br\/smed\/wp-content\/uploads\/2019\/06\/20190612-ped-braga-image1-310x207.jpg 310w, https:\/\/www.riogrande.rs.gov.br\/smed\/wp-content\/uploads\/2019\/06\/20190612-ped-braga-image1.jpg 1024w\" sizes=\"(max-width: 485px) 100vw, 485px\" \/><\/a><p id=\"caption-attachment-33906\" class=\"wp-caption-text\">Divulga\u00e7\u00e3o<\/p><\/div>\n<p style=\"text-align: justify;\">A dire\u00e7\u00e3o e o CPM da <strong>Escola Municipal de Ensino Fundamental Prof.\u00aa<\/strong> <b>Zenir de Souza Braga<\/b>, que est\u00e1 localizada no bairro Humait\u00e1, convida toda a comunidade para a sua &#8220;<b>Festa Junina<\/b>&#8220;, que acontecer\u00e1 na manh\u00e3 deste s\u00e1bado, dia <b>15 de junho<\/b>, a partir das <b>9h<\/b>.<\/p>\n<p>&nbsp;<\/p>\n<p style=\"text-align: right;\"><em>SMEd<\/em><br \/>\n<em>Roberton Reis<\/em><br \/>\n<em>Com informa\u00e7\u00f5es da Prof.\u00aa Zenir de Souza Braga<\/em><\/p>\n","protected":false},"excerpt":{"rendered":"<p>A dire\u00e7\u00e3o e o CPM da Escola Municipal de Ensino Fundamental Prof.\u00aa Zenir de Souza Braga, que est\u00e1 localizada no bairro Humait\u00e1, convida toda a comunidade para a sua &#8220;Festa Junina&#8220;, que acontecer\u00e1 na manh\u00e3 deste s\u00e1bado, dia 15 de junho, a partir das 9h. &nbsp; SMEd Roberton Reis Com informa\u00e7\u00f5es da Prof.\u00aa Zenir de [&hellip;]<\/p>\n","protected":false},"author":7,"featured_media":0,"comment_status":"closed","ping_status":"closed","sticky":false,"template":"","format":"standard","meta":{"footnotes":""},"categories":[1,13],"tags":[],"class_list":["post-33904","post","type-post","status-publish","format-standard","hentry","category-noticias","category-pedagogico"],"_links":{"self":[{"href":"https:\/\/www.riogrande.rs.gov.br\/smed\/index.php?rest_route=\/wp\/v2\/posts\/33904"}],"collection":[{"href":"https:\/\/www.riogrande.rs.gov.br\/smed\/index.php?rest_route=\/wp\/v2\/posts"}],"about":[{"href":"https:\/\/www.riogrande.rs.gov.br\/smed\/index.php?rest_route=\/wp\/v2\/types\/post"}],"author":[{"embeddable":true,"href":"https:\/\/www.riogrande.rs.gov.br\/smed\/index.php?rest_route=\/wp\/v2\/users\/7"}],"replies":[{"embeddable":true,"href":"https:\/\/www.riogrande.rs.gov.br\/smed\/index.php?rest_route=%2Fwp%2Fv2%2Fcomments&post=33904"}],"version-history":[{"count":1,"href":"https:\/\/www.riogrande.rs.gov.br\/smed\/index.php?rest_route=\/wp\/v2\/posts\/33904\/revisions"}],"predecessor-version":[{"id":33907,"href":"https:\/\/www.riogrande.rs.gov.br\/smed\/index.php?rest_route=\/wp\/v2\/posts\/33904\/revisions\/33907"}],"wp:attachment":[{"href":"https:\/\/www.riogrande.rs.gov.br\/smed\/index.php?rest_route=%2Fwp%2Fv2%2Fmedia&parent=33904"}],"wp:term":[{"taxonomy":"category","embeddable":true,"href":"https:\/\/www.riogrande.rs.gov.br\/smed\/index.php?rest_route=%2Fwp%2Fv2%2Fcategories&post=33904"},{"taxonomy":"post_tag","embeddable":true,"href":"https:\/\/www.riogrande.rs.gov.br\/smed\/index.php?rest_route=%2Fwp%2Fv2%2Ftags&post=33904"}],"curies":[{"name":"wp","href":"https:\/\/api.w.org\/{rel}","templated":true}]}}