{"id":33884,"date":"2019-06-12T15:14:37","date_gmt":"2019-06-12T18:14:37","guid":{"rendered":"http:\/\/www.riogrande.rs.gov.br\/smed\/?p=33884"},"modified":"2019-06-12T15:14:37","modified_gmt":"2019-06-12T18:14:37","slug":"grupo-de-danca-da-emef-cristovao-pereira-de-abreu-participou-do-17o-danca-bage","status":"publish","type":"post","link":"https:\/\/www.riogrande.rs.gov.br\/smed\/?p=33884","title":{"rendered":"Grupo de Dan\u00e7a da EMEF Crist\u00f3v\u00e3o Pereira de Abreu participou do \u201c17\u00ba Dan\u00e7a Bag\u00e9\u201d"},"content":{"rendered":"\n\t\t<style type=\"text\/css\">\n\t\t\t#gallery-1 {\n\t\t\t\tmargin: auto;\n\t\t\t}\n\t\t\t#gallery-1 .gallery-item {\n\t\t\t\tfloat: left;\n\t\t\t\tmargin-top: 10px;\n\t\t\t\ttext-align: center;\n\t\t\t\twidth: 50%;\n\t\t\t}\n\t\t\t#gallery-1 img {\n\t\t\t\tborder: 2px solid #cfcfcf;\n\t\t\t}\n\t\t\t#gallery-1 .gallery-caption {\n\t\t\t\tmargin-left: 0;\n\t\t\t}\n\t\t\t\/* see gallery_shortcode() in wp-includes\/media.php *\/\n\t\t<\/style>\n\t\t<div id='gallery-1' class='gallery galleryid-33884 gallery-columns-2 gallery-size-thumbnail'><dl class='gallery-item'>\n\t\t\t<dt class='gallery-icon landscape'>\n\t\t\t\t<a href='https:\/\/www.riogrande.rs.gov.br\/smed\/wp-content\/uploads\/2019\/06\/20190612-cristovao-image7.jpg' rel=\"lightbox[33884]\"><img loading=\"lazy\" decoding=\"async\" width=\"150\" height=\"150\" src=\"https:\/\/www.riogrande.rs.gov.br\/smed\/wp-content\/uploads\/2019\/06\/20190612-cristovao-image7-150x150.jpg\" class=\"attachment-thumbnail size-thumbnail\" alt=\"\" \/><\/a>\n\t\t\t<\/dt><\/dl><dl class='gallery-item'>\n\t\t\t<dt class='gallery-icon landscape'>\n\t\t\t\t<a href='https:\/\/www.riogrande.rs.gov.br\/smed\/wp-content\/uploads\/2019\/06\/20190612-cristovao-image2.jpg' rel=\"lightbox[33884]\"><img loading=\"lazy\" decoding=\"async\" width=\"150\" height=\"150\" src=\"https:\/\/www.riogrande.rs.gov.br\/smed\/wp-content\/uploads\/2019\/06\/20190612-cristovao-image2-150x150.jpg\" class=\"attachment-thumbnail size-thumbnail\" alt=\"\" \/><\/a>\n\t\t\t<\/dt><\/dl><br style=\"clear: both\" \/><dl class='gallery-item'>\n\t\t\t<dt class='gallery-icon landscape'>\n\t\t\t\t<a href='https:\/\/www.riogrande.rs.gov.br\/smed\/wp-content\/uploads\/2019\/06\/20190612-cristovao-image5.jpg' rel=\"lightbox[33884]\"><img loading=\"lazy\" decoding=\"async\" width=\"150\" height=\"150\" src=\"https:\/\/www.riogrande.rs.gov.br\/smed\/wp-content\/uploads\/2019\/06\/20190612-cristovao-image5-150x150.jpg\" class=\"attachment-thumbnail size-thumbnail\" alt=\"\" \/><\/a>\n\t\t\t<\/dt><\/dl><dl class='gallery-item'>\n\t\t\t<dt class='gallery-icon landscape'>\n\t\t\t\t<a href='https:\/\/www.riogrande.rs.gov.br\/smed\/wp-content\/uploads\/2019\/06\/20190612-cristovao-image1.jpg' rel=\"lightbox[33884]\"><img loading=\"lazy\" decoding=\"async\" width=\"150\" height=\"150\" src=\"https:\/\/www.riogrande.rs.gov.br\/smed\/wp-content\/uploads\/2019\/06\/20190612-cristovao-image1-150x150.jpg\" class=\"attachment-thumbnail size-thumbnail\" alt=\"\" \/><\/a>\n\t\t\t<\/dt><\/dl><br style=\"clear: both\" \/><dl class='gallery-item'>\n\t\t\t<dt class='gallery-icon landscape'>\n\t\t\t\t<a href='https:\/\/www.riogrande.rs.gov.br\/smed\/wp-content\/uploads\/2019\/06\/20190612-cristovao-image3.jpg' rel=\"lightbox[33884]\"><img loading=\"lazy\" decoding=\"async\" width=\"150\" height=\"150\" src=\"https:\/\/www.riogrande.rs.gov.br\/smed\/wp-content\/uploads\/2019\/06\/20190612-cristovao-image3-150x150.jpg\" class=\"attachment-thumbnail size-thumbnail\" alt=\"\" \/><\/a>\n\t\t\t<\/dt><\/dl><dl class='gallery-item'>\n\t\t\t<dt class='gallery-icon landscape'>\n\t\t\t\t<a href='https:\/\/www.riogrande.rs.gov.br\/smed\/wp-content\/uploads\/2019\/06\/20190612-cristovao-image6.jpg' rel=\"lightbox[33884]\"><img loading=\"lazy\" decoding=\"async\" width=\"150\" height=\"150\" src=\"https:\/\/www.riogrande.rs.gov.br\/smed\/wp-content\/uploads\/2019\/06\/20190612-cristovao-image6-150x150.jpg\" class=\"attachment-thumbnail size-thumbnail\" alt=\"\" \/><\/a>\n\t\t\t<\/dt><\/dl><br style=\"clear: both\" \/><dl class='gallery-item'>\n\t\t\t<dt class='gallery-icon landscape'>\n\t\t\t\t<a href='https:\/\/www.riogrande.rs.gov.br\/smed\/wp-content\/uploads\/2019\/06\/20190612-cristovao-image8.jpg' rel=\"lightbox[33884]\"><img loading=\"lazy\" decoding=\"async\" width=\"150\" height=\"150\" src=\"https:\/\/www.riogrande.rs.gov.br\/smed\/wp-content\/uploads\/2019\/06\/20190612-cristovao-image8-150x150.jpg\" class=\"attachment-thumbnail size-thumbnail\" alt=\"\" \/><\/a>\n\t\t\t<\/dt><\/dl><dl class='gallery-item'>\n\t\t\t<dt class='gallery-icon landscape'>\n\t\t\t\t<a href='https:\/\/www.riogrande.rs.gov.br\/smed\/wp-content\/uploads\/2019\/06\/20190612-cristovao-image4.jpg' rel=\"lightbox[33884]\"><img loading=\"lazy\" decoding=\"async\" width=\"150\" height=\"150\" src=\"https:\/\/www.riogrande.rs.gov.br\/smed\/wp-content\/uploads\/2019\/06\/20190612-cristovao-image4-150x150.jpg\" class=\"attachment-thumbnail size-thumbnail\" alt=\"\" \/><\/a>\n\t\t\t<\/dt><\/dl><br style=\"clear: both\" \/>\n\t\t<\/div>\n\n<p style=\"text-align: justify;\">O Grupo de Dan\u00e7a da <strong>Escola Municipal de Ensino Fundamental <\/strong><b>Crist\u00f3v\u00e3o Pereira de Abreu<\/b>, da Ilha da Torotama, no \u00faltimo final de semana, participou da <b>17\u00aa edi\u00e7\u00e3o do \u201cDan\u00e7a Bag\u00e9\u201d<\/b>, que aconteceu entre os dias <b>06 e 09 de junho<\/b>, no Centro Cultural Auxiliadora, na cidade de Bag\u00e9. O Festival contou com Mostras, Concurso, Shows, F\u00f3runs, Cursos, Oficinas e Interven\u00e7\u00f5es de Dan\u00e7a.<\/p>\n<p style=\"text-align: justify;\"><!--more--><\/p>\n<p style=\"text-align: justify;\">Coordenado pela diretora Guaraciara Dias e tendo como core\u00f3grafo Gabriel Baldez, do Projeto Novo Mais Educa\u00e7\u00e3o, o Grupo de Dan\u00e7a da EMEF Crist\u00f3v\u00e3o Pereira de Abreu apresentou tr\u00eas coreografias: \u201c<b>As l\u00edderes<\/b>\u201d (estilo dan\u00e7a urbana), \u201c<b>A Escola Tradicional<\/b>\u201d (dan\u00e7a contempor\u00e2nea) e \u201c<b>As Indianas<\/b>\u201d (proje\u00e7\u00e3o de imigra\u00e7\u00e3o). Dentre essas coreografias, o Grupo obteve a seguinte coloca\u00e7\u00e3o: 2\u00ba lugar com a coreografia \u201c<strong>As Indianas<\/strong>\u201d e \u201c<strong>As L\u00edderes<\/strong>\u201d; e 3\u00ba lugar com \u201c<strong>A Escola Tradicional<\/strong>\u201d.<\/p>\n<p style=\"text-align: justify;\"><b>\u201cNosso Projeto de Dan\u00e7a \u00e9 de grande relev\u00e2ncia, tanto na parte art\u00edstica quanto no aspecto cultural, promovendo sempre momentos singulares para as estudantes, que retornaram da cidade de Bag\u00e9 valorizadas e tiveram a chance de aprimorar seus conhecimentos coreogr\u00e1ficos<\/b>\u201d, destacou Guaraciara Dias.<\/p>\n<p style=\"text-align: justify;\">A aluna Thain\u00e1 Gon\u00e7alves Vinagre foi destaque na avalia\u00e7\u00e3o dos jurados dentro do seu grupo. Tamb\u00e9m se apresentaram as alunas Ana Luiza Rodrigues Machado, Andriele Caroline Bri\u00e3o Gaut\u00e9rio, Kauany Silveira da Silva, Samantha Freitas dos Santos, Ta\u00eds de Mattos Borges, Karen Machado de Mattos, Ma\u00edsa Eduarda Macedo da Silva, Agatha Silveira Miranda.<\/p>\n<p style=\"text-align: justify;\">No s\u00e1bado, dia <b>08 de junho<\/b>, o Grupo de Dan\u00e7a apresentou a coreografia &#8220;Shuruaat&#8221;, que mistura influ\u00eancias de v\u00e1rios estilos de dan\u00e7a indiana cl\u00e1ssica, tradicional e moderna. Para combinar com a m\u00fasica, a coreografia traz uma fus\u00e3o de estilos de dan\u00e7as indianas com dan\u00e7as ocidentais. \u201c<strong>Shuruaat<\/strong>\u201d (Hind\u00ed) traduzida, significa \u201c<strong>o come\u00e7o<\/strong>\u201d, pois \u00e9 o primeiro trabalho do grupo nesta modalidade. Shuruaat recebeu a premia\u00e7\u00e3o de 2\u00ba lugar.<\/p>\n<p style=\"text-align: justify;\">No domingo foram apresentadas duas coreografias: \u201c<strong>As L\u00edderes<\/strong>\u201d, com dan\u00e7as urbanas, onde as bailarinas representam as l\u00edderes de torcidas, t\u00edpicas dos times de futebol americano; e \u201c<strong>A Escola Tradicional<\/strong>&#8220;, que faz uma cr\u00edtica ao modelo tradicional de ensino nas institui\u00e7\u00f5es de educa\u00e7\u00e3o, onde ainda se encontram metodologias ultrapassadas e que se potencializam com os escassos investimentos para a educa\u00e7\u00e3o.<\/p>\n<p>&nbsp;<\/p>\n<p style=\"text-align: right;\"><em>SMEd<\/em><br \/>\n<em>Roberton Reis<\/em><br \/>\n<em>Com informa\u00e7\u00f5es da EMEF Crist\u00f3v\u00e3o Pereira de Abreu<\/em><\/p>\n","protected":false},"excerpt":{"rendered":"<p>O Grupo de Dan\u00e7a da Escola Municipal de Ensino Fundamental Crist\u00f3v\u00e3o Pereira de Abreu, da Ilha da Torotama, no \u00faltimo final de semana, participou da 17\u00aa edi\u00e7\u00e3o do \u201cDan\u00e7a Bag\u00e9\u201d, que aconteceu entre os dias 06 e 09 de junho, no Centro Cultural Auxiliadora, na cidade de Bag\u00e9. O Festival contou com Mostras, Concurso, Shows, [&hellip;]<\/p>\n","protected":false},"author":7,"featured_media":0,"comment_status":"closed","ping_status":"closed","sticky":false,"template":"","format":"standard","meta":{"footnotes":""},"categories":[1,13],"tags":[],"class_list":["post-33884","post","type-post","status-publish","format-standard","hentry","category-noticias","category-pedagogico"],"_links":{"self":[{"href":"https:\/\/www.riogrande.rs.gov.br\/smed\/index.php?rest_route=\/wp\/v2\/posts\/33884"}],"collection":[{"href":"https:\/\/www.riogrande.rs.gov.br\/smed\/index.php?rest_route=\/wp\/v2\/posts"}],"about":[{"href":"https:\/\/www.riogrande.rs.gov.br\/smed\/index.php?rest_route=\/wp\/v2\/types\/post"}],"author":[{"embeddable":true,"href":"https:\/\/www.riogrande.rs.gov.br\/smed\/index.php?rest_route=\/wp\/v2\/users\/7"}],"replies":[{"embeddable":true,"href":"https:\/\/www.riogrande.rs.gov.br\/smed\/index.php?rest_route=%2Fwp%2Fv2%2Fcomments&post=33884"}],"version-history":[{"count":1,"href":"https:\/\/www.riogrande.rs.gov.br\/smed\/index.php?rest_route=\/wp\/v2\/posts\/33884\/revisions"}],"predecessor-version":[{"id":33893,"href":"https:\/\/www.riogrande.rs.gov.br\/smed\/index.php?rest_route=\/wp\/v2\/posts\/33884\/revisions\/33893"}],"wp:attachment":[{"href":"https:\/\/www.riogrande.rs.gov.br\/smed\/index.php?rest_route=%2Fwp%2Fv2%2Fmedia&parent=33884"}],"wp:term":[{"taxonomy":"category","embeddable":true,"href":"https:\/\/www.riogrande.rs.gov.br\/smed\/index.php?rest_route=%2Fwp%2Fv2%2Fcategories&post=33884"},{"taxonomy":"post_tag","embeddable":true,"href":"https:\/\/www.riogrande.rs.gov.br\/smed\/index.php?rest_route=%2Fwp%2Fv2%2Ftags&post=33884"}],"curies":[{"name":"wp","href":"https:\/\/api.w.org\/{rel}","templated":true}]}}