{"id":33846,"date":"2019-06-11T15:15:37","date_gmt":"2019-06-11T18:15:37","guid":{"rendered":"http:\/\/www.riogrande.rs.gov.br\/smed\/?p=33846"},"modified":"2019-06-11T15:26:15","modified_gmt":"2019-06-11T18:26:15","slug":"alunosas-da-emef-sylvia-centeno-xavier-participaram-de-oficina-de-fotografia","status":"publish","type":"post","link":"https:\/\/www.riogrande.rs.gov.br\/smed\/?p=33846","title":{"rendered":"Alunos(as) da EMEF Sylvia Centeno Xavier participaram de \u201cOficina de Fotografia\u201d"},"content":{"rendered":"<div id=\"attachment_33847\" style=\"width: 495px\" class=\"wp-caption aligncenter\"><a href=\"http:\/\/www.riogrande.rs.gov.br\/smed\/wp-content\/uploads\/2019\/06\/20190611-ped-centeno-image1.jpg\" rel=\"lightbox[33846]\"><img loading=\"lazy\" decoding=\"async\" aria-describedby=\"caption-attachment-33847\" class=\"size-medium wp-image-33847\" src=\"http:\/\/www.riogrande.rs.gov.br\/smed\/wp-content\/uploads\/2019\/06\/20190611-ped-centeno-image1-485x272.jpg\" alt=\"\" width=\"485\" height=\"272\" srcset=\"https:\/\/www.riogrande.rs.gov.br\/smed\/wp-content\/uploads\/2019\/06\/20190611-ped-centeno-image1-485x272.jpg 485w, https:\/\/www.riogrande.rs.gov.br\/smed\/wp-content\/uploads\/2019\/06\/20190611-ped-centeno-image1-768x431.jpg 768w, https:\/\/www.riogrande.rs.gov.br\/smed\/wp-content\/uploads\/2019\/06\/20190611-ped-centeno-image1-369x207.jpg 369w, https:\/\/www.riogrande.rs.gov.br\/smed\/wp-content\/uploads\/2019\/06\/20190611-ped-centeno-image1.jpg 800w\" sizes=\"(max-width: 485px) 100vw, 485px\" \/><\/a><p id=\"caption-attachment-33847\" class=\"wp-caption-text\">Divulga\u00e7\u00e3o<\/p><\/div>\n\n\t\t<style type=\"text\/css\">\n\t\t\t#gallery-1 {\n\t\t\t\tmargin: auto;\n\t\t\t}\n\t\t\t#gallery-1 .gallery-item {\n\t\t\t\tfloat: left;\n\t\t\t\tmargin-top: 10px;\n\t\t\t\ttext-align: center;\n\t\t\t\twidth: 50%;\n\t\t\t}\n\t\t\t#gallery-1 img {\n\t\t\t\tborder: 2px solid #cfcfcf;\n\t\t\t}\n\t\t\t#gallery-1 .gallery-caption {\n\t\t\t\tmargin-left: 0;\n\t\t\t}\n\t\t\t\/* see gallery_shortcode() in wp-includes\/media.php *\/\n\t\t<\/style>\n\t\t<div id='gallery-1' class='gallery galleryid-33846 gallery-columns-2 gallery-size-thumbnail'><dl class='gallery-item'>\n\t\t\t<dt class='gallery-icon landscape'>\n\t\t\t\t<a href='https:\/\/www.riogrande.rs.gov.br\/smed\/wp-content\/uploads\/2019\/06\/20190611-ped-centeno-image2.jpg' rel=\"lightbox[33846]\"><img loading=\"lazy\" decoding=\"async\" width=\"150\" height=\"150\" src=\"https:\/\/www.riogrande.rs.gov.br\/smed\/wp-content\/uploads\/2019\/06\/20190611-ped-centeno-image2-150x150.jpg\" class=\"attachment-thumbnail size-thumbnail\" alt=\"\" aria-describedby=\"gallery-1-33848\" \/><\/a>\n\t\t\t<\/dt>\n\t\t\t\t<dd class='wp-caption-text gallery-caption' id='gallery-1-33848'>\n\t\t\t\tDivulga\u00e7\u00e3o\n\t\t\t\t<\/dd><\/dl><dl class='gallery-item'>\n\t\t\t<dt class='gallery-icon landscape'>\n\t\t\t\t<a href='https:\/\/www.riogrande.rs.gov.br\/smed\/wp-content\/uploads\/2019\/06\/20190611-ped-centeno-image3.jpg' rel=\"lightbox[33846]\"><img loading=\"lazy\" decoding=\"async\" width=\"150\" height=\"150\" src=\"https:\/\/www.riogrande.rs.gov.br\/smed\/wp-content\/uploads\/2019\/06\/20190611-ped-centeno-image3-150x150.jpg\" class=\"attachment-thumbnail size-thumbnail\" alt=\"\" aria-describedby=\"gallery-1-33849\" \/><\/a>\n\t\t\t<\/dt>\n\t\t\t\t<dd class='wp-caption-text gallery-caption' id='gallery-1-33849'>\n\t\t\t\tDivulga\u00e7\u00e3o\n\t\t\t\t<\/dd><\/dl><br style=\"clear: both\" \/><dl class='gallery-item'>\n\t\t\t<dt class='gallery-icon landscape'>\n\t\t\t\t<a href='https:\/\/www.riogrande.rs.gov.br\/smed\/wp-content\/uploads\/2019\/06\/20190611-ped-centeno-image4.jpg' rel=\"lightbox[33846]\"><img loading=\"lazy\" decoding=\"async\" width=\"150\" height=\"150\" src=\"https:\/\/www.riogrande.rs.gov.br\/smed\/wp-content\/uploads\/2019\/06\/20190611-ped-centeno-image4-150x150.jpg\" class=\"attachment-thumbnail size-thumbnail\" alt=\"\" aria-describedby=\"gallery-1-33850\" \/><\/a>\n\t\t\t<\/dt>\n\t\t\t\t<dd class='wp-caption-text gallery-caption' id='gallery-1-33850'>\n\t\t\t\tDivulga\u00e7\u00e3o\n\t\t\t\t<\/dd><\/dl><dl class='gallery-item'>\n\t\t\t<dt class='gallery-icon portrait'>\n\t\t\t\t<a href='https:\/\/www.riogrande.rs.gov.br\/smed\/wp-content\/uploads\/2019\/06\/20190611-ped-centeno-image5.jpg' rel=\"lightbox[33846]\"><img loading=\"lazy\" decoding=\"async\" width=\"150\" height=\"150\" src=\"https:\/\/www.riogrande.rs.gov.br\/smed\/wp-content\/uploads\/2019\/06\/20190611-ped-centeno-image5-150x150.jpg\" class=\"attachment-thumbnail size-thumbnail\" alt=\"\" aria-describedby=\"gallery-1-33851\" \/><\/a>\n\t\t\t<\/dt>\n\t\t\t\t<dd class='wp-caption-text gallery-caption' id='gallery-1-33851'>\n\t\t\t\tDivulga\u00e7\u00e3o\n\t\t\t\t<\/dd><\/dl><br style=\"clear: both\" \/>\n\t\t<\/div>\n\n<p style=\"text-align: justify;\">No dia <b>30 de maio<\/b>, quinta-feira, os(as) alunos(as) da <strong>Escola Municipal de Ensino Fundamental<\/strong> <b>Sylvia Centeno Xavier<\/b>, que est\u00e1 localizada na Ilha dos Marinheiros, sob a coordena\u00e7\u00e3o da Professora de Hist\u00f3ria, Denise Neves, participaram de uma \u201c<b>Oficina de Fotografia<\/b>\u201d ministrada pela Prof.\u00aa Dr.\u00aa Michelle Coelho Salort, que tamb\u00e9m \u00e9 assessora do N\u00facleo de Educa\u00e7\u00e3o Ambiental e Patrimonial.<\/p>\n<p style=\"text-align: justify;\"><!--more--><\/p>\n<p style=\"text-align: justify;\"><b>\u201cNessa Oficina, os(as) estudantes da EMEF Sylvia Centeno Xavier tiveram a oportunidade de apreciar, de forma l\u00fadica e divertida, parte da hist\u00f3ria e da g\u00eanese da fotografia. Manuseando c\u00e2meras e objetos, conheceram aspectos que v\u00e3o desde a c\u00e2mara escura \u00e0 fotografia digital<\/b>\u201d, explicou Denise Neves.<\/p>\n<p style=\"text-align: justify;\">Como atividade pr\u00e1tica da Oficina, os estudantes conheceram distintos planos fotogr\u00e1ficos e realizaram fotografias aplicando tais conhecimentos. &#8220;<b>Foi muito bom aprender sobre os planos e \u00e2ngulos, que v\u00e3o ajudar no projeto que estamos participando<\/b>\u201d, destacou o aluno Liniker. &#8220;<b>Adoramos conhecer as v\u00e1rias c\u00e2meras antigas que a professora trouxe<\/b>\u201d, disseram Aline e Lucas. \u201c<b>Gostei muito de saber como come\u00e7ou a fotografia, porque meu sonho \u00e9 ser fot\u00f3grafa<\/b>\u201d, destacou a aluna Sibele.<\/p>\n<p>&nbsp;<\/p>\n<p style=\"text-align: right;\"><em>SMEd<\/em><br \/>\n<em>Roberton Reis<\/em><br \/>\n<em>Com informa\u00e7\u00f5es da EMEF Sylvia Centeno Xavier<\/em><\/p>\n","protected":false},"excerpt":{"rendered":"<p>No dia 30 de maio, quinta-feira, os(as) alunos(as) da Escola Municipal de Ensino Fundamental Sylvia Centeno Xavier, que est\u00e1 localizada na Ilha dos Marinheiros, sob a coordena\u00e7\u00e3o da Professora de Hist\u00f3ria, Denise Neves, participaram de uma \u201cOficina de Fotografia\u201d ministrada pela Prof.\u00aa Dr.\u00aa Michelle Coelho Salort, que tamb\u00e9m \u00e9 assessora do N\u00facleo de Educa\u00e7\u00e3o Ambiental [&hellip;]<\/p>\n","protected":false},"author":7,"featured_media":0,"comment_status":"closed","ping_status":"closed","sticky":false,"template":"","format":"standard","meta":{"footnotes":""},"categories":[1,13],"tags":[],"class_list":["post-33846","post","type-post","status-publish","format-standard","hentry","category-noticias","category-pedagogico"],"_links":{"self":[{"href":"https:\/\/www.riogrande.rs.gov.br\/smed\/index.php?rest_route=\/wp\/v2\/posts\/33846"}],"collection":[{"href":"https:\/\/www.riogrande.rs.gov.br\/smed\/index.php?rest_route=\/wp\/v2\/posts"}],"about":[{"href":"https:\/\/www.riogrande.rs.gov.br\/smed\/index.php?rest_route=\/wp\/v2\/types\/post"}],"author":[{"embeddable":true,"href":"https:\/\/www.riogrande.rs.gov.br\/smed\/index.php?rest_route=\/wp\/v2\/users\/7"}],"replies":[{"embeddable":true,"href":"https:\/\/www.riogrande.rs.gov.br\/smed\/index.php?rest_route=%2Fwp%2Fv2%2Fcomments&post=33846"}],"version-history":[{"count":3,"href":"https:\/\/www.riogrande.rs.gov.br\/smed\/index.php?rest_route=\/wp\/v2\/posts\/33846\/revisions"}],"predecessor-version":[{"id":33861,"href":"https:\/\/www.riogrande.rs.gov.br\/smed\/index.php?rest_route=\/wp\/v2\/posts\/33846\/revisions\/33861"}],"wp:attachment":[{"href":"https:\/\/www.riogrande.rs.gov.br\/smed\/index.php?rest_route=%2Fwp%2Fv2%2Fmedia&parent=33846"}],"wp:term":[{"taxonomy":"category","embeddable":true,"href":"https:\/\/www.riogrande.rs.gov.br\/smed\/index.php?rest_route=%2Fwp%2Fv2%2Fcategories&post=33846"},{"taxonomy":"post_tag","embeddable":true,"href":"https:\/\/www.riogrande.rs.gov.br\/smed\/index.php?rest_route=%2Fwp%2Fv2%2Ftags&post=33846"}],"curies":[{"name":"wp","href":"https:\/\/api.w.org\/{rel}","templated":true}]}}