{"id":33824,"date":"2019-06-11T14:34:38","date_gmt":"2019-06-11T17:34:38","guid":{"rendered":"http:\/\/www.riogrande.rs.gov.br\/smed\/?p=33824"},"modified":"2019-06-11T15:20:21","modified_gmt":"2019-06-11T18:20:21","slug":"dia-mundial-do-meio-ambiente-na-emef-cristovao-pereira-de-abreu","status":"publish","type":"post","link":"https:\/\/www.riogrande.rs.gov.br\/smed\/?p=33824","title":{"rendered":"\u201cDia Mundial do Meio Ambiente\u201d na EMEF Crist\u00f3v\u00e3o Pereira de Abreu"},"content":{"rendered":"\n\t\t<style type=\"text\/css\">\n\t\t\t#gallery-1 {\n\t\t\t\tmargin: auto;\n\t\t\t}\n\t\t\t#gallery-1 .gallery-item {\n\t\t\t\tfloat: left;\n\t\t\t\tmargin-top: 10px;\n\t\t\t\ttext-align: center;\n\t\t\t\twidth: 33%;\n\t\t\t}\n\t\t\t#gallery-1 img {\n\t\t\t\tborder: 2px solid #cfcfcf;\n\t\t\t}\n\t\t\t#gallery-1 .gallery-caption {\n\t\t\t\tmargin-left: 0;\n\t\t\t}\n\t\t\t\/* see gallery_shortcode() in wp-includes\/media.php *\/\n\t\t<\/style>\n\t\t<div id='gallery-1' class='gallery galleryid-33824 gallery-columns-3 gallery-size-thumbnail'><dl class='gallery-item'>\n\t\t\t<dt class='gallery-icon landscape'>\n\t\t\t\t<a href='https:\/\/www.riogrande.rs.gov.br\/smed\/wp-content\/uploads\/2019\/06\/20190611-ped-cristovao-image1.jpg' rel=\"lightbox[33824]\"><img loading=\"lazy\" decoding=\"async\" width=\"150\" height=\"150\" src=\"https:\/\/www.riogrande.rs.gov.br\/smed\/wp-content\/uploads\/2019\/06\/20190611-ped-cristovao-image1-150x150.jpg\" class=\"attachment-thumbnail size-thumbnail\" alt=\"\" aria-describedby=\"gallery-1-33825\" \/><\/a>\n\t\t\t<\/dt>\n\t\t\t\t<dd class='wp-caption-text gallery-caption' id='gallery-1-33825'>\n\t\t\t\tDivulga\u00e7\u00e3o\n\t\t\t\t<\/dd><\/dl><dl class='gallery-item'>\n\t\t\t<dt class='gallery-icon portrait'>\n\t\t\t\t<a href='https:\/\/www.riogrande.rs.gov.br\/smed\/wp-content\/uploads\/2019\/06\/20190611-ped-cristovao-image2.jpg' rel=\"lightbox[33824]\"><img loading=\"lazy\" decoding=\"async\" width=\"150\" height=\"150\" src=\"https:\/\/www.riogrande.rs.gov.br\/smed\/wp-content\/uploads\/2019\/06\/20190611-ped-cristovao-image2-150x150.jpg\" class=\"attachment-thumbnail size-thumbnail\" alt=\"\" aria-describedby=\"gallery-1-33826\" \/><\/a>\n\t\t\t<\/dt>\n\t\t\t\t<dd class='wp-caption-text gallery-caption' id='gallery-1-33826'>\n\t\t\t\tDivulga\u00e7\u00e3o\n\t\t\t\t<\/dd><\/dl><dl class='gallery-item'>\n\t\t\t<dt class='gallery-icon landscape'>\n\t\t\t\t<a href='https:\/\/www.riogrande.rs.gov.br\/smed\/wp-content\/uploads\/2019\/06\/20190611-ped-cristovao-image3.jpg' rel=\"lightbox[33824]\"><img loading=\"lazy\" decoding=\"async\" width=\"150\" height=\"150\" src=\"https:\/\/www.riogrande.rs.gov.br\/smed\/wp-content\/uploads\/2019\/06\/20190611-ped-cristovao-image3-150x150.jpg\" class=\"attachment-thumbnail size-thumbnail\" alt=\"\" aria-describedby=\"gallery-1-33827\" \/><\/a>\n\t\t\t<\/dt>\n\t\t\t\t<dd class='wp-caption-text gallery-caption' id='gallery-1-33827'>\n\t\t\t\tDivulga\u00e7\u00e3o\n\t\t\t\t<\/dd><\/dl><br style=\"clear: both\" \/><dl class='gallery-item'>\n\t\t\t<dt class='gallery-icon landscape'>\n\t\t\t\t<a href='https:\/\/www.riogrande.rs.gov.br\/smed\/wp-content\/uploads\/2019\/06\/20190611-ped-cristovao-image4.jpg' rel=\"lightbox[33824]\"><img loading=\"lazy\" decoding=\"async\" width=\"150\" height=\"150\" src=\"https:\/\/www.riogrande.rs.gov.br\/smed\/wp-content\/uploads\/2019\/06\/20190611-ped-cristovao-image4-150x150.jpg\" class=\"attachment-thumbnail size-thumbnail\" alt=\"\" aria-describedby=\"gallery-1-33828\" \/><\/a>\n\t\t\t<\/dt>\n\t\t\t\t<dd class='wp-caption-text gallery-caption' id='gallery-1-33828'>\n\t\t\t\tDivulga\u00e7\u00e3o\n\t\t\t\t<\/dd><\/dl><dl class='gallery-item'>\n\t\t\t<dt class='gallery-icon landscape'>\n\t\t\t\t<a href='https:\/\/www.riogrande.rs.gov.br\/smed\/wp-content\/uploads\/2019\/06\/20190611-ped-cristovao-image5.jpg' rel=\"lightbox[33824]\"><img loading=\"lazy\" decoding=\"async\" width=\"150\" height=\"150\" src=\"https:\/\/www.riogrande.rs.gov.br\/smed\/wp-content\/uploads\/2019\/06\/20190611-ped-cristovao-image5-150x150.jpg\" class=\"attachment-thumbnail size-thumbnail\" alt=\"\" aria-describedby=\"gallery-1-33829\" \/><\/a>\n\t\t\t<\/dt>\n\t\t\t\t<dd class='wp-caption-text gallery-caption' id='gallery-1-33829'>\n\t\t\t\tDivulga\u00e7\u00e3o\n\t\t\t\t<\/dd><\/dl><dl class='gallery-item'>\n\t\t\t<dt class='gallery-icon landscape'>\n\t\t\t\t<a href='https:\/\/www.riogrande.rs.gov.br\/smed\/wp-content\/uploads\/2019\/06\/20190611-ped-cristovao-image6.jpg' rel=\"lightbox[33824]\"><img loading=\"lazy\" decoding=\"async\" width=\"150\" height=\"150\" src=\"https:\/\/www.riogrande.rs.gov.br\/smed\/wp-content\/uploads\/2019\/06\/20190611-ped-cristovao-image6-150x150.jpg\" class=\"attachment-thumbnail size-thumbnail\" alt=\"\" aria-describedby=\"gallery-1-33830\" \/><\/a>\n\t\t\t<\/dt>\n\t\t\t\t<dd class='wp-caption-text gallery-caption' id='gallery-1-33830'>\n\t\t\t\tDivulga\u00e7\u00e3o\n\t\t\t\t<\/dd><\/dl><br style=\"clear: both\" \/>\n\t\t<\/div>\n\n<p style=\"text-align: justify;\">Os(as) alunos(as) do Pr\u00e9 ao 6\u00ba Ano, da <strong>Escola Municipal de Ensino Fundamental<\/strong> <b>Crist\u00f3v\u00e3o Pereira de Abreu<\/b>, que est\u00e1 localizada na Ilha da Torotama, na manh\u00e3 da \u00faltima quarta-feira, dia <b>05 de junho<\/b>, realizaram atividades alusivas ao \u201c<b>Dia Mundial do Meio Ambiente<\/b>\u201d, como confec\u00e7\u00e3o de placas, cartazes e desenhos destacando a import\u00e2ncia de preservarmos o ambiente em que vivemos.<\/p>\n<p style=\"text-align: justify;\"><!--more--><\/p>\n<p style=\"text-align: justify;\">O Dia Mundial do Meio Ambiente come\u00e7ou a ser comemorado em 1972, com o objetivo de promover atividades de prote\u00e7\u00e3o e preserva\u00e7\u00e3o do meio ambiente, e alertar o p\u00fablico e governos de cada pa\u00eds sobre os perigos de negligenciarmos a tarefa de cuidar do mundo em que vivemos.<\/p>\n<p style=\"text-align: justify;\">Foi em Estocolmo, no dia 5 de junho de 1972, que teve in\u00edcio a primeira das Confer\u00eancias das Na\u00e7\u00f5es Unidas sobre o ambiente humano. A reuni\u00e3o durou at\u00e9 o dia 16 e congregou v\u00e1rios governos e ONG\u2019s. Por esse motivo foi a data escolhida como Dia Mundial do Meio Ambiente. No Brasil, o <a href=\"https:\/\/www2.camara.leg.br\/legin\/fed\/decret\/1980-1987\/decreto-86028-27-maio-1981-435339-publicacaooriginal-1-pe.html\" target=\"_blank\" rel=\"noopener noreferrer\"><b>Decreto n\u00ba 86.028\/1981<\/b><\/a> instituiu em todo o pa\u00eds a \u201c<b>Semana Nacional do Meio Ambiente<\/b>\u201c.<\/p>\n<p style=\"text-align: justify;\">\u201c<b>As atividades se estenderam at\u00e9 a praia, onde os(as) estudantes conversaram sobre a import\u00e2ncia de preservar o nosso bem mais precioso que \u00e9 o mar, de onde a maioria das fam\u00edlias retira seu sustento e o seu alimento<\/b>\u201d, explicou a diretora Guaraciara Dias da Luz.<\/p>\n<p style=\"text-align: right;\"><em>SMEd<\/em><br \/>\n<em>Roberton Reis<\/em><br \/>\n<em>Com informa\u00e7\u00f5es da EMEF Crist\u00f3v\u00e3o Pereira de Abreu<\/em><\/p>\n","protected":false},"excerpt":{"rendered":"<p>Os(as) alunos(as) do Pr\u00e9 ao 6\u00ba Ano, da Escola Municipal de Ensino Fundamental Crist\u00f3v\u00e3o Pereira de Abreu, que est\u00e1 localizada na Ilha da Torotama, na manh\u00e3 da \u00faltima quarta-feira, dia 05 de junho, realizaram atividades alusivas ao \u201cDia Mundial do Meio Ambiente\u201d, como confec\u00e7\u00e3o de placas, cartazes e desenhos destacando a import\u00e2ncia de preservarmos o [&hellip;]<\/p>\n","protected":false},"author":7,"featured_media":0,"comment_status":"closed","ping_status":"closed","sticky":false,"template":"","format":"standard","meta":{"footnotes":""},"categories":[1,13],"tags":[],"class_list":["post-33824","post","type-post","status-publish","format-standard","hentry","category-noticias","category-pedagogico"],"_links":{"self":[{"href":"https:\/\/www.riogrande.rs.gov.br\/smed\/index.php?rest_route=\/wp\/v2\/posts\/33824"}],"collection":[{"href":"https:\/\/www.riogrande.rs.gov.br\/smed\/index.php?rest_route=\/wp\/v2\/posts"}],"about":[{"href":"https:\/\/www.riogrande.rs.gov.br\/smed\/index.php?rest_route=\/wp\/v2\/types\/post"}],"author":[{"embeddable":true,"href":"https:\/\/www.riogrande.rs.gov.br\/smed\/index.php?rest_route=\/wp\/v2\/users\/7"}],"replies":[{"embeddable":true,"href":"https:\/\/www.riogrande.rs.gov.br\/smed\/index.php?rest_route=%2Fwp%2Fv2%2Fcomments&post=33824"}],"version-history":[{"count":2,"href":"https:\/\/www.riogrande.rs.gov.br\/smed\/index.php?rest_route=\/wp\/v2\/posts\/33824\/revisions"}],"predecessor-version":[{"id":33854,"href":"https:\/\/www.riogrande.rs.gov.br\/smed\/index.php?rest_route=\/wp\/v2\/posts\/33824\/revisions\/33854"}],"wp:attachment":[{"href":"https:\/\/www.riogrande.rs.gov.br\/smed\/index.php?rest_route=%2Fwp%2Fv2%2Fmedia&parent=33824"}],"wp:term":[{"taxonomy":"category","embeddable":true,"href":"https:\/\/www.riogrande.rs.gov.br\/smed\/index.php?rest_route=%2Fwp%2Fv2%2Fcategories&post=33824"},{"taxonomy":"post_tag","embeddable":true,"href":"https:\/\/www.riogrande.rs.gov.br\/smed\/index.php?rest_route=%2Fwp%2Fv2%2Ftags&post=33824"}],"curies":[{"name":"wp","href":"https:\/\/api.w.org\/{rel}","templated":true}]}}