{"id":33805,"date":"2019-06-10T15:14:49","date_gmt":"2019-06-10T18:14:49","guid":{"rendered":"http:\/\/www.riogrande.rs.gov.br\/smed\/?p=33805"},"modified":"2019-06-10T15:14:49","modified_gmt":"2019-06-10T18:14:49","slug":"biblioteca-movel-da-smed-realizou-acao-na-emef-sao-joao-batista","status":"publish","type":"post","link":"https:\/\/www.riogrande.rs.gov.br\/smed\/?p=33805","title":{"rendered":"\u201cBiblioteca M\u00f3vel\u201d da SMEd realizou a\u00e7\u00e3o na EMEF S\u00e3o Jo\u00e3o Batista"},"content":{"rendered":"<div id=\"attachment_33809\" style=\"width: 495px\" class=\"wp-caption aligncenter\"><a href=\"http:\/\/www.riogrande.rs.gov.br\/smed\/wp-content\/uploads\/2019\/06\/20190610-ped-batista-image4.jpg\" rel=\"lightbox[33805]\"><img loading=\"lazy\" decoding=\"async\" aria-describedby=\"caption-attachment-33809\" class=\"size-medium wp-image-33809\" src=\"http:\/\/www.riogrande.rs.gov.br\/smed\/wp-content\/uploads\/2019\/06\/20190610-ped-batista-image4-485x236.jpg\" alt=\"\" width=\"485\" height=\"236\" srcset=\"https:\/\/www.riogrande.rs.gov.br\/smed\/wp-content\/uploads\/2019\/06\/20190610-ped-batista-image4-485x236.jpg 485w, https:\/\/www.riogrande.rs.gov.br\/smed\/wp-content\/uploads\/2019\/06\/20190610-ped-batista-image4-768x373.jpg 768w, https:\/\/www.riogrande.rs.gov.br\/smed\/wp-content\/uploads\/2019\/06\/20190610-ped-batista-image4-426x207.jpg 426w, https:\/\/www.riogrande.rs.gov.br\/smed\/wp-content\/uploads\/2019\/06\/20190610-ped-batista-image4.jpg 800w\" sizes=\"(max-width: 485px) 100vw, 485px\" \/><\/a><p id=\"caption-attachment-33809\" class=\"wp-caption-text\">Divulga\u00e7\u00e3o<\/p><\/div>\n\n\t\t<style type=\"text\/css\">\n\t\t\t#gallery-1 {\n\t\t\t\tmargin: auto;\n\t\t\t}\n\t\t\t#gallery-1 .gallery-item {\n\t\t\t\tfloat: left;\n\t\t\t\tmargin-top: 10px;\n\t\t\t\ttext-align: center;\n\t\t\t\twidth: 50%;\n\t\t\t}\n\t\t\t#gallery-1 img {\n\t\t\t\tborder: 2px solid #cfcfcf;\n\t\t\t}\n\t\t\t#gallery-1 .gallery-caption {\n\t\t\t\tmargin-left: 0;\n\t\t\t}\n\t\t\t\/* see gallery_shortcode() in wp-includes\/media.php *\/\n\t\t<\/style>\n\t\t<div id='gallery-1' class='gallery galleryid-33805 gallery-columns-2 gallery-size-thumbnail'><dl class='gallery-item'>\n\t\t\t<dt class='gallery-icon portrait'>\n\t\t\t\t<a href='https:\/\/www.riogrande.rs.gov.br\/smed\/wp-content\/uploads\/2019\/06\/20190610-ped-batista-image1.jpg' rel=\"lightbox[33805]\"><img loading=\"lazy\" decoding=\"async\" width=\"150\" height=\"150\" src=\"https:\/\/www.riogrande.rs.gov.br\/smed\/wp-content\/uploads\/2019\/06\/20190610-ped-batista-image1-150x150.jpg\" class=\"attachment-thumbnail size-thumbnail\" alt=\"\" aria-describedby=\"gallery-1-33806\" \/><\/a>\n\t\t\t<\/dt>\n\t\t\t\t<dd class='wp-caption-text gallery-caption' id='gallery-1-33806'>\n\t\t\t\tDivulga\u00e7\u00e3o\n\t\t\t\t<\/dd><\/dl><dl class='gallery-item'>\n\t\t\t<dt class='gallery-icon portrait'>\n\t\t\t\t<a href='https:\/\/www.riogrande.rs.gov.br\/smed\/wp-content\/uploads\/2019\/06\/20190610-ped-batista-image2.jpg' rel=\"lightbox[33805]\"><img loading=\"lazy\" decoding=\"async\" width=\"150\" height=\"150\" src=\"https:\/\/www.riogrande.rs.gov.br\/smed\/wp-content\/uploads\/2019\/06\/20190610-ped-batista-image2-150x150.jpg\" class=\"attachment-thumbnail size-thumbnail\" alt=\"\" aria-describedby=\"gallery-1-33807\" \/><\/a>\n\t\t\t<\/dt>\n\t\t\t\t<dd class='wp-caption-text gallery-caption' id='gallery-1-33807'>\n\t\t\t\tDivulga\u00e7\u00e3o\n\t\t\t\t<\/dd><\/dl><br style=\"clear: both\" \/><dl class='gallery-item'>\n\t\t\t<dt class='gallery-icon landscape'>\n\t\t\t\t<a href='https:\/\/www.riogrande.rs.gov.br\/smed\/wp-content\/uploads\/2019\/06\/20190610-ped-batista-image3.jpg' rel=\"lightbox[33805]\"><img loading=\"lazy\" decoding=\"async\" width=\"150\" height=\"150\" src=\"https:\/\/www.riogrande.rs.gov.br\/smed\/wp-content\/uploads\/2019\/06\/20190610-ped-batista-image3-150x150.jpg\" class=\"attachment-thumbnail size-thumbnail\" alt=\"\" aria-describedby=\"gallery-1-33808\" \/><\/a>\n\t\t\t<\/dt>\n\t\t\t\t<dd class='wp-caption-text gallery-caption' id='gallery-1-33808'>\n\t\t\t\tDivulga\u00e7\u00e3o\n\t\t\t\t<\/dd><\/dl><dl class='gallery-item'>\n\t\t\t<dt class='gallery-icon portrait'>\n\t\t\t\t<a href='https:\/\/www.riogrande.rs.gov.br\/smed\/wp-content\/uploads\/2019\/06\/20190610-ped-batista-image5.jpg' rel=\"lightbox[33805]\"><img loading=\"lazy\" decoding=\"async\" width=\"150\" height=\"150\" src=\"https:\/\/www.riogrande.rs.gov.br\/smed\/wp-content\/uploads\/2019\/06\/20190610-ped-batista-image5-150x150.jpg\" class=\"attachment-thumbnail size-thumbnail\" alt=\"\" aria-describedby=\"gallery-1-33810\" \/><\/a>\n\t\t\t<\/dt>\n\t\t\t\t<dd class='wp-caption-text gallery-caption' id='gallery-1-33810'>\n\t\t\t\tDivulga\u00e7\u00e3o\n\t\t\t\t<\/dd><\/dl><br style=\"clear: both\" \/>\n\t\t<\/div>\n\n<p style=\"text-align: justify;\">Na tarde do dia <b>28 de maio<\/b>, a <strong>Escola Municipal de Ensino Fundamental <\/strong><b>S\u00e3o Jo\u00e3o Batista<\/b> recebeu a visita das assessoras do N\u00facleo de Bibliotecas da Secretaria de Munic\u00edpio da Educa\u00e7\u00e3o de Rio Grande (SMEd). Na oportunidade, os(as) alunos(as) das turmas do 1\u00ba, 2\u00ba e 3\u00ba Ano puderam visitar a \u201c<b>Biblioteca M\u00f3vel<\/b>\u201d, onde conheceram um pouco do acervo da mesma, que conta com livros infantis, infanto-juvenis, literatura adulta, afro e ainda esp\u00edrita.<\/p>\n<p style=\"text-align: justify;\"><!--more--><\/p>\n<p style=\"text-align: justify;\">Ap\u00f3s essa atividade, tr\u00eas turmas que est\u00e3o realizando projetos na sala de aula, voltados \u00e0 leitura e ao mundo m\u00e1gico da imagina\u00e7\u00e3o, foram contempladas com a conta\u00e7\u00e3o da hist\u00f3ria &#8220;<strong>O hipop\u00f3tamo e a palavra m\u00e1gica<\/strong>&#8220;, de Michael Catchpool.<\/p>\n<p style=\"text-align: justify;\">Sinopse:<\/p>\n<blockquote>\n<p style=\"text-align: justify;\">Um grande tumulto acontece a selva. Os animais querem atravessar a ponte sobre o rio. Mas o hipop\u00f3tamo est\u00e1 esparramado em toda ela, dormindo profundamente.&#8221;<strong>Voc\u00ea n\u00e3o vai mudar um hipop\u00f3tamo se ele n\u00e3o quiser!<\/strong>&#8220;, diz o Papagaio. O rei da selva tenta ordenar que o hipop\u00f3tamo se mova, sem ter \u00eaxito e os animais tentam empurr\u00e1-lo. A divers\u00e3o come\u00e7a realmente quando um dos animais sugere-lhe pular em cima da ponte. As ilustra\u00e7\u00f5es mostram o momento em que o le\u00e3o e seus amigos balan\u00e7am a ponte para remover o hipop\u00f3tamo. Inevitavelmente, enquanto o hipop\u00f3tamo cai em seguran\u00e7a de volta na ponte, os quatro amigos acabam na \u00e1gua. Quem pode persuadir o hipop\u00f3tamo a se mover? \u00c9 um pequeno rato, quem sabe uma palavra ou duas, que fornece a solu\u00e7\u00e3o. Assim, lembrando-nos de boas maneiras, a hist\u00f3ria refor\u00e7a a import\u00e2ncia da perseveran\u00e7a.<\/p>\n<\/blockquote>\n<p>&nbsp;<\/p>\n<p style=\"text-align: right;\"><em>SMEd<\/em><br \/>\n<em>Roberton Reis<\/em><br \/>\n<em>Com informa\u00e7\u00f5es da EMEF S\u00e3o Jo\u00e3o Batista<\/em><\/p>\n","protected":false},"excerpt":{"rendered":"<p>Na tarde do dia 28 de maio, a Escola Municipal de Ensino Fundamental S\u00e3o Jo\u00e3o Batista recebeu a visita das assessoras do N\u00facleo de Bibliotecas da Secretaria de Munic\u00edpio da Educa\u00e7\u00e3o de Rio Grande (SMEd). Na oportunidade, os(as) alunos(as) das turmas do 1\u00ba, 2\u00ba e 3\u00ba Ano puderam visitar a \u201cBiblioteca M\u00f3vel\u201d, onde conheceram um [&hellip;]<\/p>\n","protected":false},"author":7,"featured_media":0,"comment_status":"closed","ping_status":"closed","sticky":false,"template":"","format":"standard","meta":{"footnotes":""},"categories":[1],"tags":[],"class_list":["post-33805","post","type-post","status-publish","format-standard","hentry","category-noticias"],"_links":{"self":[{"href":"https:\/\/www.riogrande.rs.gov.br\/smed\/index.php?rest_route=\/wp\/v2\/posts\/33805"}],"collection":[{"href":"https:\/\/www.riogrande.rs.gov.br\/smed\/index.php?rest_route=\/wp\/v2\/posts"}],"about":[{"href":"https:\/\/www.riogrande.rs.gov.br\/smed\/index.php?rest_route=\/wp\/v2\/types\/post"}],"author":[{"embeddable":true,"href":"https:\/\/www.riogrande.rs.gov.br\/smed\/index.php?rest_route=\/wp\/v2\/users\/7"}],"replies":[{"embeddable":true,"href":"https:\/\/www.riogrande.rs.gov.br\/smed\/index.php?rest_route=%2Fwp%2Fv2%2Fcomments&post=33805"}],"version-history":[{"count":1,"href":"https:\/\/www.riogrande.rs.gov.br\/smed\/index.php?rest_route=\/wp\/v2\/posts\/33805\/revisions"}],"predecessor-version":[{"id":33811,"href":"https:\/\/www.riogrande.rs.gov.br\/smed\/index.php?rest_route=\/wp\/v2\/posts\/33805\/revisions\/33811"}],"wp:attachment":[{"href":"https:\/\/www.riogrande.rs.gov.br\/smed\/index.php?rest_route=%2Fwp%2Fv2%2Fmedia&parent=33805"}],"wp:term":[{"taxonomy":"category","embeddable":true,"href":"https:\/\/www.riogrande.rs.gov.br\/smed\/index.php?rest_route=%2Fwp%2Fv2%2Fcategories&post=33805"},{"taxonomy":"post_tag","embeddable":true,"href":"https:\/\/www.riogrande.rs.gov.br\/smed\/index.php?rest_route=%2Fwp%2Fv2%2Ftags&post=33805"}],"curies":[{"name":"wp","href":"https:\/\/api.w.org\/{rel}","templated":true}]}}