{"id":33799,"date":"2019-06-10T15:09:33","date_gmt":"2019-06-10T18:09:33","guid":{"rendered":"http:\/\/www.riogrande.rs.gov.br\/smed\/?p=33799"},"modified":"2019-06-10T15:09:33","modified_gmt":"2019-06-10T18:09:33","slug":"oficina-metodos-de-arquivamento-para-os-documentos-da-secretaria-de-municipio-da-educacao-ocorreu-no-dia-05","status":"publish","type":"post","link":"https:\/\/www.riogrande.rs.gov.br\/smed\/?p=33799","title":{"rendered":"Oficina \u201cM\u00e9todos de Arquivamento para os documentos da Secretaria de Munic\u00edpio da Educa\u00e7\u00e3o\u201d ocorreu no dia 05"},"content":{"rendered":"\n\t\t<style type=\"text\/css\">\n\t\t\t#gallery-1 {\n\t\t\t\tmargin: auto;\n\t\t\t}\n\t\t\t#gallery-1 .gallery-item {\n\t\t\t\tfloat: left;\n\t\t\t\tmargin-top: 10px;\n\t\t\t\ttext-align: center;\n\t\t\t\twidth: 50%;\n\t\t\t}\n\t\t\t#gallery-1 img {\n\t\t\t\tborder: 2px solid #cfcfcf;\n\t\t\t}\n\t\t\t#gallery-1 .gallery-caption {\n\t\t\t\tmargin-left: 0;\n\t\t\t}\n\t\t\t\/* see gallery_shortcode() in wp-includes\/media.php *\/\n\t\t<\/style>\n\t\t<div id='gallery-1' class='gallery galleryid-33799 gallery-columns-2 gallery-size-thumbnail'><dl class='gallery-item'>\n\t\t\t<dt class='gallery-icon landscape'>\n\t\t\t\t<a href='https:\/\/www.riogrande.rs.gov.br\/smed\/wp-content\/uploads\/2019\/06\/20190610-ped-arquivos-image1.jpg' rel=\"lightbox[33799]\"><img loading=\"lazy\" decoding=\"async\" width=\"150\" height=\"150\" src=\"https:\/\/www.riogrande.rs.gov.br\/smed\/wp-content\/uploads\/2019\/06\/20190610-ped-arquivos-image1-150x150.jpg\" class=\"attachment-thumbnail size-thumbnail\" alt=\"\" aria-describedby=\"gallery-1-33800\" \/><\/a>\n\t\t\t<\/dt>\n\t\t\t\t<dd class='wp-caption-text gallery-caption' id='gallery-1-33800'>\n\t\t\t\tDivulga\u00e7\u00e3o\n\t\t\t\t<\/dd><\/dl><dl class='gallery-item'>\n\t\t\t<dt class='gallery-icon landscape'>\n\t\t\t\t<a href='https:\/\/www.riogrande.rs.gov.br\/smed\/wp-content\/uploads\/2019\/06\/20190610-ped-arquivos-image2.jpg' rel=\"lightbox[33799]\"><img loading=\"lazy\" decoding=\"async\" width=\"150\" height=\"150\" src=\"https:\/\/www.riogrande.rs.gov.br\/smed\/wp-content\/uploads\/2019\/06\/20190610-ped-arquivos-image2-150x150.jpg\" class=\"attachment-thumbnail size-thumbnail\" alt=\"\" aria-describedby=\"gallery-1-33801\" \/><\/a>\n\t\t\t<\/dt>\n\t\t\t\t<dd class='wp-caption-text gallery-caption' id='gallery-1-33801'>\n\t\t\t\tDivulga\u00e7\u00e3o\n\t\t\t\t<\/dd><\/dl><br style=\"clear: both\" \/><dl class='gallery-item'>\n\t\t\t<dt class='gallery-icon landscape'>\n\t\t\t\t<a href='https:\/\/www.riogrande.rs.gov.br\/smed\/wp-content\/uploads\/2019\/06\/20190610-ped-arquivos-image3.jpg' rel=\"lightbox[33799]\"><img loading=\"lazy\" decoding=\"async\" width=\"150\" height=\"150\" src=\"https:\/\/www.riogrande.rs.gov.br\/smed\/wp-content\/uploads\/2019\/06\/20190610-ped-arquivos-image3-150x150.jpg\" class=\"attachment-thumbnail size-thumbnail\" alt=\"\" aria-describedby=\"gallery-1-33802\" \/><\/a>\n\t\t\t<\/dt>\n\t\t\t\t<dd class='wp-caption-text gallery-caption' id='gallery-1-33802'>\n\t\t\t\tDivulga\u00e7\u00e3o\n\t\t\t\t<\/dd><\/dl><dl class='gallery-item'>\n\t\t\t<dt class='gallery-icon landscape'>\n\t\t\t\t<a href='https:\/\/www.riogrande.rs.gov.br\/smed\/wp-content\/uploads\/2019\/06\/20190610-ped-arquivos-image4.jpg' rel=\"lightbox[33799]\"><img loading=\"lazy\" decoding=\"async\" width=\"150\" height=\"150\" src=\"https:\/\/www.riogrande.rs.gov.br\/smed\/wp-content\/uploads\/2019\/06\/20190610-ped-arquivos-image4-150x150.jpg\" class=\"attachment-thumbnail size-thumbnail\" alt=\"\" aria-describedby=\"gallery-1-33803\" \/><\/a>\n\t\t\t<\/dt>\n\t\t\t\t<dd class='wp-caption-text gallery-caption' id='gallery-1-33803'>\n\t\t\t\tDivulga\u00e7\u00e3o\n\t\t\t\t<\/dd><\/dl><br style=\"clear: both\" \/>\n\t\t<\/div>\n\n<p style=\"text-align: justify;\">A Secretaria de Munic\u00edpio da Educa\u00e7\u00e3o de Rio Grande (SMEd), dentro das atividades alusivas \u00e0 \u201c<b>3\u00aa Semana Nacional de Arquivos<\/b>\u201d, que aconteceu de 03 a 08 de junho, promoveu a Oficina \u201c<b>M\u00e9todos de Arquivamento para os documentos da Secretaria de Munic\u00edpio da Educa\u00e7\u00e3o<\/b>\u201d, na tarde do dia <b>05 de junho<\/b>, na <b>EMEF Helena Small<\/b>.<\/p>\n<p style=\"text-align: justify;\"><!--more--><\/p>\n<p style=\"text-align: justify;\">A Oficina, que foi destinada a orientar os(as) servidores(as) da SMEd sobre a import\u00e2ncia do arquivamento correto da documenta\u00e7\u00e3o, para auxiliar e padronizar a gest\u00e3o documental e facilitar o acesso \u00e0s informa\u00e7\u00f5es, foi inserida na programa\u00e7\u00e3o da <strong>3\u00aa Semana Nacional de Arquivos<\/strong>, em parceria com <strong>Arquivo P\u00fablico e Hist\u00f3rico Municipal da cidade do Rio Grande<\/strong>.<\/p>\n<p style=\"text-align: justify;\">A 3\u00aa Semana Nacional de Arquivos tem como objetivo aproximar os arquivos da sociedade, de modo a atuar como um instrumento facilitador do acesso \u00e0 informa\u00e7\u00e3o, auxiliando o cidad\u00e3o na defesa de seus direitos e incentivando a produ\u00e7\u00e3o de conhecimento cient\u00edfico e cultural \u2013 uma das fun\u00e7\u00f5es dos arquivos. (Fonte: <a href=\"http:\/\/semanadearquivos.arquivonacional.gov.br\/index.php?option=com_content&amp;view=article&amp;layout&amp;id=968\" target=\"_blank\" rel=\"noopener noreferrer\"><b>aqui<\/b><\/a>)<\/p>\n<p>&nbsp;<\/p>\n<p style=\"text-align: right;\"><i>SMEd<\/i><br \/>\n<i>Roberton Reis<\/i><\/p>\n","protected":false},"excerpt":{"rendered":"<p>A Secretaria de Munic\u00edpio da Educa\u00e7\u00e3o de Rio Grande (SMEd), dentro das atividades alusivas \u00e0 \u201c3\u00aa Semana Nacional de Arquivos\u201d, que aconteceu de 03 a 08 de junho, promoveu a Oficina \u201cM\u00e9todos de Arquivamento para os documentos da Secretaria de Munic\u00edpio da Educa\u00e7\u00e3o\u201d, na tarde do dia 05 de junho, na EMEF Helena Small.<\/p>\n","protected":false},"author":7,"featured_media":0,"comment_status":"closed","ping_status":"closed","sticky":false,"template":"","format":"standard","meta":{"footnotes":""},"categories":[1,13],"tags":[],"class_list":["post-33799","post","type-post","status-publish","format-standard","hentry","category-noticias","category-pedagogico"],"_links":{"self":[{"href":"https:\/\/www.riogrande.rs.gov.br\/smed\/index.php?rest_route=\/wp\/v2\/posts\/33799"}],"collection":[{"href":"https:\/\/www.riogrande.rs.gov.br\/smed\/index.php?rest_route=\/wp\/v2\/posts"}],"about":[{"href":"https:\/\/www.riogrande.rs.gov.br\/smed\/index.php?rest_route=\/wp\/v2\/types\/post"}],"author":[{"embeddable":true,"href":"https:\/\/www.riogrande.rs.gov.br\/smed\/index.php?rest_route=\/wp\/v2\/users\/7"}],"replies":[{"embeddable":true,"href":"https:\/\/www.riogrande.rs.gov.br\/smed\/index.php?rest_route=%2Fwp%2Fv2%2Fcomments&post=33799"}],"version-history":[{"count":1,"href":"https:\/\/www.riogrande.rs.gov.br\/smed\/index.php?rest_route=\/wp\/v2\/posts\/33799\/revisions"}],"predecessor-version":[{"id":33804,"href":"https:\/\/www.riogrande.rs.gov.br\/smed\/index.php?rest_route=\/wp\/v2\/posts\/33799\/revisions\/33804"}],"wp:attachment":[{"href":"https:\/\/www.riogrande.rs.gov.br\/smed\/index.php?rest_route=%2Fwp%2Fv2%2Fmedia&parent=33799"}],"wp:term":[{"taxonomy":"category","embeddable":true,"href":"https:\/\/www.riogrande.rs.gov.br\/smed\/index.php?rest_route=%2Fwp%2Fv2%2Fcategories&post=33799"},{"taxonomy":"post_tag","embeddable":true,"href":"https:\/\/www.riogrande.rs.gov.br\/smed\/index.php?rest_route=%2Fwp%2Fv2%2Ftags&post=33799"}],"curies":[{"name":"wp","href":"https:\/\/api.w.org\/{rel}","templated":true}]}}