{"id":33796,"date":"2019-06-10T15:03:28","date_gmt":"2019-06-10T18:03:28","guid":{"rendered":"http:\/\/www.riogrande.rs.gov.br\/smed\/?p=33796"},"modified":"2019-06-10T15:03:28","modified_gmt":"2019-06-10T18:03:28","slug":"nucleo-de-alimentacao-escolar-da-smed-promovera-encontro-formativo-sobre-a-lei-no-13-666-18","status":"publish","type":"post","link":"https:\/\/www.riogrande.rs.gov.br\/smed\/?p=33796","title":{"rendered":"N\u00facleo de Alimenta\u00e7\u00e3o Escolar da SMEd promover\u00e1 Encontro Formativo sobre a Lei N\u00ba 13.666\/18"},"content":{"rendered":"<div id=\"attachment_33797\" style=\"width: 495px\" class=\"wp-caption aligncenter\"><a href=\"http:\/\/www.riogrande.rs.gov.br\/smed\/wp-content\/uploads\/2019\/06\/20190610-ped-nae-image1.jpg\" rel=\"lightbox[33796]\"><img loading=\"lazy\" decoding=\"async\" aria-describedby=\"caption-attachment-33797\" class=\"size-medium wp-image-33797\" src=\"http:\/\/www.riogrande.rs.gov.br\/smed\/wp-content\/uploads\/2019\/06\/20190610-ped-nae-image1-485x364.jpg\" alt=\"\" width=\"485\" height=\"364\" srcset=\"https:\/\/www.riogrande.rs.gov.br\/smed\/wp-content\/uploads\/2019\/06\/20190610-ped-nae-image1-485x364.jpg 485w, https:\/\/www.riogrande.rs.gov.br\/smed\/wp-content\/uploads\/2019\/06\/20190610-ped-nae-image1-768x576.jpg 768w, https:\/\/www.riogrande.rs.gov.br\/smed\/wp-content\/uploads\/2019\/06\/20190610-ped-nae-image1-276x207.jpg 276w, https:\/\/www.riogrande.rs.gov.br\/smed\/wp-content\/uploads\/2019\/06\/20190610-ped-nae-image1.jpg 800w\" sizes=\"(max-width: 485px) 100vw, 485px\" \/><\/a><p id=\"caption-attachment-33797\" class=\"wp-caption-text\">Divulga\u00e7\u00e3o<\/p><\/div>\n<p style=\"text-align: justify;\">O <strong>N\u00facleo de Alimenta\u00e7\u00e3o Escolar<\/strong> (NAE) da Secretaria de Munic\u00edpio da Educa\u00e7\u00e3o de Rio Grande (SMEd) convida os(as) coordenadores(as) pedag\u00f3gicos(as) e\/ou supervisores(as) escolares que atuam nas escolas da rede p\u00fablica municipal de ensino para uma tarde interativa com a equipe de nutricionistas, a fim de dialogar acerca da Lei N\u00ba. 13.666\/18, que prev\u00ea \u00a0a obrigatoriedade da inclus\u00e3o da tem\u00e1tica &#8220;<strong>Educa\u00e7\u00e3o Alimentar e Nutricional na Educa\u00e7\u00e3o Infantil e no Ensino Fundamental<\/strong>&#8221; como tema transversal.<\/p>\n<p style=\"text-align: justify;\"><!--more--><\/p>\n<p style=\"text-align: justify;\">A fim de facilitar a organiza\u00e7\u00e3o das escolas, para que todos(as) os(as) profissionais da educa\u00e7\u00e3o supracitados possam participar, o NAE disponibilizar\u00e1 dois encontros formativos com a mesma proposta de troca de experi\u00eancias e atualiza\u00e7\u00e3o: 25 (ter\u00e7a-feira) e 26 de junho (quarta-feira), das 14h \u00e0s 17h.<\/p>\n<p style=\"text-align: justify;\">\n<p style=\"text-align: right;\"><em>SMEd<\/em><br \/>\n<em>Roberton Reis<\/em><br \/>\n<em>Com informa\u00e7\u00f5es do NAE<\/em><\/p>\n","protected":false},"excerpt":{"rendered":"<p>O N\u00facleo de Alimenta\u00e7\u00e3o Escolar (NAE) da Secretaria de Munic\u00edpio da Educa\u00e7\u00e3o de Rio Grande (SMEd) convida os(as) coordenadores(as) pedag\u00f3gicos(as) e\/ou supervisores(as) escolares que atuam nas escolas da rede p\u00fablica municipal de ensino para uma tarde interativa com a equipe de nutricionistas, a fim de dialogar acerca da Lei N\u00ba. 13.666\/18, que prev\u00ea \u00a0a obrigatoriedade [&hellip;]<\/p>\n","protected":false},"author":7,"featured_media":0,"comment_status":"closed","ping_status":"closed","sticky":false,"template":"","format":"standard","meta":{"footnotes":""},"categories":[1,12],"tags":[],"class_list":["post-33796","post","type-post","status-publish","format-standard","hentry","category-noticias","category-administrativo"],"_links":{"self":[{"href":"https:\/\/www.riogrande.rs.gov.br\/smed\/index.php?rest_route=\/wp\/v2\/posts\/33796"}],"collection":[{"href":"https:\/\/www.riogrande.rs.gov.br\/smed\/index.php?rest_route=\/wp\/v2\/posts"}],"about":[{"href":"https:\/\/www.riogrande.rs.gov.br\/smed\/index.php?rest_route=\/wp\/v2\/types\/post"}],"author":[{"embeddable":true,"href":"https:\/\/www.riogrande.rs.gov.br\/smed\/index.php?rest_route=\/wp\/v2\/users\/7"}],"replies":[{"embeddable":true,"href":"https:\/\/www.riogrande.rs.gov.br\/smed\/index.php?rest_route=%2Fwp%2Fv2%2Fcomments&post=33796"}],"version-history":[{"count":1,"href":"https:\/\/www.riogrande.rs.gov.br\/smed\/index.php?rest_route=\/wp\/v2\/posts\/33796\/revisions"}],"predecessor-version":[{"id":33798,"href":"https:\/\/www.riogrande.rs.gov.br\/smed\/index.php?rest_route=\/wp\/v2\/posts\/33796\/revisions\/33798"}],"wp:attachment":[{"href":"https:\/\/www.riogrande.rs.gov.br\/smed\/index.php?rest_route=%2Fwp%2Fv2%2Fmedia&parent=33796"}],"wp:term":[{"taxonomy":"category","embeddable":true,"href":"https:\/\/www.riogrande.rs.gov.br\/smed\/index.php?rest_route=%2Fwp%2Fv2%2Fcategories&post=33796"},{"taxonomy":"post_tag","embeddable":true,"href":"https:\/\/www.riogrande.rs.gov.br\/smed\/index.php?rest_route=%2Fwp%2Fv2%2Ftags&post=33796"}],"curies":[{"name":"wp","href":"https:\/\/api.w.org\/{rel}","templated":true}]}}