{"id":33761,"date":"2019-06-07T16:21:20","date_gmt":"2019-06-07T19:21:20","guid":{"rendered":"http:\/\/www.riogrande.rs.gov.br\/smed\/?p=33761"},"modified":"2019-06-07T19:58:02","modified_gmt":"2019-06-07T22:58:02","slug":"emef-prof-a-zenir-de-souza-braga-promoveu-atividades-alusivas-ao-dia-d-enfrentamento-e-combate-ao-abuso-e-a-exploracao-sexual-contra-criancas-e-adolescentes","status":"publish","type":"post","link":"https:\/\/www.riogrande.rs.gov.br\/smed\/?p=33761","title":{"rendered":"EMEF Prof.\u00aa Zenir de Souza Braga promoveu atividades alusivas ao \u201cDia D: Enfrentamento e Combate ao Abuso e \u00e0 Explora\u00e7\u00e3o Sexual contra Crian\u00e7as e Adolescentes&#8221;"},"content":{"rendered":"\n\t\t<style type=\"text\/css\">\n\t\t\t#gallery-1 {\n\t\t\t\tmargin: auto;\n\t\t\t}\n\t\t\t#gallery-1 .gallery-item {\n\t\t\t\tfloat: left;\n\t\t\t\tmargin-top: 10px;\n\t\t\t\ttext-align: center;\n\t\t\t\twidth: 50%;\n\t\t\t}\n\t\t\t#gallery-1 img {\n\t\t\t\tborder: 2px solid #cfcfcf;\n\t\t\t}\n\t\t\t#gallery-1 .gallery-caption {\n\t\t\t\tmargin-left: 0;\n\t\t\t}\n\t\t\t\/* see gallery_shortcode() in wp-includes\/media.php *\/\n\t\t<\/style>\n\t\t<div id='gallery-1' class='gallery galleryid-33761 gallery-columns-2 gallery-size-thumbnail'><dl class='gallery-item'>\n\t\t\t<dt class='gallery-icon landscape'>\n\t\t\t\t<a href='https:\/\/www.riogrande.rs.gov.br\/smed\/wp-content\/uploads\/2019\/06\/20190607-ped-braga-image1.jpg' rel=\"lightbox[33761]\"><img loading=\"lazy\" decoding=\"async\" width=\"150\" height=\"150\" src=\"https:\/\/www.riogrande.rs.gov.br\/smed\/wp-content\/uploads\/2019\/06\/20190607-ped-braga-image1-150x150.jpg\" class=\"attachment-thumbnail size-thumbnail\" alt=\"\" aria-describedby=\"gallery-1-33762\" \/><\/a>\n\t\t\t<\/dt>\n\t\t\t\t<dd class='wp-caption-text gallery-caption' id='gallery-1-33762'>\n\t\t\t\tDivulga\u00e7\u00e3o\n\t\t\t\t<\/dd><\/dl><dl class='gallery-item'>\n\t\t\t<dt class='gallery-icon landscape'>\n\t\t\t\t<a href='https:\/\/www.riogrande.rs.gov.br\/smed\/wp-content\/uploads\/2019\/06\/20190607-ped-braga-image2.jpg' rel=\"lightbox[33761]\"><img loading=\"lazy\" decoding=\"async\" width=\"150\" height=\"150\" src=\"https:\/\/www.riogrande.rs.gov.br\/smed\/wp-content\/uploads\/2019\/06\/20190607-ped-braga-image2-150x150.jpg\" class=\"attachment-thumbnail size-thumbnail\" alt=\"\" aria-describedby=\"gallery-1-33763\" \/><\/a>\n\t\t\t<\/dt>\n\t\t\t\t<dd class='wp-caption-text gallery-caption' id='gallery-1-33763'>\n\t\t\t\tDivulga\u00e7\u00e3o\n\t\t\t\t<\/dd><\/dl><br style=\"clear: both\" \/><dl class='gallery-item'>\n\t\t\t<dt class='gallery-icon landscape'>\n\t\t\t\t<a href='https:\/\/www.riogrande.rs.gov.br\/smed\/wp-content\/uploads\/2019\/06\/20190607-ped-braga-image3.jpg' rel=\"lightbox[33761]\"><img loading=\"lazy\" decoding=\"async\" width=\"150\" height=\"150\" src=\"https:\/\/www.riogrande.rs.gov.br\/smed\/wp-content\/uploads\/2019\/06\/20190607-ped-braga-image3-150x150.jpg\" class=\"attachment-thumbnail size-thumbnail\" alt=\"\" aria-describedby=\"gallery-1-33764\" \/><\/a>\n\t\t\t<\/dt>\n\t\t\t\t<dd class='wp-caption-text gallery-caption' id='gallery-1-33764'>\n\t\t\t\tDivulga\u00e7\u00e3o\n\t\t\t\t<\/dd><\/dl><dl class='gallery-item'>\n\t\t\t<dt class='gallery-icon landscape'>\n\t\t\t\t<a href='https:\/\/www.riogrande.rs.gov.br\/smed\/wp-content\/uploads\/2019\/06\/20190607-ped-braga-image4.jpg' rel=\"lightbox[33761]\"><img loading=\"lazy\" decoding=\"async\" width=\"150\" height=\"150\" src=\"https:\/\/www.riogrande.rs.gov.br\/smed\/wp-content\/uploads\/2019\/06\/20190607-ped-braga-image4-150x150.jpg\" class=\"attachment-thumbnail size-thumbnail\" alt=\"\" aria-describedby=\"gallery-1-33765\" \/><\/a>\n\t\t\t<\/dt>\n\t\t\t\t<dd class='wp-caption-text gallery-caption' id='gallery-1-33765'>\n\t\t\t\tDivulga\u00e7\u00e3o\n\t\t\t\t<\/dd><\/dl><br style=\"clear: both\" \/>\n\t\t<\/div>\n\n<p style=\"text-align: justify;\">Durante o m\u00eas de maio, a Prefeitura Municipal do Rio Grande, atrav\u00e9s do Centro de Refer\u00eancia Especializado em Assist\u00eancia Social (CREAS), da Secretaria de Munic\u00edpio de Cidadania e Assist\u00eancia Social \u00a0(SMCAS), da Secretaria de Munic\u00edpio da Educa\u00e7\u00e3o (SMEd) e demais \u00f3rg\u00e3os de prote\u00e7\u00e3o e cuidado \u00e0s crian\u00e7as e adolescentes, promoveu o \u201c<strong>M\u00eas da Prote\u00e7\u00e3o<\/strong>\u201d, pois no dia 18 de maio \u00e9 celebrado o \u201c<strong>Dia Nacional de Enfrentamento e Combate \u00e0 Viol\u00eancia e \u00e0 Explora\u00e7\u00e3o Sexual contra Crian\u00e7as e Adolescentes<\/strong>\u201d.<\/p>\n<p style=\"text-align: justify;\"><!--more--><\/p>\n<p style=\"text-align: justify;\">Nesse sentido, os(as) alunos(as) das turmas dos 7\u00ba, 8\u00ba e 9\u00ba Anos da Escola Municipal de Ensino Fundamental Prof.\u00aa<b> Zenir de Souza Braga<\/b>, que est\u00e1 localizada no bairro Humait\u00e1, sob a coordena\u00e7\u00e3o da Professora de Ci\u00eancias, Deise Longaray, participaram de atividades alusivas \u00e0 tem\u00e1tica.<\/p>\n<p style=\"text-align: justify;\">Com o 9\u00ba Ano, ap\u00f3s assistir ao curta-metragem &#8220;<strong>O sil\u00eancio de Lara<\/strong>&#8220;, foi discutido sobre autonomia corporal, consentimento e diferentes tipos de viol\u00eancia sexual. Os(as) alunos(as) confeccionaram um cartaz sobre a viol\u00eancia sexual contra crian\u00e7as e adolescentes, expondo no mesmo seus entendimentos, suas \u00a0ideias e percep\u00e7\u00f5es sobre o assunto.<\/p>\n<p style=\"text-align: justify;\">Os(as) alunos(as) da turma 72 assistiram ao curta-metragem em desenho &#8220;<strong>O Segredo<\/strong>&#8221; e, depois, fizeram as mesmas discuss\u00f5es realizadas no 9\u00ba Ano. A confec\u00e7\u00e3o de um cartaz ficou combinada para a aula seguinte, utilizando material educativo de uma cartilha sobre a tem\u00e1tica.<\/p>\n<p style=\"text-align: right;\"><em>SMEd<\/em><br \/>\n<em>Roberton Reis<\/em><br \/>\n<em>Com informa\u00e7\u00f5es da EMEF Prof.\u00aa Zenir de Souza Braga<\/em><\/p>\n","protected":false},"excerpt":{"rendered":"<p>Durante o m\u00eas de maio, a Prefeitura Municipal do Rio Grande, atrav\u00e9s do Centro de Refer\u00eancia Especializado em Assist\u00eancia Social (CREAS), da Secretaria de Munic\u00edpio de Cidadania e Assist\u00eancia Social \u00a0(SMCAS), da Secretaria de Munic\u00edpio da Educa\u00e7\u00e3o (SMEd) e demais \u00f3rg\u00e3os de prote\u00e7\u00e3o e cuidado \u00e0s crian\u00e7as e adolescentes, promoveu o \u201cM\u00eas da Prote\u00e7\u00e3o\u201d, pois [&hellip;]<\/p>\n","protected":false},"author":7,"featured_media":0,"comment_status":"closed","ping_status":"closed","sticky":false,"template":"","format":"standard","meta":{"footnotes":""},"categories":[1,13],"tags":[],"class_list":["post-33761","post","type-post","status-publish","format-standard","hentry","category-noticias","category-pedagogico"],"_links":{"self":[{"href":"https:\/\/www.riogrande.rs.gov.br\/smed\/index.php?rest_route=\/wp\/v2\/posts\/33761"}],"collection":[{"href":"https:\/\/www.riogrande.rs.gov.br\/smed\/index.php?rest_route=\/wp\/v2\/posts"}],"about":[{"href":"https:\/\/www.riogrande.rs.gov.br\/smed\/index.php?rest_route=\/wp\/v2\/types\/post"}],"author":[{"embeddable":true,"href":"https:\/\/www.riogrande.rs.gov.br\/smed\/index.php?rest_route=\/wp\/v2\/users\/7"}],"replies":[{"embeddable":true,"href":"https:\/\/www.riogrande.rs.gov.br\/smed\/index.php?rest_route=%2Fwp%2Fv2%2Fcomments&post=33761"}],"version-history":[{"count":3,"href":"https:\/\/www.riogrande.rs.gov.br\/smed\/index.php?rest_route=\/wp\/v2\/posts\/33761\/revisions"}],"predecessor-version":[{"id":33775,"href":"https:\/\/www.riogrande.rs.gov.br\/smed\/index.php?rest_route=\/wp\/v2\/posts\/33761\/revisions\/33775"}],"wp:attachment":[{"href":"https:\/\/www.riogrande.rs.gov.br\/smed\/index.php?rest_route=%2Fwp%2Fv2%2Fmedia&parent=33761"}],"wp:term":[{"taxonomy":"category","embeddable":true,"href":"https:\/\/www.riogrande.rs.gov.br\/smed\/index.php?rest_route=%2Fwp%2Fv2%2Fcategories&post=33761"},{"taxonomy":"post_tag","embeddable":true,"href":"https:\/\/www.riogrande.rs.gov.br\/smed\/index.php?rest_route=%2Fwp%2Fv2%2Ftags&post=33761"}],"curies":[{"name":"wp","href":"https:\/\/api.w.org\/{rel}","templated":true}]}}