{"id":33731,"date":"2019-06-07T15:10:32","date_gmt":"2019-06-07T18:10:32","guid":{"rendered":"http:\/\/www.riogrande.rs.gov.br\/smed\/?p=33731"},"modified":"2019-06-10T15:27:46","modified_gmt":"2019-06-10T18:27:46","slug":"alunosas-da-emeja-paulo-freire-cidade-de-agueda-visitaram-a-3a-mostra-de-projetos-da-educacao-de-jovens-e-adultos","status":"publish","type":"post","link":"https:\/\/www.riogrande.rs.gov.br\/smed\/?p=33731","title":{"rendered":"Alunos(as) da EMEJA Paulo freire\/Cidade de \u00c1gueda visitaram a \u201c3\u00aa Mostra de Projetos da Educa\u00e7\u00e3o de Jovens e Adultos do SESI Rio Grande\u201d"},"content":{"rendered":"\n\t\t<style type=\"text\/css\">\n\t\t\t#gallery-1 {\n\t\t\t\tmargin: auto;\n\t\t\t}\n\t\t\t#gallery-1 .gallery-item {\n\t\t\t\tfloat: left;\n\t\t\t\tmargin-top: 10px;\n\t\t\t\ttext-align: center;\n\t\t\t\twidth: 50%;\n\t\t\t}\n\t\t\t#gallery-1 img {\n\t\t\t\tborder: 2px solid #cfcfcf;\n\t\t\t}\n\t\t\t#gallery-1 .gallery-caption {\n\t\t\t\tmargin-left: 0;\n\t\t\t}\n\t\t\t\/* see gallery_shortcode() in wp-includes\/media.php *\/\n\t\t<\/style>\n\t\t<div id='gallery-1' class='gallery galleryid-33731 gallery-columns-2 gallery-size-thumbnail'><dl class='gallery-item'>\n\t\t\t<dt class='gallery-icon landscape'>\n\t\t\t\t<a href='https:\/\/www.riogrande.rs.gov.br\/smed\/wp-content\/uploads\/2019\/06\/20190607-ped-freire-image1.jpg' rel=\"lightbox[33731]\"><img loading=\"lazy\" decoding=\"async\" width=\"150\" height=\"150\" src=\"https:\/\/www.riogrande.rs.gov.br\/smed\/wp-content\/uploads\/2019\/06\/20190607-ped-freire-image1-150x150.jpg\" class=\"attachment-thumbnail size-thumbnail\" alt=\"\" aria-describedby=\"gallery-1-33732\" \/><\/a>\n\t\t\t<\/dt>\n\t\t\t\t<dd class='wp-caption-text gallery-caption' id='gallery-1-33732'>\n\t\t\t\tDivulga\u00e7\u00e3o\n\t\t\t\t<\/dd><\/dl><dl class='gallery-item'>\n\t\t\t<dt class='gallery-icon landscape'>\n\t\t\t\t<a href='https:\/\/www.riogrande.rs.gov.br\/smed\/wp-content\/uploads\/2019\/06\/20190607-ped-freire-image2.jpg' rel=\"lightbox[33731]\"><img loading=\"lazy\" decoding=\"async\" width=\"150\" height=\"150\" src=\"https:\/\/www.riogrande.rs.gov.br\/smed\/wp-content\/uploads\/2019\/06\/20190607-ped-freire-image2-150x150.jpg\" class=\"attachment-thumbnail size-thumbnail\" alt=\"\" aria-describedby=\"gallery-1-33733\" \/><\/a>\n\t\t\t<\/dt>\n\t\t\t\t<dd class='wp-caption-text gallery-caption' id='gallery-1-33733'>\n\t\t\t\tDivulga\u00e7\u00e3o\n\t\t\t\t<\/dd><\/dl><br style=\"clear: both\" \/><dl class='gallery-item'>\n\t\t\t<dt class='gallery-icon landscape'>\n\t\t\t\t<a href='https:\/\/www.riogrande.rs.gov.br\/smed\/wp-content\/uploads\/2019\/06\/20190607-ped-freire-image3.jpg' rel=\"lightbox[33731]\"><img loading=\"lazy\" decoding=\"async\" width=\"150\" height=\"150\" src=\"https:\/\/www.riogrande.rs.gov.br\/smed\/wp-content\/uploads\/2019\/06\/20190607-ped-freire-image3-150x150.jpg\" class=\"attachment-thumbnail size-thumbnail\" alt=\"\" aria-describedby=\"gallery-1-33734\" \/><\/a>\n\t\t\t<\/dt>\n\t\t\t\t<dd class='wp-caption-text gallery-caption' id='gallery-1-33734'>\n\t\t\t\tDivulga\u00e7\u00e3o\n\t\t\t\t<\/dd><\/dl><dl class='gallery-item'>\n\t\t\t<dt class='gallery-icon landscape'>\n\t\t\t\t<a href='https:\/\/www.riogrande.rs.gov.br\/smed\/wp-content\/uploads\/2019\/06\/20190607-ped-freire-image4.jpg' rel=\"lightbox[33731]\"><img loading=\"lazy\" decoding=\"async\" width=\"150\" height=\"150\" src=\"https:\/\/www.riogrande.rs.gov.br\/smed\/wp-content\/uploads\/2019\/06\/20190607-ped-freire-image4-150x150.jpg\" class=\"attachment-thumbnail size-thumbnail\" alt=\"\" aria-describedby=\"gallery-1-33735\" \/><\/a>\n\t\t\t<\/dt>\n\t\t\t\t<dd class='wp-caption-text gallery-caption' id='gallery-1-33735'>\n\t\t\t\tDivulga\u00e7\u00e3o\n\t\t\t\t<\/dd><\/dl><br style=\"clear: both\" \/>\n\t\t<\/div>\n\n<p style=\"text-align: justify;\">Na \u00faltima quarta-feira, dia <b>05 de junho<\/b>, os(as) alunos(as) das turmas do 1\u00b0 e 2\u00b0 Blocos da Escola Municipal de Educa\u00e7\u00e3o de Jovens e Adultos <b>Paulo Freire<\/b>, com sede no bairro Cidade de \u00c1gueda, realizaram sua primeira sa\u00edda de campo: a \u201c<b>3\u00aa Mostra de Projetos da Educa\u00e7\u00e3o de Jovens e Adultos do SESI<\/b>\u201d, que ocorreu no Centro Esportivo do SESI Rio Grande.<\/p>\n<p style=\"text-align: justify;\"><!--more--><\/p>\n<p style=\"text-align: justify;\">Foram apresentados 23 projetos, os quais tiveram por objetivo articular a aprendizagem constru\u00edda em sala de aula com solu\u00e7\u00f5es que atendam \u00e0s necessidades da sociedade contempor\u00e2nea. \u201c<b>O objetivo da Mostra de Projetos da EJA \u00e9 dar visibilidade e reconhecimento aos saberes constru\u00eddos pelos(as) alunos(as) da Educa\u00e7\u00e3o de Jovens e Adultos ao longo do semestre, al\u00e9m de oportunizar um momento de troca de experi\u00eancias, de inspira\u00e7\u00e3o e motiva\u00e7\u00e3o para os(as) nossos(as) educandos(as)<\/b>\u201d, explicou a coordenadora pedag\u00f3gica do SESI, P\u00e2mela Altamor.<\/p>\n<p style=\"text-align: justify;\">Durante a 3\u00aa Mostra dos Projetos da Educa\u00e7\u00e3o de Jovens e Adultos do SESI, os(as) estudantes da EMEJA Paulo Freire foram recepcionados com um delicioso cafezinho, regado a pipoca e acrescido do maravilhoso algod\u00e3o-doce, que agradou a todas as gera\u00e7\u00f5es presentes no Centro Esportivo do SESI.<\/p>\n<p>&nbsp;<\/p>\n<p style=\"text-align: right;\"><em>SMEd<\/em><br \/>\n<em>Roberton Reis<\/em><br \/>\n<em>Com informa\u00e7\u00f5es da EMEJA Paulo Freire<\/em><\/p>\n","protected":false},"excerpt":{"rendered":"<p>Na \u00faltima quarta-feira, dia 05 de junho, os(as) alunos(as) das turmas do 1\u00b0 e 2\u00b0 Blocos da Escola Municipal de Educa\u00e7\u00e3o de Jovens e Adultos Paulo Freire, com sede no bairro Cidade de \u00c1gueda, realizaram sua primeira sa\u00edda de campo: a \u201c3\u00aa Mostra de Projetos da Educa\u00e7\u00e3o de Jovens e Adultos do SESI\u201d, que ocorreu [&hellip;]<\/p>\n","protected":false},"author":7,"featured_media":0,"comment_status":"closed","ping_status":"closed","sticky":false,"template":"","format":"standard","meta":{"footnotes":""},"categories":[1,13],"tags":[],"class_list":["post-33731","post","type-post","status-publish","format-standard","hentry","category-noticias","category-pedagogico"],"_links":{"self":[{"href":"https:\/\/www.riogrande.rs.gov.br\/smed\/index.php?rest_route=\/wp\/v2\/posts\/33731"}],"collection":[{"href":"https:\/\/www.riogrande.rs.gov.br\/smed\/index.php?rest_route=\/wp\/v2\/posts"}],"about":[{"href":"https:\/\/www.riogrande.rs.gov.br\/smed\/index.php?rest_route=\/wp\/v2\/types\/post"}],"author":[{"embeddable":true,"href":"https:\/\/www.riogrande.rs.gov.br\/smed\/index.php?rest_route=\/wp\/v2\/users\/7"}],"replies":[{"embeddable":true,"href":"https:\/\/www.riogrande.rs.gov.br\/smed\/index.php?rest_route=%2Fwp%2Fv2%2Fcomments&post=33731"}],"version-history":[{"count":5,"href":"https:\/\/www.riogrande.rs.gov.br\/smed\/index.php?rest_route=\/wp\/v2\/posts\/33731\/revisions"}],"predecessor-version":[{"id":33814,"href":"https:\/\/www.riogrande.rs.gov.br\/smed\/index.php?rest_route=\/wp\/v2\/posts\/33731\/revisions\/33814"}],"wp:attachment":[{"href":"https:\/\/www.riogrande.rs.gov.br\/smed\/index.php?rest_route=%2Fwp%2Fv2%2Fmedia&parent=33731"}],"wp:term":[{"taxonomy":"category","embeddable":true,"href":"https:\/\/www.riogrande.rs.gov.br\/smed\/index.php?rest_route=%2Fwp%2Fv2%2Fcategories&post=33731"},{"taxonomy":"post_tag","embeddable":true,"href":"https:\/\/www.riogrande.rs.gov.br\/smed\/index.php?rest_route=%2Fwp%2Fv2%2Ftags&post=33731"}],"curies":[{"name":"wp","href":"https:\/\/api.w.org\/{rel}","templated":true}]}}