{"id":33690,"date":"2019-06-06T15:46:36","date_gmt":"2019-06-06T18:46:36","guid":{"rendered":"http:\/\/www.riogrande.rs.gov.br\/smed\/?p=33690"},"modified":"2019-06-06T16:28:46","modified_gmt":"2019-06-06T19:28:46","slug":"emef-prof-a-luiza-sophia-schmidt-tavares-promoveu-acoes-alusivas-semana-nacional-do-meio-ambiente","status":"publish","type":"post","link":"https:\/\/www.riogrande.rs.gov.br\/smed\/?p=33690","title":{"rendered":"EMEF Prof.\u00aa Luiza Sophia Schmidt Tavares promoveu a\u00e7\u00f5es alusivas \u00e0 &#8220;Semana Nacional do Meio Ambiente&#8221;"},"content":{"rendered":"\n\t\t<style type=\"text\/css\">\n\t\t\t#gallery-1 {\n\t\t\t\tmargin: auto;\n\t\t\t}\n\t\t\t#gallery-1 .gallery-item {\n\t\t\t\tfloat: left;\n\t\t\t\tmargin-top: 10px;\n\t\t\t\ttext-align: center;\n\t\t\t\twidth: 33%;\n\t\t\t}\n\t\t\t#gallery-1 img {\n\t\t\t\tborder: 2px solid #cfcfcf;\n\t\t\t}\n\t\t\t#gallery-1 .gallery-caption {\n\t\t\t\tmargin-left: 0;\n\t\t\t}\n\t\t\t\/* see gallery_shortcode() in wp-includes\/media.php *\/\n\t\t<\/style>\n\t\t<div id='gallery-1' class='gallery galleryid-33690 gallery-columns-3 gallery-size-thumbnail'><dl class='gallery-item'>\n\t\t\t<dt class='gallery-icon landscape'>\n\t\t\t\t<a href='https:\/\/www.riogrande.rs.gov.br\/smed\/wp-content\/uploads\/2019\/06\/20190606-ped-tavares-image1.jpg' rel=\"lightbox[33690]\"><img loading=\"lazy\" decoding=\"async\" width=\"150\" height=\"150\" src=\"https:\/\/www.riogrande.rs.gov.br\/smed\/wp-content\/uploads\/2019\/06\/20190606-ped-tavares-image1-150x150.jpg\" class=\"attachment-thumbnail size-thumbnail\" alt=\"\" aria-describedby=\"gallery-1-33691\" \/><\/a>\n\t\t\t<\/dt>\n\t\t\t\t<dd class='wp-caption-text gallery-caption' id='gallery-1-33691'>\n\t\t\t\tDivulga\u00e7\u00e3o\n\t\t\t\t<\/dd><\/dl><dl class='gallery-item'>\n\t\t\t<dt class='gallery-icon portrait'>\n\t\t\t\t<a href='https:\/\/www.riogrande.rs.gov.br\/smed\/wp-content\/uploads\/2019\/06\/20190606-ped-tavares-image2.jpg' rel=\"lightbox[33690]\"><img loading=\"lazy\" decoding=\"async\" width=\"150\" height=\"150\" src=\"https:\/\/www.riogrande.rs.gov.br\/smed\/wp-content\/uploads\/2019\/06\/20190606-ped-tavares-image2-150x150.jpg\" class=\"attachment-thumbnail size-thumbnail\" alt=\"\" aria-describedby=\"gallery-1-33692\" \/><\/a>\n\t\t\t<\/dt>\n\t\t\t\t<dd class='wp-caption-text gallery-caption' id='gallery-1-33692'>\n\t\t\t\tDivulga\u00e7\u00e3o\n\t\t\t\t<\/dd><\/dl><dl class='gallery-item'>\n\t\t\t<dt class='gallery-icon portrait'>\n\t\t\t\t<a href='https:\/\/www.riogrande.rs.gov.br\/smed\/wp-content\/uploads\/2019\/06\/20190606-ped-tavares-image3.jpg' rel=\"lightbox[33690]\"><img loading=\"lazy\" decoding=\"async\" width=\"150\" height=\"150\" src=\"https:\/\/www.riogrande.rs.gov.br\/smed\/wp-content\/uploads\/2019\/06\/20190606-ped-tavares-image3-150x150.jpg\" class=\"attachment-thumbnail size-thumbnail\" alt=\"\" aria-describedby=\"gallery-1-33693\" \/><\/a>\n\t\t\t<\/dt>\n\t\t\t\t<dd class='wp-caption-text gallery-caption' id='gallery-1-33693'>\n\t\t\t\tDivulga\u00e7\u00e3o\n\t\t\t\t<\/dd><\/dl><br style=\"clear: both\" \/><dl class='gallery-item'>\n\t\t\t<dt class='gallery-icon landscape'>\n\t\t\t\t<a href='https:\/\/www.riogrande.rs.gov.br\/smed\/wp-content\/uploads\/2019\/06\/20190606-ped-tavares-image4.jpg' rel=\"lightbox[33690]\"><img loading=\"lazy\" decoding=\"async\" width=\"150\" height=\"150\" src=\"https:\/\/www.riogrande.rs.gov.br\/smed\/wp-content\/uploads\/2019\/06\/20190606-ped-tavares-image4-150x150.jpg\" class=\"attachment-thumbnail size-thumbnail\" alt=\"\" aria-describedby=\"gallery-1-33694\" \/><\/a>\n\t\t\t<\/dt>\n\t\t\t\t<dd class='wp-caption-text gallery-caption' id='gallery-1-33694'>\n\t\t\t\tDivulga\u00e7\u00e3o\n\t\t\t\t<\/dd><\/dl><dl class='gallery-item'>\n\t\t\t<dt class='gallery-icon portrait'>\n\t\t\t\t<a href='https:\/\/www.riogrande.rs.gov.br\/smed\/wp-content\/uploads\/2019\/06\/20190606-ped-tavares-image5.jpg' rel=\"lightbox[33690]\"><img loading=\"lazy\" decoding=\"async\" width=\"150\" height=\"150\" src=\"https:\/\/www.riogrande.rs.gov.br\/smed\/wp-content\/uploads\/2019\/06\/20190606-ped-tavares-image5-150x150.jpg\" class=\"attachment-thumbnail size-thumbnail\" alt=\"\" aria-describedby=\"gallery-1-33695\" \/><\/a>\n\t\t\t<\/dt>\n\t\t\t\t<dd class='wp-caption-text gallery-caption' id='gallery-1-33695'>\n\t\t\t\tDivulga\u00e7\u00e3o\n\t\t\t\t<\/dd><\/dl><dl class='gallery-item'>\n\t\t\t<dt class='gallery-icon landscape'>\n\t\t\t\t<a href='https:\/\/www.riogrande.rs.gov.br\/smed\/wp-content\/uploads\/2019\/06\/20190606-ped-tavares-image6.jpg' rel=\"lightbox[33690]\"><img loading=\"lazy\" decoding=\"async\" width=\"150\" height=\"150\" src=\"https:\/\/www.riogrande.rs.gov.br\/smed\/wp-content\/uploads\/2019\/06\/20190606-ped-tavares-image6-150x150.jpg\" class=\"attachment-thumbnail size-thumbnail\" alt=\"\" aria-describedby=\"gallery-1-33696\" \/><\/a>\n\t\t\t<\/dt>\n\t\t\t\t<dd class='wp-caption-text gallery-caption' id='gallery-1-33696'>\n\t\t\t\tDivulga\u00e7\u00e3o\n\t\t\t\t<\/dd><\/dl><br style=\"clear: both\" \/><dl class='gallery-item'>\n\t\t\t<dt class='gallery-icon portrait'>\n\t\t\t\t<a href='https:\/\/www.riogrande.rs.gov.br\/smed\/wp-content\/uploads\/2019\/06\/20190606-ped-tavares-image7.jpg' rel=\"lightbox[33690]\"><img loading=\"lazy\" decoding=\"async\" width=\"150\" height=\"150\" src=\"https:\/\/www.riogrande.rs.gov.br\/smed\/wp-content\/uploads\/2019\/06\/20190606-ped-tavares-image7-150x150.jpg\" class=\"attachment-thumbnail size-thumbnail\" alt=\"\" aria-describedby=\"gallery-1-33697\" \/><\/a>\n\t\t\t<\/dt>\n\t\t\t\t<dd class='wp-caption-text gallery-caption' id='gallery-1-33697'>\n\t\t\t\tDivulga\u00e7\u00e3o\n\t\t\t\t<\/dd><\/dl><dl class='gallery-item'>\n\t\t\t<dt class='gallery-icon landscape'>\n\t\t\t\t<a href='https:\/\/www.riogrande.rs.gov.br\/smed\/wp-content\/uploads\/2019\/06\/20190606-ped-tavares-image8.jpg' rel=\"lightbox[33690]\"><img loading=\"lazy\" decoding=\"async\" width=\"150\" height=\"150\" src=\"https:\/\/www.riogrande.rs.gov.br\/smed\/wp-content\/uploads\/2019\/06\/20190606-ped-tavares-image8-150x150.jpg\" class=\"attachment-thumbnail size-thumbnail\" alt=\"\" aria-describedby=\"gallery-1-33698\" \/><\/a>\n\t\t\t<\/dt>\n\t\t\t\t<dd class='wp-caption-text gallery-caption' id='gallery-1-33698'>\n\t\t\t\tDivulga\u00e7\u00e3o\n\t\t\t\t<\/dd><\/dl><dl class='gallery-item'>\n\t\t\t<dt class='gallery-icon portrait'>\n\t\t\t\t<a href='https:\/\/www.riogrande.rs.gov.br\/smed\/wp-content\/uploads\/2019\/06\/20190606-ped-tavares-image9.jpg' rel=\"lightbox[33690]\"><img loading=\"lazy\" decoding=\"async\" width=\"150\" height=\"150\" src=\"https:\/\/www.riogrande.rs.gov.br\/smed\/wp-content\/uploads\/2019\/06\/20190606-ped-tavares-image9-150x150.jpg\" class=\"attachment-thumbnail size-thumbnail\" alt=\"\" aria-describedby=\"gallery-1-33699\" \/><\/a>\n\t\t\t<\/dt>\n\t\t\t\t<dd class='wp-caption-text gallery-caption' id='gallery-1-33699'>\n\t\t\t\tDivulga\u00e7\u00e3o\n\t\t\t\t<\/dd><\/dl><br style=\"clear: both\" \/>\n\t\t<\/div>\n\n<p style=\"text-align: justify;\">O Dia Mundial do Meio Ambiente come\u00e7ou a ser comemorado em 1972, com o objetivo de promover atividades de prote\u00e7\u00e3o e preserva\u00e7\u00e3o do meio ambiente, e alertar o p\u00fablico e governos de cada pa\u00eds sobre os perigos de negligenciarmos a tarefa de cuidar do mundo em que vivemos.<\/p>\n<p style=\"text-align: justify;\"><!--more--><\/p>\n<p style=\"text-align: justify;\">Foi em Estocolmo, no dia 5 de junho de 1972, que teve in\u00edcio a primeira das Confer\u00eancias das Na\u00e7\u00f5es Unidas sobre o ambiente humano. A reuni\u00e3o durou at\u00e9 o dia 16 e congregou v\u00e1rios governos e ONG&#8217;s. Por esse motivo foi a data escolhida como Dia Mundial do Meio Ambiente. No Brasil, o <strong><a href=\"https:\/\/www2.camara.leg.br\/legin\/fed\/decret\/1980-1987\/decreto-86028-27-maio-1981-435339-publicacaooriginal-1-pe.html\" target=\"_blank\" rel=\"noopener noreferrer\">Decreto n\u00ba 86.028\/1981<\/a><\/strong> instituiu em todo o pa\u00eds a &#8220;<b>Semana Nacional do Meio Ambiente<\/b>&#8220;.<\/p>\n<p style=\"text-align: justify;\">Dentro das a\u00e7\u00f5es alusivas \u00e0 Semana Nacional do Meio Ambiente, na \u00faltima quinta-feira, <b>05 de junho<\/b>, a Escola Municipal de Ensino Fundamental Prof.\u00aa<b> Luiza Sophia Schmidt Tavares<\/b>, que est\u00e1 localizada na comunidade do Barro Vermelho, interior do Povo Novo, desenvolveu algumas atividades que envolveram todos(as) os(as) alunos(as) da escola, desde a Educa\u00e7\u00e3o Infantil at\u00e9 o 5\u00ba Ano.<\/p>\n<p style=\"text-align: justify;\">Em um primeiro momento, as professoras colocaram uma m\u00fasica de sensibiliza\u00e7\u00e3o, a fim de que os(as) alunos(as) pudessem imaginar como seria um planeta onde houvesse uma consci\u00eancia ambiental e um respeito a tudo aquilo que comp\u00f5e este meio. A partir da\u00ed, os(as) alunos(as) do turno da manh\u00e3 carimbaram suas m\u00e3os em cartazes, formando o desenho de um planeta e, dentro cada um, escreveram o que podemos fazer para viver em harmonia com o meio em que habitamos.<\/p>\n<p style=\"text-align: justify;\">Os(as) estudantes do turno da tarde, usando as pr\u00f3prias m\u00e3os como carimbos, gravaram \u00a0palavras de bons sentimentos que devemos ter para com o meio em que vivemos, bem como para com o outro. Em seguida, cada aluno plantou uma muda, formando uma horta suspensa. \u201c<b>\u00c9 importante que todos n\u00f3s tenhamos a consci\u00eancia de que o meio ambiente n\u00e3o nos pertence, e sim n\u00f3s \u00e9 que pertencemos ao meio ambiente<\/b>\u201d, destacou a diretora da EMEF Prof.\u00aa Luiza Sophia Schmidt Tavares, Vivian Paes.<\/p>\n<p>&nbsp;<\/p>\n<p style=\"text-align: right;\"><em>SMEd<\/em><br \/>\n<em>Roberton Reis<\/em><br \/>\n<em>Com informa\u00e7\u00f5es da EMEF Prof.\u00aa Luiza Sophia Schmidt Tavares<\/em><\/p>\n","protected":false},"excerpt":{"rendered":"<p>O Dia Mundial do Meio Ambiente come\u00e7ou a ser comemorado em 1972, com o objetivo de promover atividades de prote\u00e7\u00e3o e preserva\u00e7\u00e3o do meio ambiente, e alertar o p\u00fablico e governos de cada pa\u00eds sobre os perigos de negligenciarmos a tarefa de cuidar do mundo em que vivemos.<\/p>\n","protected":false},"author":7,"featured_media":0,"comment_status":"closed","ping_status":"closed","sticky":false,"template":"","format":"standard","meta":{"footnotes":""},"categories":[1,13],"tags":[],"class_list":["post-33690","post","type-post","status-publish","format-standard","hentry","category-noticias","category-pedagogico"],"_links":{"self":[{"href":"https:\/\/www.riogrande.rs.gov.br\/smed\/index.php?rest_route=\/wp\/v2\/posts\/33690"}],"collection":[{"href":"https:\/\/www.riogrande.rs.gov.br\/smed\/index.php?rest_route=\/wp\/v2\/posts"}],"about":[{"href":"https:\/\/www.riogrande.rs.gov.br\/smed\/index.php?rest_route=\/wp\/v2\/types\/post"}],"author":[{"embeddable":true,"href":"https:\/\/www.riogrande.rs.gov.br\/smed\/index.php?rest_route=\/wp\/v2\/users\/7"}],"replies":[{"embeddable":true,"href":"https:\/\/www.riogrande.rs.gov.br\/smed\/index.php?rest_route=%2Fwp%2Fv2%2Fcomments&post=33690"}],"version-history":[{"count":2,"href":"https:\/\/www.riogrande.rs.gov.br\/smed\/index.php?rest_route=\/wp\/v2\/posts\/33690\/revisions"}],"predecessor-version":[{"id":33701,"href":"https:\/\/www.riogrande.rs.gov.br\/smed\/index.php?rest_route=\/wp\/v2\/posts\/33690\/revisions\/33701"}],"wp:attachment":[{"href":"https:\/\/www.riogrande.rs.gov.br\/smed\/index.php?rest_route=%2Fwp%2Fv2%2Fmedia&parent=33690"}],"wp:term":[{"taxonomy":"category","embeddable":true,"href":"https:\/\/www.riogrande.rs.gov.br\/smed\/index.php?rest_route=%2Fwp%2Fv2%2Fcategories&post=33690"},{"taxonomy":"post_tag","embeddable":true,"href":"https:\/\/www.riogrande.rs.gov.br\/smed\/index.php?rest_route=%2Fwp%2Fv2%2Ftags&post=33690"}],"curies":[{"name":"wp","href":"https:\/\/api.w.org\/{rel}","templated":true}]}}