{"id":33666,"date":"2019-06-06T15:04:03","date_gmt":"2019-06-06T18:04:03","guid":{"rendered":"http:\/\/www.riogrande.rs.gov.br\/smed\/?p=33666"},"modified":"2019-06-06T15:05:36","modified_gmt":"2019-06-06T18:05:36","slug":"smed-promoveu-2o-encontro-do-grupo-de-trabalho-de-educacao-ambiental-no-dia-31","status":"publish","type":"post","link":"https:\/\/www.riogrande.rs.gov.br\/smed\/?p=33666","title":{"rendered":"SMEd promoveu 2\u00ba Encontro do Grupo de Trabalho de Educa\u00e7\u00e3o Ambiental no dia 31"},"content":{"rendered":"\n\t\t<style type=\"text\/css\">\n\t\t\t#gallery-1 {\n\t\t\t\tmargin: auto;\n\t\t\t}\n\t\t\t#gallery-1 .gallery-item {\n\t\t\t\tfloat: left;\n\t\t\t\tmargin-top: 10px;\n\t\t\t\ttext-align: center;\n\t\t\t\twidth: 33%;\n\t\t\t}\n\t\t\t#gallery-1 img {\n\t\t\t\tborder: 2px solid #cfcfcf;\n\t\t\t}\n\t\t\t#gallery-1 .gallery-caption {\n\t\t\t\tmargin-left: 0;\n\t\t\t}\n\t\t\t\/* see gallery_shortcode() in wp-includes\/media.php *\/\n\t\t<\/style>\n\t\t<div id='gallery-1' class='gallery galleryid-33666 gallery-columns-3 gallery-size-thumbnail'><dl class='gallery-item'>\n\t\t\t<dt class='gallery-icon landscape'>\n\t\t\t\t<a href='https:\/\/www.riogrande.rs.gov.br\/smed\/wp-content\/uploads\/2019\/06\/20190606-ped-ambiental-image1.jpg' rel=\"lightbox[33666]\"><img loading=\"lazy\" decoding=\"async\" width=\"150\" height=\"150\" src=\"https:\/\/www.riogrande.rs.gov.br\/smed\/wp-content\/uploads\/2019\/06\/20190606-ped-ambiental-image1-150x150.jpg\" class=\"attachment-thumbnail size-thumbnail\" alt=\"\" aria-describedby=\"gallery-1-33667\" \/><\/a>\n\t\t\t<\/dt>\n\t\t\t\t<dd class='wp-caption-text gallery-caption' id='gallery-1-33667'>\n\t\t\t\tDivulga\u00e7\u00e3o\n\t\t\t\t<\/dd><\/dl><dl class='gallery-item'>\n\t\t\t<dt class='gallery-icon landscape'>\n\t\t\t\t<a href='https:\/\/www.riogrande.rs.gov.br\/smed\/wp-content\/uploads\/2019\/06\/20190606-ped-ambiental-image2.jpg' rel=\"lightbox[33666]\"><img loading=\"lazy\" decoding=\"async\" width=\"150\" height=\"150\" src=\"https:\/\/www.riogrande.rs.gov.br\/smed\/wp-content\/uploads\/2019\/06\/20190606-ped-ambiental-image2-150x150.jpg\" class=\"attachment-thumbnail size-thumbnail\" alt=\"\" aria-describedby=\"gallery-1-33668\" \/><\/a>\n\t\t\t<\/dt>\n\t\t\t\t<dd class='wp-caption-text gallery-caption' id='gallery-1-33668'>\n\t\t\t\tDivulga\u00e7\u00e3o\n\t\t\t\t<\/dd><\/dl><dl class='gallery-item'>\n\t\t\t<dt class='gallery-icon landscape'>\n\t\t\t\t<a href='https:\/\/www.riogrande.rs.gov.br\/smed\/wp-content\/uploads\/2019\/06\/20190606-ped-ambiental-image3.jpg' rel=\"lightbox[33666]\"><img loading=\"lazy\" decoding=\"async\" width=\"150\" height=\"150\" src=\"https:\/\/www.riogrande.rs.gov.br\/smed\/wp-content\/uploads\/2019\/06\/20190606-ped-ambiental-image3-150x150.jpg\" class=\"attachment-thumbnail size-thumbnail\" alt=\"\" aria-describedby=\"gallery-1-33669\" \/><\/a>\n\t\t\t<\/dt>\n\t\t\t\t<dd class='wp-caption-text gallery-caption' id='gallery-1-33669'>\n\t\t\t\tDivulga\u00e7\u00e3o\n\t\t\t\t<\/dd><\/dl><br style=\"clear: both\" \/><dl class='gallery-item'>\n\t\t\t<dt class='gallery-icon landscape'>\n\t\t\t\t<a href='https:\/\/www.riogrande.rs.gov.br\/smed\/wp-content\/uploads\/2019\/06\/20190606-ped-ambiental-image4.jpg' rel=\"lightbox[33666]\"><img loading=\"lazy\" decoding=\"async\" width=\"150\" height=\"150\" src=\"https:\/\/www.riogrande.rs.gov.br\/smed\/wp-content\/uploads\/2019\/06\/20190606-ped-ambiental-image4-150x150.jpg\" class=\"attachment-thumbnail size-thumbnail\" alt=\"\" aria-describedby=\"gallery-1-33670\" \/><\/a>\n\t\t\t<\/dt>\n\t\t\t\t<dd class='wp-caption-text gallery-caption' id='gallery-1-33670'>\n\t\t\t\tDivulga\u00e7\u00e3o\n\t\t\t\t<\/dd><\/dl><dl class='gallery-item'>\n\t\t\t<dt class='gallery-icon landscape'>\n\t\t\t\t<a href='https:\/\/www.riogrande.rs.gov.br\/smed\/wp-content\/uploads\/2019\/06\/20190606-ped-ambiental-image5.jpg' rel=\"lightbox[33666]\"><img loading=\"lazy\" decoding=\"async\" width=\"150\" height=\"150\" src=\"https:\/\/www.riogrande.rs.gov.br\/smed\/wp-content\/uploads\/2019\/06\/20190606-ped-ambiental-image5-150x150.jpg\" class=\"attachment-thumbnail size-thumbnail\" alt=\"\" aria-describedby=\"gallery-1-33671\" \/><\/a>\n\t\t\t<\/dt>\n\t\t\t\t<dd class='wp-caption-text gallery-caption' id='gallery-1-33671'>\n\t\t\t\tDivulga\u00e7\u00e3o\n\t\t\t\t<\/dd><\/dl><dl class='gallery-item'>\n\t\t\t<dt class='gallery-icon landscape'>\n\t\t\t\t<a href='https:\/\/www.riogrande.rs.gov.br\/smed\/wp-content\/uploads\/2019\/06\/20190606-ped-ambiental-image6.jpg' rel=\"lightbox[33666]\"><img loading=\"lazy\" decoding=\"async\" width=\"150\" height=\"150\" src=\"https:\/\/www.riogrande.rs.gov.br\/smed\/wp-content\/uploads\/2019\/06\/20190606-ped-ambiental-image6-150x150.jpg\" class=\"attachment-thumbnail size-thumbnail\" alt=\"\" aria-describedby=\"gallery-1-33672\" \/><\/a>\n\t\t\t<\/dt>\n\t\t\t\t<dd class='wp-caption-text gallery-caption' id='gallery-1-33672'>\n\t\t\t\tDivulga\u00e7\u00e3o\n\t\t\t\t<\/dd><\/dl><br style=\"clear: both\" \/>\n\t\t<\/div>\n\n<p style=\"text-align: justify;\">Na \u00faltima sexta-feira, dia <b>31 de maio<\/b>, a Secretaria de Munic\u00edpio da Educa\u00e7\u00e3o de Rio Grande (SMEd) promoveu o \u201c<b>2\u00ba Encontro do Grupo de Trabalho de Educa\u00e7\u00e3o Ambiental<\/b>\u201d, que contou com a participa\u00e7\u00e3o das representatividades das escolas da rede p\u00fablica municipal de ensino.<\/p>\n<p style=\"text-align: justify;\"><!--more--><\/p>\n<p style=\"text-align: justify;\">O Encontro, que aconteceu no Audit\u00f3rio da <b>Escola Municipal de Ensino Fundamental Helena Small<\/b>, no turno da tarde, tratou da organiza\u00e7\u00e3o da \u201c<b>1\u00aa Confer\u00eancia Municipal Infantojuvenil da Educa\u00e7\u00e3o Ambiental<\/b>\u201d nas escolas da rede municipal, a qual faz parte da Forma\u00e7\u00e3o Continuada sobre as tem\u00e1ticas ambientais no \u00e2mbito municipal, promovida pela SMEd.<\/p>\n<p style=\"text-align: justify;\">Nesse sentido, o Encontro Formativo abordou a sistematiza\u00e7\u00e3o das Confer\u00eancias Escolares, que ser\u00e3o desencadeadas no decorrer do m\u00eas de junho e mobilizar\u00e3o as escolas da rede, abrangendo a Educa\u00e7\u00e3o Infantil, o Ensino Fundamental, a Educa\u00e7\u00e3o Inclusiva e a Educa\u00e7\u00e3o de Jovens e Adultos (EJA).<\/p>\n<p style=\"text-align: justify;\">Os encontros mensais t\u00eam o intuito de fomentar discuss\u00f5es, a fim de realizar a \u201c<strong>1\u00aa Confer\u00eancia Municipal Infantojuvenil da Educa\u00e7\u00e3o Ambiental<\/strong>\u201d, sob o tema \u201c<strong>Pertencer \u00e9 preciso<\/strong>\u201d. A Confer\u00eancia acontecer\u00e1 no dia <b>18 de outubro<\/b>, no <b>Cidec-Sul<\/b> da Universidade Federal do Rio Grande (Furg) e tem como objetivo dar voz \u00e0s diferentes comunidades, conhecendo realmente o elas consideram como problem\u00e1ticas ambientais e suas poss\u00edveis propostas para san\u00e1-las.<\/p>\n<p style=\"text-align: justify;\">\u201c<b>Salientamos a altera\u00e7\u00e3o do cronograma dos Encontros Formativos devido \u00e0 demanda de Confer\u00eancias neste m\u00eas. Assim, o encontro que \u00a0ocorreria no dia 28 de junho, acontecer\u00e1 no dia 05 de julho, no mesmo hor\u00e1rio e local<\/b>\u201d, explicou a assessora do N\u00facleo de Educa\u00e7\u00e3o Ambiental e Patrimonial, Michelle Coelho Salort.<\/p>\n<p>&nbsp;<\/p>\n<p style=\"text-align: right;\"><em>SMEd<\/em><br \/>\n<em>Roberton Reis<\/em><br \/>\n<em>Com informa\u00e7\u00f5es do N\u00facleo de Educa\u00e7\u00e3o Ambiental e Patrimonial<\/em><\/p>\n","protected":false},"excerpt":{"rendered":"<p>Na \u00faltima sexta-feira, dia 31 de maio, a Secretaria de Munic\u00edpio da Educa\u00e7\u00e3o de Rio Grande (SMEd) promoveu o \u201c2\u00ba Encontro do Grupo de Trabalho de Educa\u00e7\u00e3o Ambiental\u201d, que contou com a participa\u00e7\u00e3o das representatividades das escolas da rede p\u00fablica municipal de ensino.<\/p>\n","protected":false},"author":7,"featured_media":0,"comment_status":"closed","ping_status":"closed","sticky":false,"template":"","format":"standard","meta":{"footnotes":""},"categories":[1,13],"tags":[],"class_list":["post-33666","post","type-post","status-publish","format-standard","hentry","category-noticias","category-pedagogico"],"_links":{"self":[{"href":"https:\/\/www.riogrande.rs.gov.br\/smed\/index.php?rest_route=\/wp\/v2\/posts\/33666"}],"collection":[{"href":"https:\/\/www.riogrande.rs.gov.br\/smed\/index.php?rest_route=\/wp\/v2\/posts"}],"about":[{"href":"https:\/\/www.riogrande.rs.gov.br\/smed\/index.php?rest_route=\/wp\/v2\/types\/post"}],"author":[{"embeddable":true,"href":"https:\/\/www.riogrande.rs.gov.br\/smed\/index.php?rest_route=\/wp\/v2\/users\/7"}],"replies":[{"embeddable":true,"href":"https:\/\/www.riogrande.rs.gov.br\/smed\/index.php?rest_route=%2Fwp%2Fv2%2Fcomments&post=33666"}],"version-history":[{"count":1,"href":"https:\/\/www.riogrande.rs.gov.br\/smed\/index.php?rest_route=\/wp\/v2\/posts\/33666\/revisions"}],"predecessor-version":[{"id":33673,"href":"https:\/\/www.riogrande.rs.gov.br\/smed\/index.php?rest_route=\/wp\/v2\/posts\/33666\/revisions\/33673"}],"wp:attachment":[{"href":"https:\/\/www.riogrande.rs.gov.br\/smed\/index.php?rest_route=%2Fwp%2Fv2%2Fmedia&parent=33666"}],"wp:term":[{"taxonomy":"category","embeddable":true,"href":"https:\/\/www.riogrande.rs.gov.br\/smed\/index.php?rest_route=%2Fwp%2Fv2%2Fcategories&post=33666"},{"taxonomy":"post_tag","embeddable":true,"href":"https:\/\/www.riogrande.rs.gov.br\/smed\/index.php?rest_route=%2Fwp%2Fv2%2Ftags&post=33666"}],"curies":[{"name":"wp","href":"https:\/\/api.w.org\/{rel}","templated":true}]}}