{"id":32755,"date":"2019-05-09T17:26:40","date_gmt":"2019-05-09T20:26:40","guid":{"rendered":"http:\/\/www.riogrande.rs.gov.br\/smed\/?p=32755"},"modified":"2019-05-09T17:26:40","modified_gmt":"2019-05-09T20:26:40","slug":"3a-sipat-servidoresas-da-smed-participam-de-palestra-sobre-estresse","status":"publish","type":"post","link":"https:\/\/www.riogrande.rs.gov.br\/smed\/?p=32755","title":{"rendered":"3\u00aa SIPAT: Servidores(as) da SMEd participam de Palestra sobre &#8220;Estresse&#8221;"},"content":{"rendered":"\n\t\t<style type=\"text\/css\">\n\t\t\t#gallery-1 {\n\t\t\t\tmargin: auto;\n\t\t\t}\n\t\t\t#gallery-1 .gallery-item {\n\t\t\t\tfloat: left;\n\t\t\t\tmargin-top: 10px;\n\t\t\t\ttext-align: center;\n\t\t\t\twidth: 33%;\n\t\t\t}\n\t\t\t#gallery-1 img {\n\t\t\t\tborder: 2px solid #cfcfcf;\n\t\t\t}\n\t\t\t#gallery-1 .gallery-caption {\n\t\t\t\tmargin-left: 0;\n\t\t\t}\n\t\t\t\/* see gallery_shortcode() in wp-includes\/media.php *\/\n\t\t<\/style>\n\t\t<div id='gallery-1' class='gallery galleryid-32755 gallery-columns-3 gallery-size-thumbnail'><dl class='gallery-item'>\n\t\t\t<dt class='gallery-icon landscape'>\n\t\t\t\t<a href='https:\/\/www.riogrande.rs.gov.br\/smed\/wp-content\/uploads\/2019\/05\/20190509-sipat-image7.jpg' rel=\"lightbox[32755]\"><img loading=\"lazy\" decoding=\"async\" width=\"150\" height=\"150\" src=\"https:\/\/www.riogrande.rs.gov.br\/smed\/wp-content\/uploads\/2019\/05\/20190509-sipat-image7-150x150.jpg\" class=\"attachment-thumbnail size-thumbnail\" alt=\"\" aria-describedby=\"gallery-1-32762\" \/><\/a>\n\t\t\t<\/dt>\n\t\t\t\t<dd class='wp-caption-text gallery-caption' id='gallery-1-32762'>\n\t\t\t\tCr\u00e9dito: Leandro Ferreira\n\t\t\t\t<\/dd><\/dl><dl class='gallery-item'>\n\t\t\t<dt class='gallery-icon landscape'>\n\t\t\t\t<a href='https:\/\/www.riogrande.rs.gov.br\/smed\/wp-content\/uploads\/2019\/05\/20190509-sipat-image4.jpg' rel=\"lightbox[32755]\"><img loading=\"lazy\" decoding=\"async\" width=\"150\" height=\"150\" src=\"https:\/\/www.riogrande.rs.gov.br\/smed\/wp-content\/uploads\/2019\/05\/20190509-sipat-image4-150x150.jpg\" class=\"attachment-thumbnail size-thumbnail\" alt=\"\" aria-describedby=\"gallery-1-32759\" \/><\/a>\n\t\t\t<\/dt>\n\t\t\t\t<dd class='wp-caption-text gallery-caption' id='gallery-1-32759'>\n\t\t\t\tCr\u00e9dito: Leandro Ferreira\n\t\t\t\t<\/dd><\/dl><dl class='gallery-item'>\n\t\t\t<dt class='gallery-icon landscape'>\n\t\t\t\t<a href='https:\/\/www.riogrande.rs.gov.br\/smed\/wp-content\/uploads\/2019\/05\/20190509-sipat-image6.jpg' rel=\"lightbox[32755]\"><img loading=\"lazy\" decoding=\"async\" width=\"150\" height=\"150\" src=\"https:\/\/www.riogrande.rs.gov.br\/smed\/wp-content\/uploads\/2019\/05\/20190509-sipat-image6-150x150.jpg\" class=\"attachment-thumbnail size-thumbnail\" alt=\"\" aria-describedby=\"gallery-1-32761\" \/><\/a>\n\t\t\t<\/dt>\n\t\t\t\t<dd class='wp-caption-text gallery-caption' id='gallery-1-32761'>\n\t\t\t\tCr\u00e9dito: Leandro Ferreira\n\t\t\t\t<\/dd><\/dl><br style=\"clear: both\" \/><dl class='gallery-item'>\n\t\t\t<dt class='gallery-icon landscape'>\n\t\t\t\t<a href='https:\/\/www.riogrande.rs.gov.br\/smed\/wp-content\/uploads\/2019\/05\/20190509-sipat-image2.jpg' rel=\"lightbox[32755]\"><img loading=\"lazy\" decoding=\"async\" width=\"150\" height=\"150\" src=\"https:\/\/www.riogrande.rs.gov.br\/smed\/wp-content\/uploads\/2019\/05\/20190509-sipat-image2-150x150.jpg\" class=\"attachment-thumbnail size-thumbnail\" alt=\"\" aria-describedby=\"gallery-1-32757\" \/><\/a>\n\t\t\t<\/dt>\n\t\t\t\t<dd class='wp-caption-text gallery-caption' id='gallery-1-32757'>\n\t\t\t\tCr\u00e9dito: Leandro Ferreira\n\t\t\t\t<\/dd><\/dl><dl class='gallery-item'>\n\t\t\t<dt class='gallery-icon landscape'>\n\t\t\t\t<a href='https:\/\/www.riogrande.rs.gov.br\/smed\/wp-content\/uploads\/2019\/05\/20190509-sipat-image3.jpg' rel=\"lightbox[32755]\"><img loading=\"lazy\" decoding=\"async\" width=\"150\" height=\"150\" src=\"https:\/\/www.riogrande.rs.gov.br\/smed\/wp-content\/uploads\/2019\/05\/20190509-sipat-image3-150x150.jpg\" class=\"attachment-thumbnail size-thumbnail\" alt=\"\" aria-describedby=\"gallery-1-32758\" \/><\/a>\n\t\t\t<\/dt>\n\t\t\t\t<dd class='wp-caption-text gallery-caption' id='gallery-1-32758'>\n\t\t\t\tCr\u00e9dito: Leandro Ferreira\n\t\t\t\t<\/dd><\/dl><dl class='gallery-item'>\n\t\t\t<dt class='gallery-icon landscape'>\n\t\t\t\t<a href='https:\/\/www.riogrande.rs.gov.br\/smed\/wp-content\/uploads\/2019\/05\/20190509-sipat-image5.jpg' rel=\"lightbox[32755]\"><img loading=\"lazy\" decoding=\"async\" width=\"150\" height=\"150\" src=\"https:\/\/www.riogrande.rs.gov.br\/smed\/wp-content\/uploads\/2019\/05\/20190509-sipat-image5-150x150.jpg\" class=\"attachment-thumbnail size-thumbnail\" alt=\"\" aria-describedby=\"gallery-1-32760\" \/><\/a>\n\t\t\t<\/dt>\n\t\t\t\t<dd class='wp-caption-text gallery-caption' id='gallery-1-32760'>\n\t\t\t\tCr\u00e9dito: Leandro Ferreira\n\t\t\t\t<\/dd><\/dl><br style=\"clear: both\" \/><dl class='gallery-item'>\n\t\t\t<dt class='gallery-icon landscape'>\n\t\t\t\t<a href='https:\/\/www.riogrande.rs.gov.br\/smed\/wp-content\/uploads\/2019\/05\/20190509-sipat-image8.jpg' rel=\"lightbox[32755]\"><img loading=\"lazy\" decoding=\"async\" width=\"150\" height=\"150\" src=\"https:\/\/www.riogrande.rs.gov.br\/smed\/wp-content\/uploads\/2019\/05\/20190509-sipat-image8-150x150.jpg\" class=\"attachment-thumbnail size-thumbnail\" alt=\"\" aria-describedby=\"gallery-1-32763\" \/><\/a>\n\t\t\t<\/dt>\n\t\t\t\t<dd class='wp-caption-text gallery-caption' id='gallery-1-32763'>\n\t\t\t\tCr\u00e9dito: Leandro Ferreira\n\t\t\t\t<\/dd><\/dl><dl class='gallery-item'>\n\t\t\t<dt class='gallery-icon landscape'>\n\t\t\t\t<a href='https:\/\/www.riogrande.rs.gov.br\/smed\/wp-content\/uploads\/2019\/05\/20190509-sipat-image9.jpg' rel=\"lightbox[32755]\"><img loading=\"lazy\" decoding=\"async\" width=\"150\" height=\"150\" src=\"https:\/\/www.riogrande.rs.gov.br\/smed\/wp-content\/uploads\/2019\/05\/20190509-sipat-image9-150x150.jpg\" class=\"attachment-thumbnail size-thumbnail\" alt=\"\" aria-describedby=\"gallery-1-32764\" \/><\/a>\n\t\t\t<\/dt>\n\t\t\t\t<dd class='wp-caption-text gallery-caption' id='gallery-1-32764'>\n\t\t\t\tCr\u00e9dito: Leandro Ferreira\n\t\t\t\t<\/dd><\/dl><dl class='gallery-item'>\n\t\t\t<dt class='gallery-icon landscape'>\n\t\t\t\t<a href='https:\/\/www.riogrande.rs.gov.br\/smed\/wp-content\/uploads\/2019\/05\/20190509-sipat-image1.jpg' rel=\"lightbox[32755]\"><img loading=\"lazy\" decoding=\"async\" width=\"150\" height=\"150\" src=\"https:\/\/www.riogrande.rs.gov.br\/smed\/wp-content\/uploads\/2019\/05\/20190509-sipat-image1-150x150.jpg\" class=\"attachment-thumbnail size-thumbnail\" alt=\"\" aria-describedby=\"gallery-1-32756\" \/><\/a>\n\t\t\t<\/dt>\n\t\t\t\t<dd class='wp-caption-text gallery-caption' id='gallery-1-32756'>\n\t\t\t\tCr\u00e9dito: Leandro Ferreira\n\t\t\t\t<\/dd><\/dl><br style=\"clear: both\" \/>\n\t\t<\/div>\n\n<p style=\"text-align: justify;\">Na tarde de quarta-feira, dia<b> 08 de maio<\/b>, os(as) servidores(as) da Secretaria de Munic\u00edpio da Educa\u00e7\u00e3o de Rio Grande (SMEd) participaram da <b>3\u00aa Semana Interna de Preven\u00e7\u00e3o de Acidentes de Trabalho<\/b> (SIPAT), no <b>Sal\u00e3o Nobre da Prefeitura Municipal<\/b>.<\/p>\n<p style=\"text-align: justify;\"><!--more--><\/p>\n<p style=\"text-align: justify;\">Nesta atividade, os(as) servidores(as) da SMEd puderam acompanhar a palestra \u201c<b>Estresse: O que voc\u00ea faz com ele e o que ele faz com voc\u00ea?<\/b>\u201d, com a 2\u00b0 sargento do 3\u00ba Batalh\u00e3o de Bombeiro Militar (BBM), a psic\u00f3loga J\u00e9ssica Borges. Na oportunidade, foi abordada a parte do estresse laboral, direcionado ao p\u00fablico da educa\u00e7\u00e3o e da sa\u00fade.<\/p>\n<p style=\"text-align: justify;\">O evento \u00e9 promovido \u00a0pelo N\u00facleo de Engenharia e Seguran\u00e7a Ocupacional (NESO) e pelo N\u00facleo de Assist\u00eancia \u00e0 Sa\u00fade Ocupacional (NASO), vinculados \u00e0 Secretaria de Munic\u00edpio de Gest\u00e3o Administrativa (SMGA), bem como pela Vigil\u00e2ncia em Sa\u00fade do Trabalhador (VISAT), vinculado \u00e0 Secretaria de Munic\u00edpio da Sa\u00fade (SMS).<\/p>\n<p style=\"text-align: justify;\">A proposta da VISAT faz alus\u00e3o ao <strong>Movimento Abril Verde<\/strong>, um per\u00edodo de reflex\u00e3o a respeito dos cuidados com a sa\u00fade e a vida daqueles que exercem atividades laborais. Ela se integra as distintas a\u00e7\u00f5es que ocorreram no pa\u00eds no m\u00eas de abril, com o prop\u00f3sito de fortalecer junto a sociedade a cultura de preven\u00e7\u00e3o aos agravos relacionados ao trabalho.<\/p>\n<p style=\"text-align: right;\"><em>SMEd<\/em><br \/>\n<em>Roberton Reis<\/em><\/p>\n","protected":false},"excerpt":{"rendered":"<p>Na tarde de quarta-feira, dia 08 de maio, os(as) servidores(as) da Secretaria de Munic\u00edpio da Educa\u00e7\u00e3o de Rio Grande (SMEd) participaram da 3\u00aa Semana Interna de Preven\u00e7\u00e3o de Acidentes de Trabalho (SIPAT), no Sal\u00e3o Nobre da Prefeitura Municipal.<\/p>\n","protected":false},"author":7,"featured_media":0,"comment_status":"closed","ping_status":"closed","sticky":false,"template":"","format":"standard","meta":{"footnotes":""},"categories":[1,13],"tags":[],"class_list":["post-32755","post","type-post","status-publish","format-standard","hentry","category-noticias","category-pedagogico"],"_links":{"self":[{"href":"https:\/\/www.riogrande.rs.gov.br\/smed\/index.php?rest_route=\/wp\/v2\/posts\/32755"}],"collection":[{"href":"https:\/\/www.riogrande.rs.gov.br\/smed\/index.php?rest_route=\/wp\/v2\/posts"}],"about":[{"href":"https:\/\/www.riogrande.rs.gov.br\/smed\/index.php?rest_route=\/wp\/v2\/types\/post"}],"author":[{"embeddable":true,"href":"https:\/\/www.riogrande.rs.gov.br\/smed\/index.php?rest_route=\/wp\/v2\/users\/7"}],"replies":[{"embeddable":true,"href":"https:\/\/www.riogrande.rs.gov.br\/smed\/index.php?rest_route=%2Fwp%2Fv2%2Fcomments&post=32755"}],"version-history":[{"count":1,"href":"https:\/\/www.riogrande.rs.gov.br\/smed\/index.php?rest_route=\/wp\/v2\/posts\/32755\/revisions"}],"predecessor-version":[{"id":32765,"href":"https:\/\/www.riogrande.rs.gov.br\/smed\/index.php?rest_route=\/wp\/v2\/posts\/32755\/revisions\/32765"}],"wp:attachment":[{"href":"https:\/\/www.riogrande.rs.gov.br\/smed\/index.php?rest_route=%2Fwp%2Fv2%2Fmedia&parent=32755"}],"wp:term":[{"taxonomy":"category","embeddable":true,"href":"https:\/\/www.riogrande.rs.gov.br\/smed\/index.php?rest_route=%2Fwp%2Fv2%2Fcategories&post=32755"},{"taxonomy":"post_tag","embeddable":true,"href":"https:\/\/www.riogrande.rs.gov.br\/smed\/index.php?rest_route=%2Fwp%2Fv2%2Ftags&post=32755"}],"curies":[{"name":"wp","href":"https:\/\/api.w.org\/{rel}","templated":true}]}}