{"id":32745,"date":"2019-05-09T17:17:50","date_gmt":"2019-05-09T20:17:50","guid":{"rendered":"http:\/\/www.riogrande.rs.gov.br\/smed\/?p=32745"},"modified":"2019-05-09T17:18:45","modified_gmt":"2019-05-09T20:18:45","slug":"alunos-da-emef-prof-a-luiza-sophia-schmidt-tavares-participaram-de-atividades-incentivadoras-e-reflexivas-sobre-relacoes-interpessoais","status":"publish","type":"post","link":"https:\/\/www.riogrande.rs.gov.br\/smed\/?p=32745","title":{"rendered":"Alunos da EMEF Prof.\u00aa Luiza Sophia Schmidt Tavares participaram de atividades incentivadoras e reflexivas sobre rela\u00e7\u00f5es interpessoais"},"content":{"rendered":"\n\t\t<style type=\"text\/css\">\n\t\t\t#gallery-1 {\n\t\t\t\tmargin: auto;\n\t\t\t}\n\t\t\t#gallery-1 .gallery-item {\n\t\t\t\tfloat: left;\n\t\t\t\tmargin-top: 10px;\n\t\t\t\ttext-align: center;\n\t\t\t\twidth: 33%;\n\t\t\t}\n\t\t\t#gallery-1 img {\n\t\t\t\tborder: 2px solid #cfcfcf;\n\t\t\t}\n\t\t\t#gallery-1 .gallery-caption {\n\t\t\t\tmargin-left: 0;\n\t\t\t}\n\t\t\t\/* see gallery_shortcode() in wp-includes\/media.php *\/\n\t\t<\/style>\n\t\t<div id='gallery-1' class='gallery galleryid-32745 gallery-columns-3 gallery-size-thumbnail'><dl class='gallery-item'>\n\t\t\t<dt class='gallery-icon portrait'>\n\t\t\t\t<a href='https:\/\/www.riogrande.rs.gov.br\/smed\/wp-content\/uploads\/2019\/05\/20190509-ped-tavares-image1.jpg' rel=\"lightbox[32745]\"><img loading=\"lazy\" decoding=\"async\" width=\"150\" height=\"150\" src=\"https:\/\/www.riogrande.rs.gov.br\/smed\/wp-content\/uploads\/2019\/05\/20190509-ped-tavares-image1-150x150.jpg\" class=\"attachment-thumbnail size-thumbnail\" alt=\"\" aria-describedby=\"gallery-1-32746\" \/><\/a>\n\t\t\t<\/dt>\n\t\t\t\t<dd class='wp-caption-text gallery-caption' id='gallery-1-32746'>\n\t\t\t\tDivulga\u00e7\u00e3o\n\t\t\t\t<\/dd><\/dl><dl class='gallery-item'>\n\t\t\t<dt class='gallery-icon landscape'>\n\t\t\t\t<a href='https:\/\/www.riogrande.rs.gov.br\/smed\/wp-content\/uploads\/2019\/05\/20190509-ped-tavares-image2.jpg' rel=\"lightbox[32745]\"><img loading=\"lazy\" decoding=\"async\" width=\"150\" height=\"150\" src=\"https:\/\/www.riogrande.rs.gov.br\/smed\/wp-content\/uploads\/2019\/05\/20190509-ped-tavares-image2-150x150.jpg\" class=\"attachment-thumbnail size-thumbnail\" alt=\"\" aria-describedby=\"gallery-1-32747\" \/><\/a>\n\t\t\t<\/dt>\n\t\t\t\t<dd class='wp-caption-text gallery-caption' id='gallery-1-32747'>\n\t\t\t\tDivulga\u00e7\u00e3o\n\t\t\t\t<\/dd><\/dl><dl class='gallery-item'>\n\t\t\t<dt class='gallery-icon landscape'>\n\t\t\t\t<a href='https:\/\/www.riogrande.rs.gov.br\/smed\/wp-content\/uploads\/2019\/05\/20190509-ped-tavares-image3.jpg' rel=\"lightbox[32745]\"><img loading=\"lazy\" decoding=\"async\" width=\"150\" height=\"150\" src=\"https:\/\/www.riogrande.rs.gov.br\/smed\/wp-content\/uploads\/2019\/05\/20190509-ped-tavares-image3-150x150.jpg\" class=\"attachment-thumbnail size-thumbnail\" alt=\"\" aria-describedby=\"gallery-1-32748\" \/><\/a>\n\t\t\t<\/dt>\n\t\t\t\t<dd class='wp-caption-text gallery-caption' id='gallery-1-32748'>\n\t\t\t\tDivulga\u00e7\u00e3o\n\t\t\t\t<\/dd><\/dl><br style=\"clear: both\" \/><dl class='gallery-item'>\n\t\t\t<dt class='gallery-icon landscape'>\n\t\t\t\t<a href='https:\/\/www.riogrande.rs.gov.br\/smed\/wp-content\/uploads\/2019\/05\/20190509-ped-tavares-image4.jpg' rel=\"lightbox[32745]\"><img loading=\"lazy\" decoding=\"async\" width=\"150\" height=\"150\" src=\"https:\/\/www.riogrande.rs.gov.br\/smed\/wp-content\/uploads\/2019\/05\/20190509-ped-tavares-image4-150x150.jpg\" class=\"attachment-thumbnail size-thumbnail\" alt=\"\" aria-describedby=\"gallery-1-32749\" \/><\/a>\n\t\t\t<\/dt>\n\t\t\t\t<dd class='wp-caption-text gallery-caption' id='gallery-1-32749'>\n\t\t\t\tDivulga\u00e7\u00e3o\n\t\t\t\t<\/dd><\/dl><dl class='gallery-item'>\n\t\t\t<dt class='gallery-icon portrait'>\n\t\t\t\t<a href='https:\/\/www.riogrande.rs.gov.br\/smed\/wp-content\/uploads\/2019\/05\/20190509-ped-tavares-image5.jpg' rel=\"lightbox[32745]\"><img loading=\"lazy\" decoding=\"async\" width=\"150\" height=\"150\" src=\"https:\/\/www.riogrande.rs.gov.br\/smed\/wp-content\/uploads\/2019\/05\/20190509-ped-tavares-image5-150x150.jpg\" class=\"attachment-thumbnail size-thumbnail\" alt=\"\" aria-describedby=\"gallery-1-32750\" \/><\/a>\n\t\t\t<\/dt>\n\t\t\t\t<dd class='wp-caption-text gallery-caption' id='gallery-1-32750'>\n\t\t\t\tDivulga\u00e7\u00e3o\n\t\t\t\t<\/dd><\/dl><dl class='gallery-item'>\n\t\t\t<dt class='gallery-icon landscape'>\n\t\t\t\t<a href='https:\/\/www.riogrande.rs.gov.br\/smed\/wp-content\/uploads\/2019\/05\/20190509-ped-tavares-image6.jpg' rel=\"lightbox[32745]\"><img loading=\"lazy\" decoding=\"async\" width=\"150\" height=\"150\" src=\"https:\/\/www.riogrande.rs.gov.br\/smed\/wp-content\/uploads\/2019\/05\/20190509-ped-tavares-image6-150x150.jpg\" class=\"attachment-thumbnail size-thumbnail\" alt=\"\" aria-describedby=\"gallery-1-32751\" \/><\/a>\n\t\t\t<\/dt>\n\t\t\t\t<dd class='wp-caption-text gallery-caption' id='gallery-1-32751'>\n\t\t\t\tDivulga\u00e7\u00e3o\n\t\t\t\t<\/dd><\/dl><br style=\"clear: both\" \/>\n\t\t<\/div>\n\n<p style=\"text-align: justify;\">Na \u00faltima sexta-feira, dia <b>03 de maio<\/b>, a <strong>Escola Municipal de Ensino Fundamental<\/strong> <b>Prof.\u00aa Luiza Sophia Schmidt Tavares<\/b> recebeu a visita de Ang\u00e9lica \u00a0Marques, policial militar da reserva, volunt\u00e1ria e amiga da escola, que realizou atividades l\u00fadicas incentivadoras e reflexivas sobre rela\u00e7\u00f5es interpessoais com os alunos da Educa\u00e7\u00e3o Infantil e dos Anos Iniciais do Ensino Fundamental. Dentre essas atividades, destacam-se as bombinhas de semente e as esculturas em argila.<\/p>\n<p><!--more--><\/p>\n<p style=\"text-align: justify;\">\nAng\u00e9lica afirma que \u201c<b>o relacionamento interpessoal nada mais \u00e9 do que a conex\u00e3o feita por pessoas em um mesmo c\u00edrculo de conviv\u00eancia; nesse caso, o contexto escolar \u00e9 especialmente favor\u00e1vel \u00e0 constru\u00e7\u00e3o da cidadania, da educa\u00e7\u00e3o para a vida na esfera p\u00fablica e da disposi\u00e7\u00e3o para o di\u00e1logo, a rela\u00e7\u00e3o positiva com as diferen\u00e7as, a toler\u00e2ncia e para o respeito m\u00fatuo<\/b>\u201d.<\/p>\n<p style=\"text-align: justify;\">Atrav\u00e9s de sua mobiliza\u00e7\u00e3o e por meio dessa visita \u00e0 escola, Ang\u00e9lica espera incentivar outras pessoas a se integrarem nesse tipo de atividade e deseja \u00a0que cada volunt\u00e1rio possa colaborar, trazendo o que tiver de melhor para oferecer, estimulando sua participa\u00e7\u00e3o no desenvolvimento do voluntariado educacional complementar, nunca em substitui\u00e7\u00e3o \u00e0s atividades curriculares ou \u00e0 educa\u00e7\u00e3o formal, mas em benef\u00edcio dos alunos, da pr\u00f3pria escola e da comunidade.<\/p>\n<p style=\"text-align: right;\"><em>SMEd<\/em><br \/>\n<em>Roberton Reis<\/em><br \/>\n<em>Com informa\u00e7\u00f5es da EMEF Prof.\u00aa Luiza Sophia Schmidt Tavares<\/em><\/p>\n","protected":false},"excerpt":{"rendered":"<p>Na \u00faltima sexta-feira, dia 03 de maio, a Escola Municipal de Ensino Fundamental Prof.\u00aa Luiza Sophia Schmidt Tavares recebeu a visita de Ang\u00e9lica \u00a0Marques, policial militar da reserva, volunt\u00e1ria e amiga da escola, que realizou atividades l\u00fadicas incentivadoras e reflexivas sobre rela\u00e7\u00f5es interpessoais com os alunos da Educa\u00e7\u00e3o Infantil e dos Anos Iniciais do Ensino [&hellip;]<\/p>\n","protected":false},"author":7,"featured_media":0,"comment_status":"closed","ping_status":"closed","sticky":false,"template":"","format":"standard","meta":{"footnotes":""},"categories":[1,13],"tags":[],"class_list":["post-32745","post","type-post","status-publish","format-standard","hentry","category-noticias","category-pedagogico"],"_links":{"self":[{"href":"https:\/\/www.riogrande.rs.gov.br\/smed\/index.php?rest_route=\/wp\/v2\/posts\/32745"}],"collection":[{"href":"https:\/\/www.riogrande.rs.gov.br\/smed\/index.php?rest_route=\/wp\/v2\/posts"}],"about":[{"href":"https:\/\/www.riogrande.rs.gov.br\/smed\/index.php?rest_route=\/wp\/v2\/types\/post"}],"author":[{"embeddable":true,"href":"https:\/\/www.riogrande.rs.gov.br\/smed\/index.php?rest_route=\/wp\/v2\/users\/7"}],"replies":[{"embeddable":true,"href":"https:\/\/www.riogrande.rs.gov.br\/smed\/index.php?rest_route=%2Fwp%2Fv2%2Fcomments&post=32745"}],"version-history":[{"count":3,"href":"https:\/\/www.riogrande.rs.gov.br\/smed\/index.php?rest_route=\/wp\/v2\/posts\/32745\/revisions"}],"predecessor-version":[{"id":32754,"href":"https:\/\/www.riogrande.rs.gov.br\/smed\/index.php?rest_route=\/wp\/v2\/posts\/32745\/revisions\/32754"}],"wp:attachment":[{"href":"https:\/\/www.riogrande.rs.gov.br\/smed\/index.php?rest_route=%2Fwp%2Fv2%2Fmedia&parent=32745"}],"wp:term":[{"taxonomy":"category","embeddable":true,"href":"https:\/\/www.riogrande.rs.gov.br\/smed\/index.php?rest_route=%2Fwp%2Fv2%2Fcategories&post=32745"},{"taxonomy":"post_tag","embeddable":true,"href":"https:\/\/www.riogrande.rs.gov.br\/smed\/index.php?rest_route=%2Fwp%2Fv2%2Ftags&post=32745"}],"curies":[{"name":"wp","href":"https:\/\/api.w.org\/{rel}","templated":true}]}}