{"id":32727,"date":"2019-05-09T14:39:47","date_gmt":"2019-05-09T17:39:47","guid":{"rendered":"http:\/\/www.riogrande.rs.gov.br\/smed\/?p=32727"},"modified":"2019-05-09T14:39:47","modified_gmt":"2019-05-09T17:39:47","slug":"palestra-sobre-educacao-para-o-transito-na-emef-altamir-de-lacerda-integra-o-maio-amarelo","status":"publish","type":"post","link":"https:\/\/www.riogrande.rs.gov.br\/smed\/?p=32727","title":{"rendered":"PALESTRA SOBRE EDUCA\u00c7\u00c3O PARA O TR\u00c2NSITO NA EMEF ALTAMIR DE LACERDA INTEGRA O MAIO AMARELO"},"content":{"rendered":"<div id=\"attachment_32728\" style=\"width: 410px\" class=\"wp-caption aligncenter\"><a href=\"http:\/\/www.riogrande.rs.gov.br\/smed\/wp-content\/uploads\/2019\/05\/20190509-pmrg1.jpeg\" rel=\"lightbox[32727]\"><img loading=\"lazy\" decoding=\"async\" aria-describedby=\"caption-attachment-32728\" class=\"size-full wp-image-32728\" src=\"http:\/\/www.riogrande.rs.gov.br\/smed\/wp-content\/uploads\/2019\/05\/20190509-pmrg1.jpeg\" alt=\"\" width=\"400\" height=\"240\" srcset=\"https:\/\/www.riogrande.rs.gov.br\/smed\/wp-content\/uploads\/2019\/05\/20190509-pmrg1.jpeg 400w, https:\/\/www.riogrande.rs.gov.br\/smed\/wp-content\/uploads\/2019\/05\/20190509-pmrg1-345x207.jpeg 345w\" sizes=\"(max-width: 400px) 100vw, 400px\" \/><\/a><p id=\"caption-attachment-32728\" class=\"wp-caption-text\">Divulga\u00e7\u00e3o<\/p><\/div>\n<p>Fonte: <a href=\"http:\/\/www.riogrande.rs.gov.br\/palestra-sobre-educacao-para-o-transito-na-emef-altamir-de-lacerda-integra-o-maio-amarelo\/\" target=\"_blank\" rel=\"noopener noreferrer\"><strong>www.riogrande.rs.gov.br<\/strong><\/a><\/p>\n<p style=\"text-align: justify;\">Integrando as atividades da campanha do Maio Amarelo 2019, o Executivo Municipal, atrav\u00e9s do N\u00facleo de Educa\u00e7\u00e3o para o Tr\u00e2nsito, da Secretaria de Mobilidade, Acessibilidade e Seguran\u00e7a (SMMAS), est\u00e1 realizando hoje (8) atividades com os alunos da EMEF Altamir de Lacerda, na Vila Bernardeth.<\/p>\n<p><!--more--><\/p>\n<p style=\"text-align: justify;\">De acordo com Michele Albuquerque, dirigente do N\u00facleo de Educa\u00e7\u00e3o para o Tr\u00e2nsito, durante as palestras e atividades pedag\u00f3gicas deste m\u00eas, o Maio Amarelo ser\u00e1 o tema abordado.<\/p>\n<p style=\"text-align: justify;\">Durante a a\u00e7\u00f5es s\u00e3o explicados aos alunos, de forma did\u00e1tica, do que se trata a campanha e quais s\u00e3o seus objetivos. Al\u00e9m disso, os alunos tamb\u00e9m recebem instru\u00e7\u00f5es sobre como se comportar no tr\u00e2nsito dentro das condi\u00e7\u00f5es de passageiro, ciclista ou pedestre, e sobre a import\u00e2ncia de respeitar essas normas para a preserva\u00e7\u00e3o de vidas.<\/p>\n<p style=\"text-align: right;\"><em>Com informa\u00e7\u00f5es da SMMAS<\/em><\/p>\n","protected":false},"excerpt":{"rendered":"<p>Fonte: www.riogrande.rs.gov.br Integrando as atividades da campanha do Maio Amarelo 2019, o Executivo Municipal, atrav\u00e9s do N\u00facleo de Educa\u00e7\u00e3o para o Tr\u00e2nsito, da Secretaria de Mobilidade, Acessibilidade e Seguran\u00e7a (SMMAS), est\u00e1 realizando hoje (8) atividades com os alunos da EMEF Altamir de Lacerda, na Vila Bernardeth.<\/p>\n","protected":false},"author":7,"featured_media":0,"comment_status":"closed","ping_status":"closed","sticky":false,"template":"","format":"standard","meta":{"footnotes":""},"categories":[1],"tags":[],"class_list":["post-32727","post","type-post","status-publish","format-standard","hentry","category-noticias"],"_links":{"self":[{"href":"https:\/\/www.riogrande.rs.gov.br\/smed\/index.php?rest_route=\/wp\/v2\/posts\/32727"}],"collection":[{"href":"https:\/\/www.riogrande.rs.gov.br\/smed\/index.php?rest_route=\/wp\/v2\/posts"}],"about":[{"href":"https:\/\/www.riogrande.rs.gov.br\/smed\/index.php?rest_route=\/wp\/v2\/types\/post"}],"author":[{"embeddable":true,"href":"https:\/\/www.riogrande.rs.gov.br\/smed\/index.php?rest_route=\/wp\/v2\/users\/7"}],"replies":[{"embeddable":true,"href":"https:\/\/www.riogrande.rs.gov.br\/smed\/index.php?rest_route=%2Fwp%2Fv2%2Fcomments&post=32727"}],"version-history":[{"count":1,"href":"https:\/\/www.riogrande.rs.gov.br\/smed\/index.php?rest_route=\/wp\/v2\/posts\/32727\/revisions"}],"predecessor-version":[{"id":32729,"href":"https:\/\/www.riogrande.rs.gov.br\/smed\/index.php?rest_route=\/wp\/v2\/posts\/32727\/revisions\/32729"}],"wp:attachment":[{"href":"https:\/\/www.riogrande.rs.gov.br\/smed\/index.php?rest_route=%2Fwp%2Fv2%2Fmedia&parent=32727"}],"wp:term":[{"taxonomy":"category","embeddable":true,"href":"https:\/\/www.riogrande.rs.gov.br\/smed\/index.php?rest_route=%2Fwp%2Fv2%2Fcategories&post=32727"},{"taxonomy":"post_tag","embeddable":true,"href":"https:\/\/www.riogrande.rs.gov.br\/smed\/index.php?rest_route=%2Fwp%2Fv2%2Ftags&post=32727"}],"curies":[{"name":"wp","href":"https:\/\/api.w.org\/{rel}","templated":true}]}}