{"id":32724,"date":"2019-05-09T14:33:37","date_gmt":"2019-05-09T17:33:37","guid":{"rendered":"http:\/\/www.riogrande.rs.gov.br\/smed\/?p=32724"},"modified":"2019-05-09T14:33:37","modified_gmt":"2019-05-09T17:33:37","slug":"mes-da-protecao-enfrentamento-e-combate-a-violencia-e-a-exploracao-sexual-contra-criancas-e-adolescentes","status":"publish","type":"post","link":"https:\/\/www.riogrande.rs.gov.br\/smed\/?p=32724","title":{"rendered":"M\u00eas da Prote\u00e7\u00e3o: Enfrentamento e Combate \u00e0 Viol\u00eancia e \u00e0 Explora\u00e7\u00e3o Sexual contra Crian\u00e7as e Adolescentes"},"content":{"rendered":"<p style=\"text-align: justify;\">O \u201cM\u00eas da Prote\u00e7\u00e3o\u201d, promovido pela <strong>Prefeitura Municipal do Rio Grande<\/strong>, atrav\u00e9s do <strong>Centro de Refer\u00eancia Especializado em Assist\u00eancia Social<\/strong> (CREAS), da <strong>Secretaria de Munic\u00edpio de Cidadania e Assist\u00eancia Social<\/strong> \u00a0(SMCAS), da <strong>Secretaria de Munic\u00edpio da Educa\u00e7\u00e3o<\/strong> (SMEd) e demais \u00f3rg\u00e3os de prote\u00e7\u00e3o e cuidado \u00e0s crian\u00e7as e adolescentes, teve sua solenidade de abertura na \u00faltima sexta-feira, dia 03 de maio, no Sal\u00e3o Nobre Deputado Carlos Santos.<\/p>\n<p style=\"text-align: justify;\"><!--more--><\/p>\n<p style=\"text-align: justify;\">Na tarde da \u00faltima ter\u00e7a-feira, dia 07 de maio, os(as) gestores(as), coordenadores(as), supervisores(as) e orientadores(as) educacionais das escolas da rede p\u00fablica municipal de ensino de Rio Grande participaram, no Audit\u00f3rio do IFRS, do Lan\u00e7amento Oficial do Pr\u00eamio \u201c<strong>MPT na Escola 2019<\/strong>\u201d e, tamb\u00e9m, do Semin\u00e1rio \u201c<strong>A Rede Municipal de M\u00e3os Dadas Contra o Trabalho Infantil<\/strong>\u201d, promovido pela Secretaria de Munic\u00edpio da Educa\u00e7\u00e3o, em parceria com Secretaria de Munic\u00edpio de Cidadania e Assist\u00eancia Social \u00a0(SMCAS) e com a participa\u00e7\u00e3o de profissionais da sa\u00fade e assist\u00eancia social.<\/p>\n<p style=\"text-align: justify;\">No dia 18 de maio de 1973, uma menina de 8 anos, de Vit\u00f3ria (ES), foi sequestrada, violentada e cruelmente assassinada. Seu corpo apareceu seis dias depois, carbonizado e os seus agressores nunca foram punidos.<\/p>\n<p style=\"text-align: justify;\">Com a repercuss\u00e3o do caso, e forte mobiliza\u00e7\u00e3o do movimento em defesa dos direitos das crian\u00e7as e adolescentes, 18 de maio foi institu\u00eddo como o \u201c<strong>Dia Nacional de Enfrentamento e Combate \u00e0 Viol\u00eancia e \u00e0 Explora\u00e7\u00e3o Sexual contra Crian\u00e7as e Adolescentes<\/strong>\u201d. Desde ent\u00e3o, esse se tornou o dia para que a popula\u00e7\u00e3o brasileira se una e se manifeste contra esse tipo de viol\u00eancia.<\/p>\n<p style=\"text-align: justify;\">Acesse <a href=\"http:\/\/www.riogrande.rs.gov.br\/smed\/wp-content\/uploads\/2019\/05\/20190509-programacao_mes_protecao.pdf\" target=\"_blank\" rel=\"noopener noreferrer\"><b>aqui<\/b><\/a> e confira a programa\u00e7\u00e3o do \u201c<strong>M\u00eas da Prote\u00e7\u00e3o<\/strong>\u201d.<\/p>\n<p>&nbsp;<\/p>\n<p style=\"text-align: right;\"><em>SMEd<\/em><br \/>\n<em>Roberton Reis<\/em><\/p>\n","protected":false},"excerpt":{"rendered":"<p>O \u201cM\u00eas da Prote\u00e7\u00e3o\u201d, promovido pela Prefeitura Municipal do Rio Grande, atrav\u00e9s do Centro de Refer\u00eancia Especializado em Assist\u00eancia Social (CREAS), da Secretaria de Munic\u00edpio de Cidadania e Assist\u00eancia Social \u00a0(SMCAS), da Secretaria de Munic\u00edpio da Educa\u00e7\u00e3o (SMEd) e demais \u00f3rg\u00e3os de prote\u00e7\u00e3o e cuidado \u00e0s crian\u00e7as e adolescentes, teve sua solenidade de abertura na [&hellip;]<\/p>\n","protected":false},"author":7,"featured_media":0,"comment_status":"closed","ping_status":"closed","sticky":false,"template":"","format":"standard","meta":{"footnotes":""},"categories":[1,13],"tags":[],"class_list":["post-32724","post","type-post","status-publish","format-standard","hentry","category-noticias","category-pedagogico"],"_links":{"self":[{"href":"https:\/\/www.riogrande.rs.gov.br\/smed\/index.php?rest_route=\/wp\/v2\/posts\/32724"}],"collection":[{"href":"https:\/\/www.riogrande.rs.gov.br\/smed\/index.php?rest_route=\/wp\/v2\/posts"}],"about":[{"href":"https:\/\/www.riogrande.rs.gov.br\/smed\/index.php?rest_route=\/wp\/v2\/types\/post"}],"author":[{"embeddable":true,"href":"https:\/\/www.riogrande.rs.gov.br\/smed\/index.php?rest_route=\/wp\/v2\/users\/7"}],"replies":[{"embeddable":true,"href":"https:\/\/www.riogrande.rs.gov.br\/smed\/index.php?rest_route=%2Fwp%2Fv2%2Fcomments&post=32724"}],"version-history":[{"count":1,"href":"https:\/\/www.riogrande.rs.gov.br\/smed\/index.php?rest_route=\/wp\/v2\/posts\/32724\/revisions"}],"predecessor-version":[{"id":32726,"href":"https:\/\/www.riogrande.rs.gov.br\/smed\/index.php?rest_route=\/wp\/v2\/posts\/32724\/revisions\/32726"}],"wp:attachment":[{"href":"https:\/\/www.riogrande.rs.gov.br\/smed\/index.php?rest_route=%2Fwp%2Fv2%2Fmedia&parent=32724"}],"wp:term":[{"taxonomy":"category","embeddable":true,"href":"https:\/\/www.riogrande.rs.gov.br\/smed\/index.php?rest_route=%2Fwp%2Fv2%2Fcategories&post=32724"},{"taxonomy":"post_tag","embeddable":true,"href":"https:\/\/www.riogrande.rs.gov.br\/smed\/index.php?rest_route=%2Fwp%2Fv2%2Ftags&post=32724"}],"curies":[{"name":"wp","href":"https:\/\/api.w.org\/{rel}","templated":true}]}}