{"id":32692,"date":"2019-05-08T06:05:00","date_gmt":"2019-05-08T09:05:00","guid":{"rendered":"http:\/\/www.riogrande.rs.gov.br\/smed\/?p=32692"},"modified":"2019-05-13T14:50:07","modified_gmt":"2019-05-13T17:50:07","slug":"smed-divulga-lista-de-inscricoes-homologadas-para-oficinas-de-musicalizacao-para-professoresas-da-educacao-infantil-e-dos-anos-iniciais-da-rede-municipal","status":"publish","type":"post","link":"https:\/\/www.riogrande.rs.gov.br\/smed\/?p=32692","title":{"rendered":"SMEd divulga Lista de Inscri\u00e7\u00f5es Homologadas para \u201cOficinas de Musicaliza\u00e7\u00e3o\u201d para Professores(as) da Educa\u00e7\u00e3o Infantil e dos Anos Iniciais da Rede Municipal"},"content":{"rendered":"<p style=\"text-align: justify;\">A Secretaria de Munic\u00edpio da Educa\u00e7\u00e3o de Rio Grande (SMEd), atrav\u00e9s dos N\u00facleos de Educa\u00e7\u00e3o Infantil e dos Anos Iniciais, em parceria com a Faculdade de Educa\u00e7\u00e3o e Centro de Artes da Universidade Federal de Pelotas (UFPEL), divulga a <a href=\"http:\/\/www.riogrande.rs.gov.br\/smed\/wp-content\/uploads\/2019\/05\/20190508-lista_inscricoes_homologadas_musicalizacao.pdf\" target=\"_blank\" rel=\"noopener noreferrer\"><b>Lista de Inscri\u00e7\u00f5es Homologadas<\/b><\/a> para as \u201c<b>Oficinas de Musicaliza\u00e7\u00e3o<\/b>\u201d para <b>Professores(as) da rede p\u00fablica municipal de ensino que atuam na Educa\u00e7\u00e3o Infantil e nos Anos Iniciais <\/b>(Ciclo de Alfabetiza\u00e7\u00e3o), que acontecer\u00e3o entre os meses de maio e julho.<\/p>\n<p><!--more--><\/p>\n<p style=\"text-align: justify;\">O Curso tem por objetivo a realiza\u00e7\u00e3o de aulas pr\u00e1ticas, com viv\u00eancias que envolvam a musicaliza\u00e7\u00e3o e a Educa\u00e7\u00e3o Musical atrav\u00e9s de instrumentos de percuss\u00e3o, visando tamb\u00e9m promover a articula\u00e7\u00e3o da Educa\u00e7\u00e3o Infantil com os Anos Iniciais, possibilitando, assim, ampliar o di\u00e1logo entre as duas etapas.<\/p>\n<p style=\"text-align: justify;\">Ao todo, ser\u00e3o <b>08 encontros semanais<\/b>, com duas horas de dura\u00e7\u00e3o cada. Os encontros acontecer\u00e3o na <b>EMEF Helena Small<\/b>, \u00e0s <b>19h<\/b>. As 16 horas de Curso presencial envolver\u00e3o atividades de percep\u00e7\u00e3o, aprecia\u00e7\u00e3o, composi\u00e7\u00e3o e desempenho musical. Tamb\u00e9m haver\u00e1 04 horas de atividades complementares.<\/p>\n<p style=\"text-align: justify;\">Confira o Cronograma dos Encontros das \u201cOficinas de Musicaliza\u00e7\u00e3o\u201d<\/p>\n<table border=\"1px\" cellspacing=\"3px\" cellpadding=\"3px\">\n<tbody>\n<tr>\n<td>Turma das Ter\u00e7as-feiras<\/td>\n<td>Turma das Quintas-feiras<\/td>\n<\/tr>\n<tr>\n<td>\n<ul>\n<li>14\/05\/2019<\/li>\n<li>21\/05\/2019<\/li>\n<li>28\/05\/2019<\/li>\n<li>04\/06\/2019<\/li>\n<li>11\/06\/2019<\/li>\n<li>18\/06\/2019<\/li>\n<li>25\/06\/2019<\/li>\n<li>02\/07\/2019<\/li>\n<\/ul>\n<\/td>\n<td>\n<ul>\n<li>09\/5\/2019<\/li>\n<li>16\/5\/2019<\/li>\n<li>23\/5\/2019<\/li>\n<li>30\/5\/2019<\/li>\n<li>06\/6\/2019<\/li>\n<li>13\/6\/2019<\/li>\n<li>27\/6\/2019<\/li>\n<li>04\/7\/2019<\/li>\n<\/ul>\n<\/td>\n<\/tr>\n<\/tbody>\n<\/table>\n<p>&nbsp;<\/p>\n<p style=\"text-align: right;\"><em>SMEd<\/em><br \/>\n<em>Roberton Reis<\/em><\/p>\n","protected":false},"excerpt":{"rendered":"<p>A Secretaria de Munic\u00edpio da Educa\u00e7\u00e3o de Rio Grande (SMEd), atrav\u00e9s dos N\u00facleos de Educa\u00e7\u00e3o Infantil e dos Anos Iniciais, em parceria com a Faculdade de Educa\u00e7\u00e3o e Centro de Artes da Universidade Federal de Pelotas (UFPEL), divulga a Lista de Inscri\u00e7\u00f5es Homologadas para as \u201cOficinas de Musicaliza\u00e7\u00e3o\u201d para Professores(as) da rede p\u00fablica municipal de [&hellip;]<\/p>\n","protected":false},"author":7,"featured_media":0,"comment_status":"closed","ping_status":"closed","sticky":false,"template":"","format":"standard","meta":{"footnotes":""},"categories":[1,13],"tags":[],"class_list":["post-32692","post","type-post","status-publish","format-standard","hentry","category-noticias","category-pedagogico"],"_links":{"self":[{"href":"https:\/\/www.riogrande.rs.gov.br\/smed\/index.php?rest_route=\/wp\/v2\/posts\/32692"}],"collection":[{"href":"https:\/\/www.riogrande.rs.gov.br\/smed\/index.php?rest_route=\/wp\/v2\/posts"}],"about":[{"href":"https:\/\/www.riogrande.rs.gov.br\/smed\/index.php?rest_route=\/wp\/v2\/types\/post"}],"author":[{"embeddable":true,"href":"https:\/\/www.riogrande.rs.gov.br\/smed\/index.php?rest_route=\/wp\/v2\/users\/7"}],"replies":[{"embeddable":true,"href":"https:\/\/www.riogrande.rs.gov.br\/smed\/index.php?rest_route=%2Fwp%2Fv2%2Fcomments&post=32692"}],"version-history":[{"count":2,"href":"https:\/\/www.riogrande.rs.gov.br\/smed\/index.php?rest_route=\/wp\/v2\/posts\/32692\/revisions"}],"predecessor-version":[{"id":32844,"href":"https:\/\/www.riogrande.rs.gov.br\/smed\/index.php?rest_route=\/wp\/v2\/posts\/32692\/revisions\/32844"}],"wp:attachment":[{"href":"https:\/\/www.riogrande.rs.gov.br\/smed\/index.php?rest_route=%2Fwp%2Fv2%2Fmedia&parent=32692"}],"wp:term":[{"taxonomy":"category","embeddable":true,"href":"https:\/\/www.riogrande.rs.gov.br\/smed\/index.php?rest_route=%2Fwp%2Fv2%2Fcategories&post=32692"},{"taxonomy":"post_tag","embeddable":true,"href":"https:\/\/www.riogrande.rs.gov.br\/smed\/index.php?rest_route=%2Fwp%2Fv2%2Ftags&post=32692"}],"curies":[{"name":"wp","href":"https:\/\/api.w.org\/{rel}","templated":true}]}}