{"id":32690,"date":"2019-05-07T18:06:40","date_gmt":"2019-05-07T21:06:40","guid":{"rendered":"http:\/\/www.riogrande.rs.gov.br\/smed\/?p=32690"},"modified":"2019-05-07T18:06:40","modified_gmt":"2019-05-07T21:06:40","slug":"galeria-breche-da-ebahl-recebe-exposicao-em-comemoracao-ao-dia-do-artista-plastico","status":"publish","type":"post","link":"https:\/\/www.riogrande.rs.gov.br\/smed\/?p=32690","title":{"rendered":"Galeria Breche da EBAHL recebe Exposi\u00e7\u00e3o em Comemora\u00e7\u00e3o ao Dia do Artista Pl\u00e1stico"},"content":{"rendered":"<div id=\"attachment_32590\" style=\"width: 495px\" class=\"wp-caption aligncenter\"><a href=\"http:\/\/www.riogrande.rs.gov.br\/smed\/wp-content\/uploads\/2019\/05\/20190503-ped-ebahl-image1.jpg\" rel=\"lightbox[32690]\"><img loading=\"lazy\" decoding=\"async\" aria-describedby=\"caption-attachment-32590\" class=\"size-medium wp-image-32590\" src=\"http:\/\/www.riogrande.rs.gov.br\/smed\/wp-content\/uploads\/2019\/05\/20190503-ped-ebahl-image1-485x215.jpg\" alt=\"\" width=\"485\" height=\"215\" srcset=\"https:\/\/www.riogrande.rs.gov.br\/smed\/wp-content\/uploads\/2019\/05\/20190503-ped-ebahl-image1-485x215.jpg 485w, https:\/\/www.riogrande.rs.gov.br\/smed\/wp-content\/uploads\/2019\/05\/20190503-ped-ebahl-image1-768x340.jpg 768w, https:\/\/www.riogrande.rs.gov.br\/smed\/wp-content\/uploads\/2019\/05\/20190503-ped-ebahl-image1-468x207.jpg 468w, https:\/\/www.riogrande.rs.gov.br\/smed\/wp-content\/uploads\/2019\/05\/20190503-ped-ebahl-image1.jpg 800w\" sizes=\"(max-width: 485px) 100vw, 485px\" \/><\/a><p id=\"caption-attachment-32590\" class=\"wp-caption-text\">Divulga\u00e7\u00e3o<\/p><\/div>\n<p style=\"text-align: justify;\">\n<p style=\"text-align: justify;\">O dia <b>08 de maio<\/b> \u00e9 consagrado como o \u201c<b>Dia do Artista Pl\u00e1stico<\/b>\u201d. Assim, nada melhor do que comemorar essa data atrav\u00e9s da pr\u00f3pria Arte. Por isso, a Escola de Belas Artes \u201c<strong>Heitor de Lemos<\/strong>\u201d pensou em realizar uma exposi\u00e7\u00e3o com o objetivo de integrar os alunos, professores e o p\u00fablico frequentador da <b>Galeria Breche<\/b>, ou seja: todos elementos diretamente ligados a esse dia.<\/p>\n<p style=\"text-align: justify;\"><!--more--><\/p>\n<p style=\"text-align: justify;\">E, para realizar essa exposi\u00e7\u00e3o, a EBAHL resolveu mostrar uma pequena parte da trajet\u00f3ria art\u00edstica de seus professores de Artes Visuais, muitas vezes desconhecidas de seus alunos e do nosso p\u00fablico.<\/p>\n<p style=\"text-align: justify;\">A mostra, que apresenta trabalhos de diferentes per\u00edodos da produ\u00e7\u00e3o dos professores D\u00f3ris Mejia, Gilce Lima, Jarbas Macedo, Juraci Ortiz, Mara Carrasco, Sidneia Milano e Waldo Gouveia, tem sua abertura na pr\u00f3xima quarta-feira, dia <b>08<\/b>, \u00e0s <b>18h<\/b>.<\/p>\n<p style=\"text-align: justify;\">A exposi\u00e7\u00e3o estar\u00e1 aberta \u00e0 visita\u00e7\u00e3o no per\u00edodo de <b>09 a 14 de maio<\/b>, das 8h \u00e0s 20h, na Galeria da EBAHL, que est\u00e1 localizada na rua Jockey Club,194.<\/p>\n<p>&nbsp;<\/p>\n<p style=\"text-align: right;\"><em>SMEd<\/em><br \/>\n<em>Roberton Reis<\/em><br \/>\n<em>Com informa\u00e7\u00f5es da EBAHL<\/em><\/p>\n","protected":false},"excerpt":{"rendered":"<p>O dia 08 de maio \u00e9 consagrado como o \u201cDia do Artista Pl\u00e1stico\u201d. Assim, nada melhor do que comemorar essa data atrav\u00e9s da pr\u00f3pria Arte. Por isso, a Escola de Belas Artes \u201cHeitor de Lemos\u201d pensou em realizar uma exposi\u00e7\u00e3o com o objetivo de integrar os alunos, professores e o p\u00fablico frequentador da Galeria Breche, [&hellip;]<\/p>\n","protected":false},"author":7,"featured_media":0,"comment_status":"closed","ping_status":"closed","sticky":false,"template":"","format":"standard","meta":{"footnotes":""},"categories":[1,13],"tags":[],"class_list":["post-32690","post","type-post","status-publish","format-standard","hentry","category-noticias","category-pedagogico"],"_links":{"self":[{"href":"https:\/\/www.riogrande.rs.gov.br\/smed\/index.php?rest_route=\/wp\/v2\/posts\/32690"}],"collection":[{"href":"https:\/\/www.riogrande.rs.gov.br\/smed\/index.php?rest_route=\/wp\/v2\/posts"}],"about":[{"href":"https:\/\/www.riogrande.rs.gov.br\/smed\/index.php?rest_route=\/wp\/v2\/types\/post"}],"author":[{"embeddable":true,"href":"https:\/\/www.riogrande.rs.gov.br\/smed\/index.php?rest_route=\/wp\/v2\/users\/7"}],"replies":[{"embeddable":true,"href":"https:\/\/www.riogrande.rs.gov.br\/smed\/index.php?rest_route=%2Fwp%2Fv2%2Fcomments&post=32690"}],"version-history":[{"count":1,"href":"https:\/\/www.riogrande.rs.gov.br\/smed\/index.php?rest_route=\/wp\/v2\/posts\/32690\/revisions"}],"predecessor-version":[{"id":32691,"href":"https:\/\/www.riogrande.rs.gov.br\/smed\/index.php?rest_route=\/wp\/v2\/posts\/32690\/revisions\/32691"}],"wp:attachment":[{"href":"https:\/\/www.riogrande.rs.gov.br\/smed\/index.php?rest_route=%2Fwp%2Fv2%2Fmedia&parent=32690"}],"wp:term":[{"taxonomy":"category","embeddable":true,"href":"https:\/\/www.riogrande.rs.gov.br\/smed\/index.php?rest_route=%2Fwp%2Fv2%2Fcategories&post=32690"},{"taxonomy":"post_tag","embeddable":true,"href":"https:\/\/www.riogrande.rs.gov.br\/smed\/index.php?rest_route=%2Fwp%2Fv2%2Ftags&post=32690"}],"curies":[{"name":"wp","href":"https:\/\/api.w.org\/{rel}","templated":true}]}}