{"id":32686,"date":"2019-05-07T18:00:21","date_gmt":"2019-05-07T21:00:21","guid":{"rendered":"http:\/\/www.riogrande.rs.gov.br\/smed\/?p=32686"},"modified":"2019-05-07T18:00:21","modified_gmt":"2019-05-07T21:00:21","slug":"smed-finalizou-etapa-inicial-das-formacoes-do-i-educar","status":"publish","type":"post","link":"https:\/\/www.riogrande.rs.gov.br\/smed\/?p=32686","title":{"rendered":"SMEd finalizou etapa inicial das Forma\u00e7\u00f5es do I-Educar"},"content":{"rendered":"\n\t\t<style type=\"text\/css\">\n\t\t\t#gallery-1 {\n\t\t\t\tmargin: auto;\n\t\t\t}\n\t\t\t#gallery-1 .gallery-item {\n\t\t\t\tfloat: left;\n\t\t\t\tmargin-top: 10px;\n\t\t\t\ttext-align: center;\n\t\t\t\twidth: 50%;\n\t\t\t}\n\t\t\t#gallery-1 img {\n\t\t\t\tborder: 2px solid #cfcfcf;\n\t\t\t}\n\t\t\t#gallery-1 .gallery-caption {\n\t\t\t\tmargin-left: 0;\n\t\t\t}\n\t\t\t\/* see gallery_shortcode() in wp-includes\/media.php *\/\n\t\t<\/style>\n\t\t<div id='gallery-1' class='gallery galleryid-32686 gallery-columns-2 gallery-size-thumbnail'><dl class='gallery-item'>\n\t\t\t<dt class='gallery-icon landscape'>\n\t\t\t\t<a href='https:\/\/www.riogrande.rs.gov.br\/smed\/wp-content\/uploads\/2019\/05\/20190507-ped-ieducar-image1.jpg' rel=\"lightbox[32686]\"><img loading=\"lazy\" decoding=\"async\" width=\"150\" height=\"150\" src=\"https:\/\/www.riogrande.rs.gov.br\/smed\/wp-content\/uploads\/2019\/05\/20190507-ped-ieducar-image1-150x150.jpg\" class=\"attachment-thumbnail size-thumbnail\" alt=\"\" aria-describedby=\"gallery-1-32687\" \/><\/a>\n\t\t\t<\/dt>\n\t\t\t\t<dd class='wp-caption-text gallery-caption' id='gallery-1-32687'>\n\t\t\t\tDivulga\u00e7\u00e3o\n\t\t\t\t<\/dd><\/dl><dl class='gallery-item'>\n\t\t\t<dt class='gallery-icon landscape'>\n\t\t\t\t<a href='https:\/\/www.riogrande.rs.gov.br\/smed\/wp-content\/uploads\/2019\/05\/20190507-ped-ieducar-image2.jpg' rel=\"lightbox[32686]\"><img loading=\"lazy\" decoding=\"async\" width=\"150\" height=\"150\" src=\"https:\/\/www.riogrande.rs.gov.br\/smed\/wp-content\/uploads\/2019\/05\/20190507-ped-ieducar-image2-150x150.jpg\" class=\"attachment-thumbnail size-thumbnail\" alt=\"\" aria-describedby=\"gallery-1-32688\" \/><\/a>\n\t\t\t<\/dt>\n\t\t\t\t<dd class='wp-caption-text gallery-caption' id='gallery-1-32688'>\n\t\t\t\tDivulga\u00e7\u00e3o\n\t\t\t\t<\/dd><\/dl><br style=\"clear: both\" \/>\n\t\t<\/div>\n\n<p style=\"text-align: justify;\">No dia <b>30 de abril<\/b>, a Secretaria de Munic\u00edpio da Educa\u00e7\u00e3o de Rio Grande (SMEd), atrav\u00e9s da parceria entre o N\u00facleo de Tecnologia Municipal (NTM) e o N\u00facleo de Registro e Acompanhamento dos Estudantes, finalizou a etapa inicial dos encontros formativos para a utiliza\u00e7\u00e3o do software livre de gest\u00e3o escolar i-Educar, que iniciou em dezembro de 2018.<\/p>\n<p style=\"text-align: justify;\"><!--more--><\/p>\n<p style=\"text-align: justify;\">Ao todo, foram realizados 15 encontros formativos, que ocorreram no Laborat\u00f3rio de Inform\u00e1tica da EMEF Cipriano Porto Alegre. Participaram desta \u00faltima forma\u00e7\u00e3o, as seguintes escolas: EMEFs Prof. Eli\u00e9zer de Carvalho Rios, Franklin Roosevelt, Olavo Bilac, Pedro Carlos Peixoto Primo, Rio Branco, Viriato Corr\u00eaa, Prof.\u00aa Wanda Rocha Martins, Zelly Pereira Esmeraldo, Prof.\u00aa Zenir de Souza Braga; EMEB Prof.\u00aa Carmen Regina Teixeira Baldino, EMEFTI Valdir Castro e EMEJA Paulo Freire.<\/p>\n<p style=\"text-align: justify;\">As forma\u00e7\u00f5es, que foram dirigidas aos secret\u00e1rios e respons\u00e1veis pela secretaria das Escolas da Rede Municipal, tiveram como objetivo transmitir orienta\u00e7\u00f5es iniciais sobre o uso do i-Educar, que tem como proposta tornar eficaz a gest\u00e3o dos processos escolares, matr\u00edculas e dados dos alunos.<\/p>\n<p>&nbsp;<\/p>\n<p style=\"text-align: right;\"><em>SMEd<\/em><br \/>\n<em>Roberton Reis<\/em><br \/>\n<em>Com informa\u00e7\u00f5es do NTM<\/em><\/p>\n","protected":false},"excerpt":{"rendered":"<p>No dia 30 de abril, a Secretaria de Munic\u00edpio da Educa\u00e7\u00e3o de Rio Grande (SMEd), atrav\u00e9s da parceria entre o N\u00facleo de Tecnologia Municipal (NTM) e o N\u00facleo de Registro e Acompanhamento dos Estudantes, finalizou a etapa inicial dos encontros formativos para a utiliza\u00e7\u00e3o do software livre de gest\u00e3o escolar i-Educar, que iniciou em dezembro [&hellip;]<\/p>\n","protected":false},"author":7,"featured_media":0,"comment_status":"closed","ping_status":"closed","sticky":false,"template":"","format":"standard","meta":{"footnotes":""},"categories":[1,13],"tags":[],"class_list":["post-32686","post","type-post","status-publish","format-standard","hentry","category-noticias","category-pedagogico"],"_links":{"self":[{"href":"https:\/\/www.riogrande.rs.gov.br\/smed\/index.php?rest_route=\/wp\/v2\/posts\/32686"}],"collection":[{"href":"https:\/\/www.riogrande.rs.gov.br\/smed\/index.php?rest_route=\/wp\/v2\/posts"}],"about":[{"href":"https:\/\/www.riogrande.rs.gov.br\/smed\/index.php?rest_route=\/wp\/v2\/types\/post"}],"author":[{"embeddable":true,"href":"https:\/\/www.riogrande.rs.gov.br\/smed\/index.php?rest_route=\/wp\/v2\/users\/7"}],"replies":[{"embeddable":true,"href":"https:\/\/www.riogrande.rs.gov.br\/smed\/index.php?rest_route=%2Fwp%2Fv2%2Fcomments&post=32686"}],"version-history":[{"count":1,"href":"https:\/\/www.riogrande.rs.gov.br\/smed\/index.php?rest_route=\/wp\/v2\/posts\/32686\/revisions"}],"predecessor-version":[{"id":32689,"href":"https:\/\/www.riogrande.rs.gov.br\/smed\/index.php?rest_route=\/wp\/v2\/posts\/32686\/revisions\/32689"}],"wp:attachment":[{"href":"https:\/\/www.riogrande.rs.gov.br\/smed\/index.php?rest_route=%2Fwp%2Fv2%2Fmedia&parent=32686"}],"wp:term":[{"taxonomy":"category","embeddable":true,"href":"https:\/\/www.riogrande.rs.gov.br\/smed\/index.php?rest_route=%2Fwp%2Fv2%2Fcategories&post=32686"},{"taxonomy":"post_tag","embeddable":true,"href":"https:\/\/www.riogrande.rs.gov.br\/smed\/index.php?rest_route=%2Fwp%2Fv2%2Ftags&post=32686"}],"curies":[{"name":"wp","href":"https:\/\/api.w.org\/{rel}","templated":true}]}}