{"id":32684,"date":"2019-05-07T17:56:52","date_gmt":"2019-05-07T20:56:52","guid":{"rendered":"http:\/\/www.riogrande.rs.gov.br\/smed\/?p=32684"},"modified":"2019-05-07T17:56:52","modified_gmt":"2019-05-07T20:56:52","slug":"servidoresas-da-smed-participam-da-3a-sipat-nesta-quarta-feira-08","status":"publish","type":"post","link":"https:\/\/www.riogrande.rs.gov.br\/smed\/?p=32684","title":{"rendered":"Servidores(as) da SMEd participam da 3\u00aa SIPAT nesta quarta-feira, 08"},"content":{"rendered":"<p style=\"text-align: justify;\">\u00c0s quartas-feiras, o expediente de trabalho da Secretaria de Munic\u00edpio da Educa\u00e7\u00e3o de Rio Grande (SMEd) \u00e9 interno, n\u00e3o havendo, assim, atendimento ao p\u00fablico. Nesta quarta-feira, dia <b>08 de maio<\/b>, todos(as) os(as) servidores(as) da Secretaria participar\u00e3o da <b>3\u00aa Semana Interna de Preven\u00e7\u00e3o de Acidentes de Trabalho<\/b> (SIPAT), no <b>Sal\u00e3o Nobre da Prefeitura Municipal<\/b>.<\/p>\n<p style=\"text-align: justify;\"><!--more--><\/p>\n<p style=\"text-align: justify;\">Nesta atividade, que iniciar\u00e1 \u00e0s <b>13h<\/b>, os(as) servidores(as) da SMEd poder\u00e3o acompanhar a palestra \u201c<b>Estresse: O que voc\u00ea faz com ele e o que ele faz com voc\u00ea?<\/b>\u201d, com a sargento do 3\u00ba Batalh\u00e3o de Bombeiro Militar (BBM), a psic\u00f3loga J\u00e9ssica Borges.<\/p>\n<p>&nbsp;<\/p>\n<p style=\"text-align: right;\"><em>SMEd<\/em><br \/>\n<em>Roberton Reis<\/em><\/p>\n","protected":false},"excerpt":{"rendered":"<p>\u00c0s quartas-feiras, o expediente de trabalho da Secretaria de Munic\u00edpio da Educa\u00e7\u00e3o de Rio Grande (SMEd) \u00e9 interno, n\u00e3o havendo, assim, atendimento ao p\u00fablico. Nesta quarta-feira, dia 08 de maio, todos(as) os(as) servidores(as) da Secretaria participar\u00e3o da 3\u00aa Semana Interna de Preven\u00e7\u00e3o de Acidentes de Trabalho (SIPAT), no Sal\u00e3o Nobre da Prefeitura Municipal.<\/p>\n","protected":false},"author":7,"featured_media":0,"comment_status":"closed","ping_status":"closed","sticky":false,"template":"","format":"standard","meta":{"footnotes":""},"categories":[1,13],"tags":[],"class_list":["post-32684","post","type-post","status-publish","format-standard","hentry","category-noticias","category-pedagogico"],"_links":{"self":[{"href":"https:\/\/www.riogrande.rs.gov.br\/smed\/index.php?rest_route=\/wp\/v2\/posts\/32684"}],"collection":[{"href":"https:\/\/www.riogrande.rs.gov.br\/smed\/index.php?rest_route=\/wp\/v2\/posts"}],"about":[{"href":"https:\/\/www.riogrande.rs.gov.br\/smed\/index.php?rest_route=\/wp\/v2\/types\/post"}],"author":[{"embeddable":true,"href":"https:\/\/www.riogrande.rs.gov.br\/smed\/index.php?rest_route=\/wp\/v2\/users\/7"}],"replies":[{"embeddable":true,"href":"https:\/\/www.riogrande.rs.gov.br\/smed\/index.php?rest_route=%2Fwp%2Fv2%2Fcomments&post=32684"}],"version-history":[{"count":1,"href":"https:\/\/www.riogrande.rs.gov.br\/smed\/index.php?rest_route=\/wp\/v2\/posts\/32684\/revisions"}],"predecessor-version":[{"id":32685,"href":"https:\/\/www.riogrande.rs.gov.br\/smed\/index.php?rest_route=\/wp\/v2\/posts\/32684\/revisions\/32685"}],"wp:attachment":[{"href":"https:\/\/www.riogrande.rs.gov.br\/smed\/index.php?rest_route=%2Fwp%2Fv2%2Fmedia&parent=32684"}],"wp:term":[{"taxonomy":"category","embeddable":true,"href":"https:\/\/www.riogrande.rs.gov.br\/smed\/index.php?rest_route=%2Fwp%2Fv2%2Fcategories&post=32684"},{"taxonomy":"post_tag","embeddable":true,"href":"https:\/\/www.riogrande.rs.gov.br\/smed\/index.php?rest_route=%2Fwp%2Fv2%2Ftags&post=32684"}],"curies":[{"name":"wp","href":"https:\/\/api.w.org\/{rel}","templated":true}]}}