{"id":32672,"date":"2019-05-07T17:49:09","date_gmt":"2019-05-07T20:49:09","guid":{"rendered":"http:\/\/www.riogrande.rs.gov.br\/smed\/?p=32672"},"modified":"2019-05-07T17:52:17","modified_gmt":"2019-05-07T20:52:17","slug":"emei-prof-a-maria-da-gloria-pereira-promovera-festa-da-familia-no-dia-10","status":"publish","type":"post","link":"https:\/\/www.riogrande.rs.gov.br\/smed\/?p=32672","title":{"rendered":"EMEI Prof.\u00aa Maria da Gl\u00f3ria Pereira promover\u00e1 \u201cFesta da Fam\u00edlia\u201d no dia 10"},"content":{"rendered":"<div id=\"attachment_32673\" style=\"width: 495px\" class=\"wp-caption aligncenter\"><a href=\"http:\/\/www.riogrande.rs.gov.br\/smed\/wp-content\/uploads\/2019\/05\/20190507-ped-gloria-image1.jpg\" rel=\"lightbox[32672]\"><img loading=\"lazy\" decoding=\"async\" aria-describedby=\"caption-attachment-32673\" class=\"size-medium wp-image-32673\" src=\"http:\/\/www.riogrande.rs.gov.br\/smed\/wp-content\/uploads\/2019\/05\/20190507-ped-gloria-image1-485x273.jpg\" alt=\"\" width=\"485\" height=\"273\" srcset=\"https:\/\/www.riogrande.rs.gov.br\/smed\/wp-content\/uploads\/2019\/05\/20190507-ped-gloria-image1-485x273.jpg 485w, https:\/\/www.riogrande.rs.gov.br\/smed\/wp-content\/uploads\/2019\/05\/20190507-ped-gloria-image1-768x432.jpg 768w, https:\/\/www.riogrande.rs.gov.br\/smed\/wp-content\/uploads\/2019\/05\/20190507-ped-gloria-image1-368x207.jpg 368w, https:\/\/www.riogrande.rs.gov.br\/smed\/wp-content\/uploads\/2019\/05\/20190507-ped-gloria-image1.jpg 800w\" sizes=\"(max-width: 485px) 100vw, 485px\" \/><\/a><p id=\"caption-attachment-32673\" class=\"wp-caption-text\">Divulga\u00e7\u00e3o<\/p><\/div>\n<p style=\"text-align: justify;\">Na tarde da pr\u00f3xima sexta-feira, dia <b>10 de maio<\/b>, a partir das <b>14h<\/b>, a <strong>Escola Municipal de Educa\u00e7\u00e3o Infantil<\/strong> <b>Prof.\u00aa Maria da Gl\u00f3ria Pereira<\/b>, que est\u00e1 localizada no bairro Santa Rosa, realizar\u00e1 uma tarde de atividades variadas, totalmente dedicada \u00e0s fam\u00edlias da comunidade escolar. Haver\u00e1 profissionais da sa\u00fade, agentes sociais, teatro, dan\u00e7a e muita divers\u00e3o.<\/p>\n<p>&nbsp;<\/p>\n<p style=\"text-align: right;\"><em>SMEd<\/em><br \/>\n<em>Roberton Reis<\/em><br \/>\n<em>Com informa\u00e7\u00f5es da EMEI Prof.\u00aa Maria da Gl\u00f3ria Pereira<\/em><\/p>\n","protected":false},"excerpt":{"rendered":"<p>Na tarde da pr\u00f3xima sexta-feira, dia 10 de maio, a partir das 14h, a Escola Municipal de Educa\u00e7\u00e3o Infantil Prof.\u00aa Maria da Gl\u00f3ria Pereira, que est\u00e1 localizada no bairro Santa Rosa, realizar\u00e1 uma tarde de atividades variadas, totalmente dedicada \u00e0s fam\u00edlias da comunidade escolar. Haver\u00e1 profissionais da sa\u00fade, agentes sociais, teatro, dan\u00e7a e muita divers\u00e3o. [&hellip;]<\/p>\n","protected":false},"author":7,"featured_media":0,"comment_status":"closed","ping_status":"closed","sticky":false,"template":"","format":"standard","meta":{"footnotes":""},"categories":[1,13],"tags":[],"class_list":["post-32672","post","type-post","status-publish","format-standard","hentry","category-noticias","category-pedagogico"],"_links":{"self":[{"href":"https:\/\/www.riogrande.rs.gov.br\/smed\/index.php?rest_route=\/wp\/v2\/posts\/32672"}],"collection":[{"href":"https:\/\/www.riogrande.rs.gov.br\/smed\/index.php?rest_route=\/wp\/v2\/posts"}],"about":[{"href":"https:\/\/www.riogrande.rs.gov.br\/smed\/index.php?rest_route=\/wp\/v2\/types\/post"}],"author":[{"embeddable":true,"href":"https:\/\/www.riogrande.rs.gov.br\/smed\/index.php?rest_route=\/wp\/v2\/users\/7"}],"replies":[{"embeddable":true,"href":"https:\/\/www.riogrande.rs.gov.br\/smed\/index.php?rest_route=%2Fwp%2Fv2%2Fcomments&post=32672"}],"version-history":[{"count":2,"href":"https:\/\/www.riogrande.rs.gov.br\/smed\/index.php?rest_route=\/wp\/v2\/posts\/32672\/revisions"}],"predecessor-version":[{"id":32676,"href":"https:\/\/www.riogrande.rs.gov.br\/smed\/index.php?rest_route=\/wp\/v2\/posts\/32672\/revisions\/32676"}],"wp:attachment":[{"href":"https:\/\/www.riogrande.rs.gov.br\/smed\/index.php?rest_route=%2Fwp%2Fv2%2Fmedia&parent=32672"}],"wp:term":[{"taxonomy":"category","embeddable":true,"href":"https:\/\/www.riogrande.rs.gov.br\/smed\/index.php?rest_route=%2Fwp%2Fv2%2Fcategories&post=32672"},{"taxonomy":"post_tag","embeddable":true,"href":"https:\/\/www.riogrande.rs.gov.br\/smed\/index.php?rest_route=%2Fwp%2Fv2%2Ftags&post=32672"}],"curies":[{"name":"wp","href":"https:\/\/api.w.org\/{rel}","templated":true}]}}