{"id":32658,"date":"2019-05-06T16:38:51","date_gmt":"2019-05-06T19:38:51","guid":{"rendered":"http:\/\/www.riogrande.rs.gov.br\/smed\/?p=32658"},"modified":"2019-05-06T16:39:09","modified_gmt":"2019-05-06T19:39:09","slug":"alunos-da-emef-sao-joao-batista-participam-de-palestra-com-narrador-esportivo-da-radio-zona-sul","status":"publish","type":"post","link":"https:\/\/www.riogrande.rs.gov.br\/smed\/?p=32658","title":{"rendered":"Alunos da EMEF S\u00e3o Jo\u00e3o Batista participam de palestra com Narrador Esportivo da R\u00e1dio Zona Sul"},"content":{"rendered":"\n\t\t<style type=\"text\/css\">\n\t\t\t#gallery-1 {\n\t\t\t\tmargin: auto;\n\t\t\t}\n\t\t\t#gallery-1 .gallery-item {\n\t\t\t\tfloat: left;\n\t\t\t\tmargin-top: 10px;\n\t\t\t\ttext-align: center;\n\t\t\t\twidth: 50%;\n\t\t\t}\n\t\t\t#gallery-1 img {\n\t\t\t\tborder: 2px solid #cfcfcf;\n\t\t\t}\n\t\t\t#gallery-1 .gallery-caption {\n\t\t\t\tmargin-left: 0;\n\t\t\t}\n\t\t\t\/* see gallery_shortcode() in wp-includes\/media.php *\/\n\t\t<\/style>\n\t\t<div id='gallery-1' class='gallery galleryid-32658 gallery-columns-2 gallery-size-thumbnail'><dl class='gallery-item'>\n\t\t\t<dt class='gallery-icon landscape'>\n\t\t\t\t<a href='https:\/\/www.riogrande.rs.gov.br\/smed\/wp-content\/uploads\/2019\/05\/20190506-ped-sao_joao-WA0014.jpg' rel=\"lightbox[32658]\"><img loading=\"lazy\" decoding=\"async\" width=\"150\" height=\"150\" src=\"https:\/\/www.riogrande.rs.gov.br\/smed\/wp-content\/uploads\/2019\/05\/20190506-ped-sao_joao-WA0014-150x150.jpg\" class=\"attachment-thumbnail size-thumbnail\" alt=\"\" aria-describedby=\"gallery-1-32659\" \/><\/a>\n\t\t\t<\/dt>\n\t\t\t\t<dd class='wp-caption-text gallery-caption' id='gallery-1-32659'>\n\t\t\t\tDivulga\u00e7\u00e3o\n\t\t\t\t<\/dd><\/dl><dl class='gallery-item'>\n\t\t\t<dt class='gallery-icon landscape'>\n\t\t\t\t<a href='https:\/\/www.riogrande.rs.gov.br\/smed\/wp-content\/uploads\/2019\/05\/20190506-ped-sao_joao-WA0015.jpg' rel=\"lightbox[32658]\"><img loading=\"lazy\" decoding=\"async\" width=\"150\" height=\"150\" src=\"https:\/\/www.riogrande.rs.gov.br\/smed\/wp-content\/uploads\/2019\/05\/20190506-ped-sao_joao-WA0015-150x150.jpg\" class=\"attachment-thumbnail size-thumbnail\" alt=\"\" aria-describedby=\"gallery-1-32660\" \/><\/a>\n\t\t\t<\/dt>\n\t\t\t\t<dd class='wp-caption-text gallery-caption' id='gallery-1-32660'>\n\t\t\t\tDivulga\u00e7\u00e3o\n\t\t\t\t<\/dd><\/dl><br style=\"clear: both\" \/><dl class='gallery-item'>\n\t\t\t<dt class='gallery-icon portrait'>\n\t\t\t\t<a href='https:\/\/www.riogrande.rs.gov.br\/smed\/wp-content\/uploads\/2019\/05\/20190506-ped-sao_joao-WA0016.jpg' rel=\"lightbox[32658]\"><img loading=\"lazy\" decoding=\"async\" width=\"150\" height=\"150\" src=\"https:\/\/www.riogrande.rs.gov.br\/smed\/wp-content\/uploads\/2019\/05\/20190506-ped-sao_joao-WA0016-150x150.jpg\" class=\"attachment-thumbnail size-thumbnail\" alt=\"\" aria-describedby=\"gallery-1-32661\" \/><\/a>\n\t\t\t<\/dt>\n\t\t\t\t<dd class='wp-caption-text gallery-caption' id='gallery-1-32661'>\n\t\t\t\tDivulga\u00e7\u00e3o\n\t\t\t\t<\/dd><\/dl><dl class='gallery-item'>\n\t\t\t<dt class='gallery-icon portrait'>\n\t\t\t\t<a href='https:\/\/www.riogrande.rs.gov.br\/smed\/wp-content\/uploads\/2019\/05\/20190506-ped-sao_joao-WA0017.jpg' rel=\"lightbox[32658]\"><img loading=\"lazy\" decoding=\"async\" width=\"150\" height=\"150\" src=\"https:\/\/www.riogrande.rs.gov.br\/smed\/wp-content\/uploads\/2019\/05\/20190506-ped-sao_joao-WA0017-150x150.jpg\" class=\"attachment-thumbnail size-thumbnail\" alt=\"\" aria-describedby=\"gallery-1-32662\" \/><\/a>\n\t\t\t<\/dt>\n\t\t\t\t<dd class='wp-caption-text gallery-caption' id='gallery-1-32662'>\n\t\t\t\tDivulga\u00e7\u00e3o\n\t\t\t\t<\/dd><\/dl><br style=\"clear: both\" \/>\n\t\t<\/div>\n\n<p style=\"text-align: justify;\">Nesta segunda-feira, dia <b>06 de maio<\/b>, os alunos das turmas de 5\u00b0 ano da <strong>Escola Municipal de Ensino Fundamental<\/strong> <b>S\u00e3o Jo\u00e3o Batista<\/b>, que est\u00e1 localizada no bairro hom\u00f4nimo, receberam a visita do narrador esportivo da R\u00e1dio Zona Sul, <strong>Markinhos Xavier<\/strong>.<\/p>\n<p style=\"text-align: justify;\"><!--more--><\/p>\n<p style=\"text-align: justify;\">Markinhos ministrou a palestra &#8220;<b>A vida \u00e9 como um jogo de futebol, cada lance pode definir sua trajet\u00f3ria<\/b>&#8220;, contando um pouco da sua hist\u00f3ria e tendo participa\u00e7\u00f5es especiais exclusivas, via v\u00eddeo, de Luciano P\u00e9rico (RBS TV), Glauco Pasa (TV Globo), Lu\u00eds Elano (SPORT TV) e Lu\u00eds Soares (R\u00e1dio de Olho nos Esportes).<\/p>\n<p style=\"text-align: justify;\">A atividade \u00a0\u00e9 relacionada aos Projetos das turmas 50 (Era uma vez&#8230; muitas hist\u00f3rias) e 51 (A hist\u00f3ria de tudo), e foi organizada pela professora da turma 50, Suelen Hermann. A EMEF S\u00e3o Jo\u00e3o Batista foi a primeira Escola da cidade de Rio Grande a receber a palestra do profissional, que na sequ\u00eancia realizar\u00e1 a apresenta\u00e7\u00e3o e fala motivacional em outras institui\u00e7\u00f5es escolares do Munic\u00edpio.<\/p>\n<p>&nbsp;<\/p>\n<p style=\"text-align: right;\"><em>SMEd<\/em><br \/>\n<em>Roberton Reis<\/em><br \/>\n<em>Com informa\u00e7\u00f5es da EMEF S\u00e3o Jo\u00e3o Batista<\/em><\/p>\n","protected":false},"excerpt":{"rendered":"<p>Nesta segunda-feira, dia 06 de maio, os alunos das turmas de 5\u00b0 ano da Escola Municipal de Ensino Fundamental S\u00e3o Jo\u00e3o Batista, que est\u00e1 localizada no bairro hom\u00f4nimo, receberam a visita do narrador esportivo da R\u00e1dio Zona Sul, Markinhos Xavier.<\/p>\n","protected":false},"author":7,"featured_media":0,"comment_status":"closed","ping_status":"closed","sticky":false,"template":"","format":"standard","meta":{"footnotes":""},"categories":[1,13],"tags":[],"class_list":["post-32658","post","type-post","status-publish","format-standard","hentry","category-noticias","category-pedagogico"],"_links":{"self":[{"href":"https:\/\/www.riogrande.rs.gov.br\/smed\/index.php?rest_route=\/wp\/v2\/posts\/32658"}],"collection":[{"href":"https:\/\/www.riogrande.rs.gov.br\/smed\/index.php?rest_route=\/wp\/v2\/posts"}],"about":[{"href":"https:\/\/www.riogrande.rs.gov.br\/smed\/index.php?rest_route=\/wp\/v2\/types\/post"}],"author":[{"embeddable":true,"href":"https:\/\/www.riogrande.rs.gov.br\/smed\/index.php?rest_route=\/wp\/v2\/users\/7"}],"replies":[{"embeddable":true,"href":"https:\/\/www.riogrande.rs.gov.br\/smed\/index.php?rest_route=%2Fwp%2Fv2%2Fcomments&post=32658"}],"version-history":[{"count":2,"href":"https:\/\/www.riogrande.rs.gov.br\/smed\/index.php?rest_route=\/wp\/v2\/posts\/32658\/revisions"}],"predecessor-version":[{"id":32664,"href":"https:\/\/www.riogrande.rs.gov.br\/smed\/index.php?rest_route=\/wp\/v2\/posts\/32658\/revisions\/32664"}],"wp:attachment":[{"href":"https:\/\/www.riogrande.rs.gov.br\/smed\/index.php?rest_route=%2Fwp%2Fv2%2Fmedia&parent=32658"}],"wp:term":[{"taxonomy":"category","embeddable":true,"href":"https:\/\/www.riogrande.rs.gov.br\/smed\/index.php?rest_route=%2Fwp%2Fv2%2Fcategories&post=32658"},{"taxonomy":"post_tag","embeddable":true,"href":"https:\/\/www.riogrande.rs.gov.br\/smed\/index.php?rest_route=%2Fwp%2Fv2%2Ftags&post=32658"}],"curies":[{"name":"wp","href":"https:\/\/api.w.org\/{rel}","templated":true}]}}