{"id":32653,"date":"2019-05-06T16:20:28","date_gmt":"2019-05-06T19:20:28","guid":{"rendered":"http:\/\/www.riogrande.rs.gov.br\/smed\/?p=32653"},"modified":"2019-05-06T16:20:28","modified_gmt":"2019-05-06T19:20:28","slug":"emef-cidade-do-rio-grande-caic-promove-jantar-dancante-para-celebrar-seus-25-anos","status":"publish","type":"post","link":"https:\/\/www.riogrande.rs.gov.br\/smed\/?p=32653","title":{"rendered":"EMEF Cidade do Rio Grande\/CAIC promove \u201cJantar Dan\u00e7ante\u201d para celebrar seus \u201c25 anos\u201d"},"content":{"rendered":"<div id=\"attachment_32654\" style=\"width: 495px\" class=\"wp-caption aligncenter\"><a href=\"http:\/\/www.riogrande.rs.gov.br\/smed\/wp-content\/uploads\/2019\/05\/20190506-caic-image1.jpg\" rel=\"lightbox[32653]\"><img loading=\"lazy\" decoding=\"async\" aria-describedby=\"caption-attachment-32654\" class=\"size-medium wp-image-32654\" src=\"http:\/\/www.riogrande.rs.gov.br\/smed\/wp-content\/uploads\/2019\/05\/20190506-caic-image1-485x342.jpg\" alt=\"\" width=\"485\" height=\"342\" srcset=\"https:\/\/www.riogrande.rs.gov.br\/smed\/wp-content\/uploads\/2019\/05\/20190506-caic-image1-485x342.jpg 485w, https:\/\/www.riogrande.rs.gov.br\/smed\/wp-content\/uploads\/2019\/05\/20190506-caic-image1-768x541.jpg 768w, https:\/\/www.riogrande.rs.gov.br\/smed\/wp-content\/uploads\/2019\/05\/20190506-caic-image1-294x207.jpg 294w, https:\/\/www.riogrande.rs.gov.br\/smed\/wp-content\/uploads\/2019\/05\/20190506-caic-image1.jpg 800w\" sizes=\"(max-width: 485px) 100vw, 485px\" \/><\/a><p id=\"caption-attachment-32654\" class=\"wp-caption-text\">Divulga\u00e7\u00e3o<\/p><\/div>\n<p style=\"text-align: justify;\">A Escola Municipal de Ensino Fundamental<b> Cidade do Rio Grande\/CAIC <\/b>promover\u00e1, no dia<b> 24 de maio<\/b>, <b>\u00e0s 20h<\/b>, Jantar Dan\u00e7ante para celebrar os seus \u201c<b>25 anos<\/b>\u201d de trabalho e dedica\u00e7\u00e3o \u00e0 educa\u00e7\u00e3o da comunidade rio-grandina. Os convites podem ser adquiridos com a vice-diretora da Escola, Bruna Santos, pelo telefone (53) 3233-5078.<\/p>\n<p>&nbsp;<\/p>\n<p style=\"text-align: right;\"><em>SMEd<\/em><br \/>\n<em>Roberton Reis<\/em><br \/>\n<em>Com informa\u00e7\u00f5es da EMEF CIdade do Rio Grande\/CAIC<\/em><\/p>\n","protected":false},"excerpt":{"rendered":"<p>A Escola Municipal de Ensino Fundamental Cidade do Rio Grande\/CAIC promover\u00e1, no dia 24 de maio, \u00e0s 20h, Jantar Dan\u00e7ante para celebrar os seus \u201c25 anos\u201d de trabalho e dedica\u00e7\u00e3o \u00e0 educa\u00e7\u00e3o da comunidade rio-grandina. Os convites podem ser adquiridos com a vice-diretora da Escola, Bruna Santos, pelo telefone (53) 3233-5078. &nbsp; SMEd Roberton Reis [&hellip;]<\/p>\n","protected":false},"author":7,"featured_media":0,"comment_status":"closed","ping_status":"closed","sticky":false,"template":"","format":"standard","meta":{"footnotes":""},"categories":[1,13],"tags":[],"class_list":["post-32653","post","type-post","status-publish","format-standard","hentry","category-noticias","category-pedagogico"],"_links":{"self":[{"href":"https:\/\/www.riogrande.rs.gov.br\/smed\/index.php?rest_route=\/wp\/v2\/posts\/32653"}],"collection":[{"href":"https:\/\/www.riogrande.rs.gov.br\/smed\/index.php?rest_route=\/wp\/v2\/posts"}],"about":[{"href":"https:\/\/www.riogrande.rs.gov.br\/smed\/index.php?rest_route=\/wp\/v2\/types\/post"}],"author":[{"embeddable":true,"href":"https:\/\/www.riogrande.rs.gov.br\/smed\/index.php?rest_route=\/wp\/v2\/users\/7"}],"replies":[{"embeddable":true,"href":"https:\/\/www.riogrande.rs.gov.br\/smed\/index.php?rest_route=%2Fwp%2Fv2%2Fcomments&post=32653"}],"version-history":[{"count":1,"href":"https:\/\/www.riogrande.rs.gov.br\/smed\/index.php?rest_route=\/wp\/v2\/posts\/32653\/revisions"}],"predecessor-version":[{"id":32655,"href":"https:\/\/www.riogrande.rs.gov.br\/smed\/index.php?rest_route=\/wp\/v2\/posts\/32653\/revisions\/32655"}],"wp:attachment":[{"href":"https:\/\/www.riogrande.rs.gov.br\/smed\/index.php?rest_route=%2Fwp%2Fv2%2Fmedia&parent=32653"}],"wp:term":[{"taxonomy":"category","embeddable":true,"href":"https:\/\/www.riogrande.rs.gov.br\/smed\/index.php?rest_route=%2Fwp%2Fv2%2Fcategories&post=32653"},{"taxonomy":"post_tag","embeddable":true,"href":"https:\/\/www.riogrande.rs.gov.br\/smed\/index.php?rest_route=%2Fwp%2Fv2%2Ftags&post=32653"}],"curies":[{"name":"wp","href":"https:\/\/api.w.org\/{rel}","templated":true}]}}