{"id":32623,"date":"2019-05-03T18:48:25","date_gmt":"2019-05-03T21:48:25","guid":{"rendered":"http:\/\/www.riogrande.rs.gov.br\/smed\/?p=32623"},"modified":"2019-05-03T19:44:20","modified_gmt":"2019-05-03T22:44:20","slug":"smed-promovera-encontros-formativos-para-osas-professoresas-que-atuam-com-os-anos-finais-na-rede-municipal-durante-o-mes-de-maio","status":"publish","type":"post","link":"https:\/\/www.riogrande.rs.gov.br\/smed\/?p=32623","title":{"rendered":"SMEd promover\u00e1 Encontros Formativos para os(as) Professores(as) que atuam com os Anos Finais na Rede Municipal, durante o m\u00eas de Maio"},"content":{"rendered":"<p style=\"text-align: justify;\">A <strong>Secretaria de Munic\u00edpio da Educa\u00e7\u00e3o de Rio Grande<\/strong>, atrav\u00e9s do <strong>N\u00facleo dos Anos Finais<\/strong>, promover\u00e1, durante o m\u00eas de maio, encontros formativos para os(as) professores(as) que atuam com os Anos Finais nas escolas da rede p\u00fablica municipal de ensino. Confira na tabela abaixo o dia, a hora e o local dos encontros formativos de cada uma das \u00e1reas do conhecimento:<\/p>\n<p><!--more--><\/p>\n<table border=\"1px\" cellspacing=\"3px\" cellpadding=\"3px\">\n<tbody>\n<tr>\n<td><b>Data<\/b><\/td>\n<td><b>Hor\u00e1rio <\/b><\/td>\n<td><b>Local <\/b><\/td>\n<td><b>\u00c1rea do Conhecimento<\/b><\/td>\n<\/tr>\n<tr>\n<td>08\/05<\/td>\n<td>08h30min<\/td>\n<td>Audit\u00f3rio da EMEF Helena Small<\/td>\n<td>Portugu\u00eas e L\u00edngua Estrangeira<\/td>\n<\/tr>\n<tr>\n<td>14\/05<\/td>\n<td>08h30min<\/td>\n<td>Audit\u00f3rio da EMEF Helena Small<\/td>\n<td>Matem\u00e1tica e Ci\u00eancias<\/td>\n<\/tr>\n<tr>\n<td>21\/05<\/td>\n<td>08h30min<\/td>\n<td>Audit\u00f3rio da EMEF Helena Small<\/td>\n<td>Hist\u00f3ria e Geografia<\/td>\n<\/tr>\n<tr>\n<td>28\/05<\/td>\n<td>08h30min<\/td>\n<td>Audit\u00f3rio da EMEF Cipriano Porto Alegre<\/td>\n<td>Artes e Educa\u00e7\u00e3o F\u00edsica<\/td>\n<\/tr>\n<\/tbody>\n<\/table>\n<p>&nbsp;<\/p>\n<p style=\"text-align: right;\"><em>SMEd<\/em><br \/>\n<em>Roberton Reis<\/em><br \/>\n<em>Com informa\u00e7\u00f5es do N\u00facleo dos Anos Iniciais<\/em><\/p>\n","protected":false},"excerpt":{"rendered":"<p>A Secretaria de Munic\u00edpio da Educa\u00e7\u00e3o de Rio Grande, atrav\u00e9s do N\u00facleo dos Anos Finais, promover\u00e1, durante o m\u00eas de maio, encontros formativos para os(as) professores(as) que atuam com os Anos Finais nas escolas da rede p\u00fablica municipal de ensino. Confira na tabela abaixo o dia, a hora e o local dos encontros formativos de [&hellip;]<\/p>\n","protected":false},"author":7,"featured_media":0,"comment_status":"closed","ping_status":"closed","sticky":false,"template":"","format":"standard","meta":{"footnotes":""},"categories":[1,13],"tags":[],"class_list":["post-32623","post","type-post","status-publish","format-standard","hentry","category-noticias","category-pedagogico"],"_links":{"self":[{"href":"https:\/\/www.riogrande.rs.gov.br\/smed\/index.php?rest_route=\/wp\/v2\/posts\/32623"}],"collection":[{"href":"https:\/\/www.riogrande.rs.gov.br\/smed\/index.php?rest_route=\/wp\/v2\/posts"}],"about":[{"href":"https:\/\/www.riogrande.rs.gov.br\/smed\/index.php?rest_route=\/wp\/v2\/types\/post"}],"author":[{"embeddable":true,"href":"https:\/\/www.riogrande.rs.gov.br\/smed\/index.php?rest_route=\/wp\/v2\/users\/7"}],"replies":[{"embeddable":true,"href":"https:\/\/www.riogrande.rs.gov.br\/smed\/index.php?rest_route=%2Fwp%2Fv2%2Fcomments&post=32623"}],"version-history":[{"count":2,"href":"https:\/\/www.riogrande.rs.gov.br\/smed\/index.php?rest_route=\/wp\/v2\/posts\/32623\/revisions"}],"predecessor-version":[{"id":32625,"href":"https:\/\/www.riogrande.rs.gov.br\/smed\/index.php?rest_route=\/wp\/v2\/posts\/32623\/revisions\/32625"}],"wp:attachment":[{"href":"https:\/\/www.riogrande.rs.gov.br\/smed\/index.php?rest_route=%2Fwp%2Fv2%2Fmedia&parent=32623"}],"wp:term":[{"taxonomy":"category","embeddable":true,"href":"https:\/\/www.riogrande.rs.gov.br\/smed\/index.php?rest_route=%2Fwp%2Fv2%2Fcategories&post=32623"},{"taxonomy":"post_tag","embeddable":true,"href":"https:\/\/www.riogrande.rs.gov.br\/smed\/index.php?rest_route=%2Fwp%2Fv2%2Ftags&post=32623"}],"curies":[{"name":"wp","href":"https:\/\/api.w.org\/{rel}","templated":true}]}}