{"id":28827,"date":"2018-10-02T14:53:15","date_gmt":"2018-10-02T17:53:15","guid":{"rendered":"http:\/\/www.riogrande.rs.gov.br\/smed\/?p=28827"},"modified":"2018-10-02T14:53:15","modified_gmt":"2018-10-02T17:53:15","slug":"setembro-amarelo-emef-frederico-ernesto-buchholz-promove-atividades-para-a-comunidade-escolar","status":"publish","type":"post","link":"https:\/\/www.riogrande.rs.gov.br\/smed\/?p=28827","title":{"rendered":"\u201cSetembro Amarelo\u201d: EMEF Frederico Ernesto Buchholz promove atividades para a Comunidade Escolar"},"content":{"rendered":"\n\t\t<style type=\"text\/css\">\n\t\t\t#gallery-1 {\n\t\t\t\tmargin: auto;\n\t\t\t}\n\t\t\t#gallery-1 .gallery-item {\n\t\t\t\tfloat: left;\n\t\t\t\tmargin-top: 10px;\n\t\t\t\ttext-align: center;\n\t\t\t\twidth: 50%;\n\t\t\t}\n\t\t\t#gallery-1 img {\n\t\t\t\tborder: 2px solid #cfcfcf;\n\t\t\t}\n\t\t\t#gallery-1 .gallery-caption {\n\t\t\t\tmargin-left: 0;\n\t\t\t}\n\t\t\t\/* see gallery_shortcode() in wp-includes\/media.php *\/\n\t\t<\/style>\n\t\t<div id='gallery-1' class='gallery galleryid-28827 gallery-columns-2 gallery-size-thumbnail'><dl class='gallery-item'>\n\t\t\t<dt class='gallery-icon landscape'>\n\t\t\t\t<a href='https:\/\/www.riogrande.rs.gov.br\/smed\/wp-content\/uploads\/2018\/10\/20181002-ped-buchholz-image1.jpg' rel=\"lightbox[28827]\"><img loading=\"lazy\" decoding=\"async\" width=\"150\" height=\"150\" src=\"https:\/\/www.riogrande.rs.gov.br\/smed\/wp-content\/uploads\/2018\/10\/20181002-ped-buchholz-image1-150x150.jpg\" class=\"attachment-thumbnail size-thumbnail\" alt=\"\" aria-describedby=\"gallery-1-28828\" \/><\/a>\n\t\t\t<\/dt>\n\t\t\t\t<dd class='wp-caption-text gallery-caption' id='gallery-1-28828'>\n\t\t\t\tDivulga\u00e7\u00e3o\n\t\t\t\t<\/dd><\/dl><dl class='gallery-item'>\n\t\t\t<dt class='gallery-icon landscape'>\n\t\t\t\t<a href='https:\/\/www.riogrande.rs.gov.br\/smed\/wp-content\/uploads\/2018\/10\/20181002-ped-buchholz-image2.jpg' rel=\"lightbox[28827]\"><img loading=\"lazy\" decoding=\"async\" width=\"150\" height=\"150\" src=\"https:\/\/www.riogrande.rs.gov.br\/smed\/wp-content\/uploads\/2018\/10\/20181002-ped-buchholz-image2-150x150.jpg\" class=\"attachment-thumbnail size-thumbnail\" alt=\"\" aria-describedby=\"gallery-1-28829\" \/><\/a>\n\t\t\t<\/dt>\n\t\t\t\t<dd class='wp-caption-text gallery-caption' id='gallery-1-28829'>\n\t\t\t\tDivulga\u00e7\u00e3o\n\t\t\t\t<\/dd><\/dl><br style=\"clear: both\" \/><dl class='gallery-item'>\n\t\t\t<dt class='gallery-icon portrait'>\n\t\t\t\t<a href='https:\/\/www.riogrande.rs.gov.br\/smed\/wp-content\/uploads\/2018\/10\/20181002-ped-buchholz-image3.jpg' rel=\"lightbox[28827]\"><img loading=\"lazy\" decoding=\"async\" width=\"150\" height=\"150\" src=\"https:\/\/www.riogrande.rs.gov.br\/smed\/wp-content\/uploads\/2018\/10\/20181002-ped-buchholz-image3-150x150.jpg\" class=\"attachment-thumbnail size-thumbnail\" alt=\"\" aria-describedby=\"gallery-1-28830\" \/><\/a>\n\t\t\t<\/dt>\n\t\t\t\t<dd class='wp-caption-text gallery-caption' id='gallery-1-28830'>\n\t\t\t\tDivulga\u00e7\u00e3o\n\t\t\t\t<\/dd><\/dl><dl class='gallery-item'>\n\t\t\t<dt class='gallery-icon landscape'>\n\t\t\t\t<a href='https:\/\/www.riogrande.rs.gov.br\/smed\/wp-content\/uploads\/2018\/10\/20181002-ped-buchholz-image4.jpg' rel=\"lightbox[28827]\"><img loading=\"lazy\" decoding=\"async\" width=\"150\" height=\"150\" src=\"https:\/\/www.riogrande.rs.gov.br\/smed\/wp-content\/uploads\/2018\/10\/20181002-ped-buchholz-image4-150x150.jpg\" class=\"attachment-thumbnail size-thumbnail\" alt=\"\" aria-describedby=\"gallery-1-28831\" \/><\/a>\n\t\t\t<\/dt>\n\t\t\t\t<dd class='wp-caption-text gallery-caption' id='gallery-1-28831'>\n\t\t\t\tDivulga\u00e7\u00e3o\n\t\t\t\t<\/dd><\/dl><br style=\"clear: both\" \/>\n\t\t<\/div>\n\n<p style=\"text-align: justify;\">A equipe gestora e pedag\u00f3gica da Escola Municipal de Ensino Fundamental <b>Frederico Ernesto Buchholz<\/b>, que est\u00e1 localizada no bairro Jun\u00e7\u00e3o, tem promovido a\u00e7\u00f5es de preven\u00e7\u00e3o e combate \u00e0 depress\u00e3o e ao suic\u00eddio, sempre mantendo o lema do projeto que orienta as a\u00e7\u00f5es do ano letivo: &#8220;<b>Mais Amor Por Favor<\/b>&#8220;.<\/p>\n<p style=\"text-align: justify;\"><!--more--><\/p>\n<p style=\"text-align: justify;\">Na manh\u00e3 do dia <b>18 de setembro<\/b>, a Escola recebeu a Psic\u00f3loga Cl\u00e1udia Degani, que atua no Centro de Atendimento Psicossocial Infanto-Juvenil (CAPSi), e que falou aos estudantes dos Anos Finais sobre a campanha do \u201c<b>Setembro Amarelo<\/b>\u201d, bem como sobre a import\u00e2ncia de termos um olhar atento ao outro, no sentido de compreender os sinais de depress\u00e3o e as idea\u00e7\u00f5es suicidas. A psic\u00f3loga tamb\u00e9m ressaltou o quanto \u00e9 fundamental buscar ajuda e dialogar nos primeiros sinais da doen\u00e7a.<\/p>\n<p style=\"text-align: justify;\">Al\u00e9m do projeto semanal &#8220;<a href=\"http:\/\/www.riogrande.rs.gov.br\/smed\/?p=28007\" target=\"_blank\" rel=\"noopener\"><b>Eu tenho pressa, vamos nessa dire\u00e7\u00e3o<\/b><\/a>&#8220;, uma parceria da Orienta\u00e7\u00e3o e da Sala de Recursos da institui\u00e7\u00e3o, o qual j\u00e1 foi apresentado neste site, outra importante a\u00e7\u00e3o foi realizada no \u00faltimo s\u00e1bado, dia 29 de setembro, quando a Escola recebeu a Psicopedagoga e Coordenadora da Rede Fluxo Sa\u00fade Educa\u00e7\u00e3o, Ana Lopresti, que apresentou a tem\u00e1tica do \u201c<strong>Setembro Amarelo<\/strong>\u201d \u00e0s fam\u00edlias.<\/p>\n<p>&nbsp;<\/p>\n<p style=\"text-align: right;\"><em>SMEd<\/em><br \/>\n<em>Roberton Reis<\/em><br \/>\n<em>Com informa\u00e7\u00f5es da EMEF Frederico Ernesto Buchholz<\/em><\/p>\n","protected":false},"excerpt":{"rendered":"<p>A equipe gestora e pedag\u00f3gica da Escola Municipal de Ensino Fundamental Frederico Ernesto Buchholz, que est\u00e1 localizada no bairro Jun\u00e7\u00e3o, tem promovido a\u00e7\u00f5es de preven\u00e7\u00e3o e combate \u00e0 depress\u00e3o e ao suic\u00eddio, sempre mantendo o lema do projeto que orienta as a\u00e7\u00f5es do ano letivo: &#8220;Mais Amor Por Favor&#8220;.<\/p>\n","protected":false},"author":7,"featured_media":0,"comment_status":"closed","ping_status":"closed","sticky":false,"template":"","format":"standard","meta":{"footnotes":""},"categories":[1,13],"tags":[],"class_list":["post-28827","post","type-post","status-publish","format-standard","hentry","category-noticias","category-pedagogico"],"_links":{"self":[{"href":"https:\/\/www.riogrande.rs.gov.br\/smed\/index.php?rest_route=\/wp\/v2\/posts\/28827"}],"collection":[{"href":"https:\/\/www.riogrande.rs.gov.br\/smed\/index.php?rest_route=\/wp\/v2\/posts"}],"about":[{"href":"https:\/\/www.riogrande.rs.gov.br\/smed\/index.php?rest_route=\/wp\/v2\/types\/post"}],"author":[{"embeddable":true,"href":"https:\/\/www.riogrande.rs.gov.br\/smed\/index.php?rest_route=\/wp\/v2\/users\/7"}],"replies":[{"embeddable":true,"href":"https:\/\/www.riogrande.rs.gov.br\/smed\/index.php?rest_route=%2Fwp%2Fv2%2Fcomments&post=28827"}],"version-history":[{"count":1,"href":"https:\/\/www.riogrande.rs.gov.br\/smed\/index.php?rest_route=\/wp\/v2\/posts\/28827\/revisions"}],"predecessor-version":[{"id":28832,"href":"https:\/\/www.riogrande.rs.gov.br\/smed\/index.php?rest_route=\/wp\/v2\/posts\/28827\/revisions\/28832"}],"wp:attachment":[{"href":"https:\/\/www.riogrande.rs.gov.br\/smed\/index.php?rest_route=%2Fwp%2Fv2%2Fmedia&parent=28827"}],"wp:term":[{"taxonomy":"category","embeddable":true,"href":"https:\/\/www.riogrande.rs.gov.br\/smed\/index.php?rest_route=%2Fwp%2Fv2%2Fcategories&post=28827"},{"taxonomy":"post_tag","embeddable":true,"href":"https:\/\/www.riogrande.rs.gov.br\/smed\/index.php?rest_route=%2Fwp%2Fv2%2Ftags&post=28827"}],"curies":[{"name":"wp","href":"https:\/\/api.w.org\/{rel}","templated":true}]}}